{"id":7183,"date":"2013-02-22T15:27:25","date_gmt":"2013-02-22T12:27:25","guid":{"rendered":"https:\/\/www.enerjigazetesi.ist\/?p=7183"},"modified":"2013-02-22T15:27:25","modified_gmt":"2013-02-22T12:27:25","slug":"ipragazin-akaryakit-dagitimindaki-markasi-go","status":"publish","type":"post","link":"https:\/\/www.enerjigazetesi.ist\/en\/ipragazin-akaryakit-dagitimindaki-markasi-go\/","title":{"rendered":"(Turkish) \u0130pragaz\u2019\u0131n Akaryak\u0131t Da\u011f\u0131t\u0131m\u0131ndaki Markas\u0131: \u2018GO\u2019"},"content":{"rendered":"<p class=\"qtranxs-available-languages-message qtranxs-available-languages-message-en\">Sorry, this entry is only available in <a href=\"https:\/\/www.enerjigazetesi.ist\/tr\/wp-json\/wp\/v2\/posts\/7183\" class=\"qtranxs-available-language-link qtranxs-available-language-link-tr\" title=\"Turkish\">Turkish<\/a>. For the sake of viewer convenience, the content is shown below in the alternative language. You may click the link to switch the active language.<\/p><p><strong>T\u00fcrkiye enerji sekt\u00f6r\u00fcn\u00fcn \u201cMavi Dev\u201di \u0130pragaz, ger\u00e7ekle\u015ftirdi\u011fi bir\u00e7ok \u2018ilk\u2019 ve \u2018en\u2019lerin yan\u0131 s\u0131ra \u00f6nemli bir ad\u0131m daha atarak GO markas\u0131 ile akaryak\u0131t sekt\u00f6r\u00fcne giriyor. \u0130pragaz, \u00f6nc\u00fcl\u00fck etti\u011fi LPG\u2019nin yan\u0131 s\u0131ra ba\u015far\u0131lar\u0131n\u0131 Avrupa\u2019ya ta\u015f\u0131d\u0131\u011f\u0131 LNG da\u011f\u0131t\u0131m\u0131 ve ge\u00e7ti\u011fimiz y\u0131l ba\u015flayan \u2018elektrik toptan sat\u0131\u015f\u0131\u2019n\u0131n ard\u0131ndan akaryak\u0131t alan\u0131na da girerek, art\u0131k \u201ctek \u00e7at\u0131 alt\u0131nda komple \u00e7\u00f6z\u00fcmler sunan\u201d bir enerji markas\u0131na d\u00f6n\u00fc\u015f\u00fcyor.<\/strong><\/p>\n<p>\u0130pragaz Genel M\u00fcd\u00fcr Yard\u0131mc\u0131s\u0131 Ey\u00fcp Aratay, \u201cOtomotiv yak\u0131tlar\u0131ndaki tecr\u00fcbemiz ve bilgi birikimimizle, bug\u00fcn enerji puzzle\u2019n\u0131n son par\u00e7as\u0131 olan akaryak\u0131ta giri\u015fin ad\u0131m\u0131n\u0131 da sizlerin huzurunda ataca\u011f\u0131z\u201d diyen Aratay, bu ad\u0131m\u0131n \u0130pragaz i\u00e7in tarihi bir d\u00f6n\u00fcm noktas\u0131 oldu\u011funa dikkat \u00e7ekerek, \u201cBu ad\u0131mla birlikte \u0130pragaz, enerji pazar\u0131ndaki t\u00fcm ana segmentleri kapsayan ender \u015firketlerden biri olma yolundaki varl\u0131\u011f\u0131n\u0131 da ortaya koymu\u015f olacak. Ba\u015fka bir deyi\u015fle; bug\u00fcn burada sadece akaryak\u0131t alan\u0131na giri\u015fimize, akaryak\u0131t markam\u0131z\u0131 sizlere takdimimize de\u011fil, 52 y\u0131ll\u0131k \u2018Mavi Dev\u2019 \u0130pragaz\u2019\u0131n, bundan sonraki s\u00fcre\u00e7te \u2018bir enerji sa\u011flay\u0131c\u0131 \u015firket olma\u2019 yolundaki d\u00f6n\u00fc\u015f\u00fcm\u00fcne de \u015fahitlik etmi\u015f olacaks\u0131n\u0131z\u201d a\u00e7\u0131klamas\u0131nda bulundu.<\/p>\n<p><strong>\u0130pragaz\u2019\u0131n akaryak\u0131t pazar\u0131nda yer almas\u0131 bir \u2018gereklilik\u2019<\/strong><\/p>\n<p><img loading=\"lazy\" class=\"alignright size-medium wp-image-7184\" title=\"ipragaz-go-akaryakit-sektoru-505x336\" src=\"https:\/\/www.enerjigazetesi.ist\/wp-content\/uploads\/2013\/02\/ipragaz-go-akaryakit-sektoru-505x336-300x199.jpg\" alt=\"\" width=\"300\" height=\"199\" srcset=\"https:\/\/www.enerjigazetesi.ist\/wp-content\/uploads\/2013\/02\/ipragaz-go-akaryakit-sektoru-505x336-300x199.jpg 300w, https:\/\/www.enerjigazetesi.ist\/wp-content\/uploads\/2013\/02\/ipragaz-go-akaryakit-sektoru-505x336-500x332.jpg 500w, https:\/\/www.enerjigazetesi.ist\/wp-content\/uploads\/2013\/02\/ipragaz-go-akaryakit-sektoru-505x336-75x50.jpg 75w, https:\/\/www.enerjigazetesi.ist\/wp-content\/uploads\/2013\/02\/ipragaz-go-akaryakit-sektoru-505x336.jpg 505w\" sizes=\"(max-width: 300px) 100vw, 300px\" \/>D\u00fcnyada benzinden daha fazla LPG\u2019nin sat\u0131ld\u0131\u011f\u0131 tek \u00fclkenin T\u00fcrkiye oldu\u011funu belirten Ey\u00fcp Aratay, \u201cT\u00fcrkiye, d\u00fcnyada LPG\u2019li ara\u00e7 ve istasyon say\u0131lar\u0131nda 1\u2032nci, t\u00fcketim boyutunda ise 2\u2032nci s\u0131rada. Bug\u00fcn T\u00fcrkiye akaryak\u0131t pazar\u0131na bakt\u0131\u011f\u0131m\u0131zda, %77\u2032lik motorin, %13\u2032l\u00fck LPG ve %10\u2032luk benzin da\u011f\u0131l\u0131m\u0131n\u0131 g\u00f6r\u00fcyoruz. Bu a\u00e7\u0131dan otomotiv yak\u0131tlar\u0131 aras\u0131nda LPG\u2019nin yerine bak\u0131ld\u0131\u011f\u0131nda; \u0130pragaz gibi LPG konusunda uzmanla\u015fm\u0131\u015f olan bir \u015firketin akaryak\u0131t pazar\u0131nda yer almas\u0131n\u0131n da bir gereklilik oldu\u011fu kar\u015f\u0131m\u0131za \u00e7\u0131k\u0131yor\u201d dedi.<\/p>\n<p><strong>GO\u2019nun da\u011f\u0131t\u0131m sistemi BADO \u2013 Bayi Dostu olacak<\/strong><\/p>\n<p>\u0130pragaz\u2019\u0131n akaryak\u0131t da\u011f\u0131t\u0131m\u0131na y\u00f6nelmesini \u201c4 binden fazla bayiye sahip, 4 milyar litreden fazla otogaz satm\u0131\u015f, 17 y\u0131ld\u0131r otomotiv yak\u0131tlar\u0131 pazar\u0131nda olan ve ciddi sekt\u00f6rel tecr\u00fcbesi bulunan bir yap\u0131n\u0131n, bu sekt\u00f6rel tecr\u00fcbesini biraz daha geli\u015ftirerek yeni bir pozisyon almas\u0131\u201d olarak a\u00e7\u0131klayan Aratay, sistemlerinin ise BADO \u2013 Bayi Dostu olaca\u011f\u0131n\u0131 s\u00f6yledi.<\/p>\n<p><strong>GO\u2019nun vizyonu; \u201cyollar\u0131n en sayg\u0131n yak\u0131t istasyonu olmak\u201d<\/strong><\/p>\n<p>GO\u2019nun, \u2018daha iyisini hak edenlerin yeni nesil yak\u0131t istasyonu\u2019 olarak yola \u00e7\u0131kt\u0131\u011f\u0131n\u0131 vurgulayan Aratay, \u201cGO, S\u00fcrekli olarak kendini geli\u015ftirecek. \u0130pragaz\u2019dan ald\u0131\u011f\u0131 k\u00fclt\u00fcrel genlerle, titizlikle, adanm\u0131\u015fl\u0131kla, tutkusuyla, bunu yapmak i\u00e7in yollarda t\u00fcketicisiyle m\u00fc\u015fterisiyle beraber olacak. Markam\u0131z\u0131n vizyonu; \u2018yollar\u0131n en sayg\u0131n yak\u0131t istasyonu olmak\u2019 olacak\u201d a\u00e7\u0131klamas\u0131nda bulundu.<\/p>\n<p>Kaynak: <a href=\"http:\/\/enerjienstitusu.com\/2013\/02\/22\/ipragaz-akaryakit-dagitimina-go-markasiyla-girdi\/\" target=\"_blank\">Enerji Enstit\u00fcs\u00fc<\/a><\/p>","protected":false},"excerpt":{"rendered":"<p>Sorry, this entry is only available in Turkish. For the sake of viewer convenience, the content is shown below in the alternative language. You may click the link to switch the active language.T\u00fcrkiye enerji sekt\u00f6r\u00fcn\u00fcn \u201cMavi Dev\u201di \u0130pragaz, ger\u00e7ekle\u015ftirdi\u011fi bir\u00e7ok \u2018ilk\u2019 ve \u2018en\u2019lerin yan\u0131 s\u0131ra \u00f6nemli bir ad\u0131m daha atarak GO markas\u0131 ile akaryak\u0131t sekt\u00f6r\u00fcne [&hellip;]<\/p>\n","protected":false},"author":1,"featured_media":7184,"comment_status":"open","ping_status":"open","sticky":false,"template":"","format":"standard","meta":[],"categories":[53,44],"tags":[2514,67,2769,165,1913,2012,35369,2768,59],"views":1217,"_links":{"self":[{"href":"https:\/\/www.enerjigazetesi.ist\/en\/wp-json\/wp\/v2\/posts\/7183"}],"collection":[{"href":"https:\/\/www.enerjigazetesi.ist\/en\/wp-json\/wp\/v2\/posts"}],"about":[{"href":"https:\/\/www.enerjigazetesi.ist\/en\/wp-json\/wp\/v2\/types\/post"}],"author":[{"embeddable":true,"href":"https:\/\/www.enerjigazetesi.ist\/en\/wp-json\/wp\/v2\/users\/1"}],"replies":[{"embeddable":true,"href":"https:\/\/www.enerjigazetesi.ist\/en\/wp-json\/wp\/v2\/comments?post=7183"}],"version-history":[{"count":1,"href":"https:\/\/www.enerjigazetesi.ist\/en\/wp-json\/wp\/v2\/posts\/7183\/revisions"}],"predecessor-version":[{"id":7185,"href":"https:\/\/www.enerjigazetesi.ist\/en\/wp-json\/wp\/v2\/posts\/7183\/revisions\/7185"}],"wp:featuredmedia":[{"embeddable":true,"href":"https:\/\/www.enerjigazetesi.ist\/en\/wp-json\/wp\/v2\/media\/7184"}],"wp:attachment":[{"href":"https:\/\/www.enerjigazetesi.ist\/en\/wp-json\/wp\/v2\/media?parent=7183"}],"wp:term":[{"taxonomy":"category","embeddable":true,"href":"https:\/\/www.enerjigazetesi.ist\/en\/wp-json\/wp\/v2\/categories?post=7183"},{"taxonomy":"post_tag","embeddable":true,"href":"https:\/\/www.enerjigazetesi.ist\/en\/wp-json\/wp\/v2\/tags?post=7183"}],"curies":[{"name":"wp","href":"https:\/\/api.w.org\/{rel}","templated":true}]}}