{"id":71818,"date":"2018-02-22T17:46:47","date_gmt":"2018-02-22T14:46:47","guid":{"rendered":"https:\/\/www.enerjigazetesi.ist\/?p=71818"},"modified":"2018-02-22T17:50:12","modified_gmt":"2018-02-22T14:50:12","slug":"adm-elektrik-dagitim-egitim-merkezi-enerji-sektorune-ornek-oluyor","status":"publish","type":"post","link":"https:\/\/www.enerjigazetesi.ist\/en\/adm-elektrik-dagitim-egitim-merkezi-enerji-sektorune-ornek-oluyor\/","title":{"rendered":"(Turkish) ADM Elektrik Da\u011f\u0131t\u0131m E\u011fitim Merkezi Enerji Sekt\u00f6r\u00fcne \u00d6rnek Oluyor"},"content":{"rendered":"<p class=\"qtranxs-available-languages-message qtranxs-available-languages-message-en\">Sorry, this entry is only available in <a href=\"https:\/\/www.enerjigazetesi.ist\/tr\/wp-json\/wp\/v2\/posts\/71818\" class=\"qtranxs-available-language-link qtranxs-available-language-link-tr\" title=\"Turkish\">Turkish<\/a>. For the sake of viewer convenience, the content is shown below in the alternative language. You may click the link to switch the active language.<\/p><p><strong>Elektrik da\u011f\u0131t\u0131m sekt\u00f6r\u00fcne kazand\u0131rd\u0131\u011f\u0131 ilklerle ad\u0131ndan s\u0131k\u00e7a s\u00f6z ettiren ADM Elektrik Da\u011f\u0131t\u0131m; Yata\u011fan\u2019da 2017 y\u0131l\u0131nda hizmete a\u00e7t\u0131\u011f\u0131 E\u011fitim Merkezi ile de g\u00f6z dolduruyor. E\u011fitim Merkezinde yakla\u015f\u0131k 2500 \u015firket \u00e7al\u0131\u015fan\u0131na e\u011fitim verilmesi planlan\u0131yor. <\/strong><\/p>\n<p><strong>Sekt\u00f6r\u00fcn t\u00fcm e\u011fitim ihtiya\u00e7lar\u0131na uygun <\/strong><\/p>\n<p><img loading=\"lazy\" class=\"alignleft size-medium wp-image-71819\" src=\"https:\/\/www.enerjigazetesi.ist\/wp-content\/uploads\/2018\/02\/adm-elektrik-dagitim-egitim-merkezi-enerji-sektorune-ornek-oluyor-300x200.jpg\" alt=\"\" width=\"300\" height=\"200\" srcset=\"https:\/\/www.enerjigazetesi.ist\/wp-content\/uploads\/2018\/02\/adm-elektrik-dagitim-egitim-merkezi-enerji-sektorune-ornek-oluyor-300x200.jpg 300w, https:\/\/www.enerjigazetesi.ist\/wp-content\/uploads\/2018\/02\/adm-elektrik-dagitim-egitim-merkezi-enerji-sektorune-ornek-oluyor-500x334.jpg 500w, https:\/\/www.enerjigazetesi.ist\/wp-content\/uploads\/2018\/02\/adm-elektrik-dagitim-egitim-merkezi-enerji-sektorune-ornek-oluyor-75x50.jpg 75w, https:\/\/www.enerjigazetesi.ist\/wp-content\/uploads\/2018\/02\/adm-elektrik-dagitim-egitim-merkezi-enerji-sektorune-ornek-oluyor.jpg 590w\" sizes=\"(max-width: 300px) 100vw, 300px\" \/>\u0130lk planda \u015firket \u00e7al\u0131\u015fanlar\u0131 i\u00e7in tasarlan\u0131p faaliyete ge\u00e7irilen E\u011fitim Merkezi, sekt\u00f6r\u00fcn t\u00fcm e\u011fitim ihtiya\u00e7lar\u0131n\u0131 da kar\u015f\u0131layabilecek ko\u015fullara sahip. Operasyonel ihtiya\u00e7lara uygun teknik, fonksiyonel ve ki\u015fisel geli\u015fim e\u011fitimleri; alan\u0131nda uzman 40 ki\u015filik i\u00e7 e\u011fitmen kadrosu taraf\u0131ndan veriliyor. 2\u2019si teknik e\u011fitimler i\u00e7in ayr\u0131lm\u0131\u015f 5 e\u011fitim salonunda g\u00fcn i\u00e7erisinde 100 ki\u015fi e\u011fitim alabiliyor. Uygulamal\u0131 e\u011fitim sahas\u0131nda ise Mesleki Yeterlilik Kurumu\u2019nun s\u0131navlar\u0131n\u0131n yap\u0131ld\u0131\u011f\u0131 \u00f6zel bir alan mevcut.<\/p>\n<p><strong>ELDER ve EKAT e\u011fitimleri de verilecek<\/strong><\/p>\n<p>E\u011fitim Merkezi\u2019nde i\u015fe yeni ba\u015flayan \u00e7al\u0131\u015fanlara ar\u0131za \u2013 onar\u0131m &#8211; bak\u0131m, endeks okuma, tahakkuk i\u015flemleri gibi e\u011fitimler verilirken; yine \u015firkette \u00e7al\u0131\u015fmaya yeni ba\u015flayan m\u00fchendislere t\u00fcketicilerin ihtiya\u00e7lar\u0131na uygun ve uzun \u00f6m\u00fcrl\u00fc yat\u0131r\u0131m projelerinin etkin bir \u015fekilde haz\u0131rlanmas\u0131 ad\u0131na e\u011fitimler veriliyor. Hem ADM Elektrik Da\u011f\u0131t\u0131m b\u00fcnyesinde hem de y\u00fcklenici firmalar b\u00fcnyesinde \u00e7al\u0131\u015fan saha ekibi i\u00e7in y\u00fcksekte \u00e7al\u0131\u015fma ba\u015fta olmak \u00fczere zorlu saha ko\u015fullar\u0131na uygun \u00f6zel e\u011fitim programlar\u0131 uygulan\u0131yor.<\/p>\n<p>E\u011fitim Merkezi\u2019nde ELDER (Elektrik Da\u011f\u0131t\u0131m Hizmetleri Derne\u011fi) ve EKAT (Elektrik Kuvvetli Ak\u0131m Tesislerinde \u00c7al\u0131\u015fma Belgesi) e\u011fitimleri verilmesi de planlan\u0131yor.<\/p>\n<p><strong>E\u011fitim ve ya\u015fam kompleksi<\/strong><\/p>\n<p>Toplant\u0131 odalar\u0131, ofisler ile sosyal aktivite alanlar\u0131 ile \u015firketin adeta bir ya\u015fam kompleksi olarak tasarlad\u0131\u011f\u0131 E\u011fitim Merkezi, 72 yatak kapasitesi ile konaklama olana\u011f\u0131 da sunuyor. \u00d6zel aktivite ve spor alanlar\u0131 ile beraber kat\u0131l\u0131mc\u0131lar\u0131n t\u00fcm g\u00fcnl\u00fck ihtiya\u00e7lar\u0131 d\u00fc\u015f\u00fcn\u00fclerek haz\u0131rlanan E\u011fitim Merkezi\u2019nde kat\u0131l\u0131mc\u0131lar i\u00e7in sosyal &#8211; k\u00fclt\u00fcrel etkinlikler d\u00fczenleniyor. Yata\u011fan Termik Santrali\u2019ne d\u00fczenlenen teknik gezilerde ise kat\u0131l\u0131c\u0131mlar elektri\u011fin \u00fcretim a\u015famas\u0131 hakk\u0131nda da bilgi alabiliyor.<\/p>","protected":false},"excerpt":{"rendered":"<p>Sorry, this entry is only available in Turkish. For the sake of viewer convenience, the content is shown below in the alternative language. You may click the link to switch the active language.Elektrik da\u011f\u0131t\u0131m sekt\u00f6r\u00fcne kazand\u0131rd\u0131\u011f\u0131 ilklerle ad\u0131ndan s\u0131k\u00e7a s\u00f6z ettiren ADM Elektrik Da\u011f\u0131t\u0131m; Yata\u011fan\u2019da 2017 y\u0131l\u0131nda hizmete a\u00e7t\u0131\u011f\u0131 E\u011fitim Merkezi ile de g\u00f6z dolduruyor. [&hellip;]<\/p>\n","protected":false},"author":1,"featured_media":71819,"comment_status":"open","ping_status":"open","sticky":false,"template":"","format":"standard","meta":[],"categories":[51,53],"tags":[34979,26353,67,1009,23311],"views":950,"_links":{"self":[{"href":"https:\/\/www.enerjigazetesi.ist\/en\/wp-json\/wp\/v2\/posts\/71818"}],"collection":[{"href":"https:\/\/www.enerjigazetesi.ist\/en\/wp-json\/wp\/v2\/posts"}],"about":[{"href":"https:\/\/www.enerjigazetesi.ist\/en\/wp-json\/wp\/v2\/types\/post"}],"author":[{"embeddable":true,"href":"https:\/\/www.enerjigazetesi.ist\/en\/wp-json\/wp\/v2\/users\/1"}],"replies":[{"embeddable":true,"href":"https:\/\/www.enerjigazetesi.ist\/en\/wp-json\/wp\/v2\/comments?post=71818"}],"version-history":[{"count":2,"href":"https:\/\/www.enerjigazetesi.ist\/en\/wp-json\/wp\/v2\/posts\/71818\/revisions"}],"predecessor-version":[{"id":71821,"href":"https:\/\/www.enerjigazetesi.ist\/en\/wp-json\/wp\/v2\/posts\/71818\/revisions\/71821"}],"wp:featuredmedia":[{"embeddable":true,"href":"https:\/\/www.enerjigazetesi.ist\/en\/wp-json\/wp\/v2\/media\/71819"}],"wp:attachment":[{"href":"https:\/\/www.enerjigazetesi.ist\/en\/wp-json\/wp\/v2\/media?parent=71818"}],"wp:term":[{"taxonomy":"category","embeddable":true,"href":"https:\/\/www.enerjigazetesi.ist\/en\/wp-json\/wp\/v2\/categories?post=71818"},{"taxonomy":"post_tag","embeddable":true,"href":"https:\/\/www.enerjigazetesi.ist\/en\/wp-json\/wp\/v2\/tags?post=71818"}],"curies":[{"name":"wp","href":"https:\/\/api.w.org\/{rel}","templated":true}]}}