{"id":71806,"date":"2018-02-21T13:09:24","date_gmt":"2018-02-21T10:09:24","guid":{"rendered":"https:\/\/www.enerjigazetesi.ist\/?p=71806"},"modified":"2018-02-21T13:09:24","modified_gmt":"2018-02-21T10:09:24","slug":"elektrik-motorlu-otomobiller-otv-zammindan-etkilenmeyecek","status":"publish","type":"post","link":"https:\/\/www.enerjigazetesi.ist\/en\/elektrik-motorlu-otomobiller-otv-zammindan-etkilenmeyecek\/","title":{"rendered":"(Turkish) \u201cElektrik Motorlu Otomobiller \u00d6TV Zamm\u0131ndan Etkilenmeyecek\u201d"},"content":{"rendered":"<p class=\"qtranxs-available-languages-message qtranxs-available-languages-message-en\">Sorry, this entry is only available in <a href=\"https:\/\/www.enerjigazetesi.ist\/tr\/wp-json\/wp\/v2\/posts\/71806\" class=\"qtranxs-available-language-link qtranxs-available-language-link-tr\" title=\"Turkish\">Turkish<\/a>. For the sake of viewer convenience, the content is shown below in the alternative language. You may click the link to switch the active language.<\/p><p><strong>Maliye Bakanl\u0131\u011f\u0131ndan, elektrik motorlu otomobillerin \u00f6zel t\u00fcketim vergisine (\u00d6TV) bir kuru\u015f dahi zam yap\u0131lmayaca\u011f\u0131 bildirildi.<\/strong><\/p>\n<p>Bakanl\u0131ktan yap\u0131lan yaz\u0131l\u0131 a\u00e7\u0131klamada, bug\u00fcn bir gazetede \u201cMTV\u2019nin d\u0131\u015f\u0131nda \u2018Torba\u2019dan 10 kat\u0131n<strong><img loading=\"lazy\" class=\"alignright size-medium wp-image-16110\" src=\"https:\/\/www.enerjigazetesi.ist\/wp-content\/uploads\/2013\/10\/abd-de-evlere-elektrikli-otomobil-sarj-sebekesi-zorunlulugu-300x187.jpg\" alt=\"\" width=\"300\" height=\"187\" srcset=\"https:\/\/www.enerjigazetesi.ist\/wp-content\/uploads\/2013\/10\/abd-de-evlere-elektrikli-otomobil-sarj-sebekesi-zorunlulugu-300x187.jpg 300w, https:\/\/www.enerjigazetesi.ist\/wp-content\/uploads\/2013\/10\/abd-de-evlere-elektrikli-otomobil-sarj-sebekesi-zorunlulugu-80x50.jpg 80w, https:\/\/www.enerjigazetesi.ist\/wp-content\/uploads\/2013\/10\/abd-de-evlere-elektrikli-otomobil-sarj-sebekesi-zorunlulugu.jpg 460w\" sizes=\"(max-width: 300px) 100vw, 300px\" \/><\/strong> \u00fczerinde \u00d6TV art\u0131\u015f\u0131 \u00e7\u0131kt\u0131\u201d, \u201cElektrikli otoya s\u00fcper \u00d6TV zamm\u0131\u201d ba\u015fl\u0131klar\u0131yla bir haber yay\u0131nland\u0131\u011f\u0131 ifade edilerek, s\u00f6z konusu haberin kamuoyunda yanl\u0131\u015f anla\u015f\u0131lmaya sebep olmamas\u0131 i\u00e7in bilgilendirme yap\u0131lmas\u0131n\u0131n zaruri g\u00f6r\u00fcld\u00fc\u011f\u00fc belirtildi.<\/p>\n<p>Yap\u0131lan a\u00e7\u0131klamada, elektrik motorlu otomobillerde \u00d6TV\u2019nin 25 \u015eubat 2011\u2019de Resmi Gazete\u2019de yay\u0131mlanan 6111 say\u0131l\u0131 Kanun ile \u00d6TV Kanunu\u2019na ekli (II) say\u0131l\u0131 listede yap\u0131lan farkl\u0131la\u015ft\u0131rmaya istinaden, yine ayn\u0131 tarihli Bakanlar Kurulu karar\u0131yla ilk defa indirildi\u011fi ve 7 y\u0131ld\u0131r da indirimli olarak uyguland\u0131\u011f\u0131 belirtilerek, \u201c6111 say\u0131l\u0131 Kanun ile de\u011fi\u015ftirilen \u00d6TV Kanunu\u2019na ekli II say\u0131l\u0131 listenin yetki kullan\u0131lmadan \u00f6nceki orijinal haline bak\u0131l\u0131rsa g\u00f6r\u00fclecektir ki elektrikli otomobiller i\u00e7in bu kanundaki vergi oranlar\u0131 da y\u00fczde 37 ile y\u00fczde 84 aras\u0131nda de\u011fi\u015fmektedir\u201d denildi.<\/p>","protected":false},"excerpt":{"rendered":"<p>Sorry, this entry is only available in Turkish. For the sake of viewer convenience, the content is shown below in the alternative language. You may click the link to switch the active language.Maliye Bakanl\u0131\u011f\u0131ndan, elektrik motorlu otomobillerin \u00f6zel t\u00fcketim vergisine (\u00d6TV) bir kuru\u015f dahi zam yap\u0131lmayaca\u011f\u0131 bildirildi. Bakanl\u0131ktan yap\u0131lan yaz\u0131l\u0131 a\u00e7\u0131klamada, bug\u00fcn bir gazetede \u201cMTV\u2019nin [&hellip;]<\/p>\n","protected":false},"author":1,"featured_media":16110,"comment_status":"open","ping_status":"open","sticky":false,"template":"","format":"standard","meta":[],"categories":[51,53],"tags":[36890,215,1270,36891,67,1009,1082,1946,7069],"views":527,"_links":{"self":[{"href":"https:\/\/www.enerjigazetesi.ist\/en\/wp-json\/wp\/v2\/posts\/71806"}],"collection":[{"href":"https:\/\/www.enerjigazetesi.ist\/en\/wp-json\/wp\/v2\/posts"}],"about":[{"href":"https:\/\/www.enerjigazetesi.ist\/en\/wp-json\/wp\/v2\/types\/post"}],"author":[{"embeddable":true,"href":"https:\/\/www.enerjigazetesi.ist\/en\/wp-json\/wp\/v2\/users\/1"}],"replies":[{"embeddable":true,"href":"https:\/\/www.enerjigazetesi.ist\/en\/wp-json\/wp\/v2\/comments?post=71806"}],"version-history":[{"count":1,"href":"https:\/\/www.enerjigazetesi.ist\/en\/wp-json\/wp\/v2\/posts\/71806\/revisions"}],"predecessor-version":[{"id":71807,"href":"https:\/\/www.enerjigazetesi.ist\/en\/wp-json\/wp\/v2\/posts\/71806\/revisions\/71807"}],"wp:featuredmedia":[{"embeddable":true,"href":"https:\/\/www.enerjigazetesi.ist\/en\/wp-json\/wp\/v2\/media\/16110"}],"wp:attachment":[{"href":"https:\/\/www.enerjigazetesi.ist\/en\/wp-json\/wp\/v2\/media?parent=71806"}],"wp:term":[{"taxonomy":"category","embeddable":true,"href":"https:\/\/www.enerjigazetesi.ist\/en\/wp-json\/wp\/v2\/categories?post=71806"},{"taxonomy":"post_tag","embeddable":true,"href":"https:\/\/www.enerjigazetesi.ist\/en\/wp-json\/wp\/v2\/tags?post=71806"}],"curies":[{"name":"wp","href":"https:\/\/api.w.org\/{rel}","templated":true}]}}