{"id":71800,"date":"2018-02-21T12:31:31","date_gmt":"2018-02-21T09:31:31","guid":{"rendered":"https:\/\/www.enerjigazetesi.ist\/?p=71800"},"modified":"2018-02-21T12:31:31","modified_gmt":"2018-02-21T09:31:31","slug":"kuraklik-nedeniyle-elektrik-fiyatlari-artacak","status":"publish","type":"post","link":"https:\/\/www.enerjigazetesi.ist\/en\/kuraklik-nedeniyle-elektrik-fiyatlari-artacak\/","title":{"rendered":"(Turkish) Kurakl\u0131k Nedeniyle Elektrik Fiyatlar\u0131 Artacak"},"content":{"rendered":"<p class=\"qtranxs-available-languages-message qtranxs-available-languages-message-en\">Sorry, this entry is only available in <a href=\"https:\/\/www.enerjigazetesi.ist\/tr\/wp-json\/wp\/v2\/posts\/71800\" class=\"qtranxs-available-language-link qtranxs-available-language-link-tr\" title=\"Turkish\">Turkish<\/a>. For the sake of viewer convenience, the content is shown below in the alternative language. You may click the link to switch the active language.<\/p><p><strong>Son aylarda hava s\u0131cakl\u0131\u011f\u0131n\u0131n mevsim normallerinin \u00fczerinde seyretmesi, dengelerin de de\u011fi\u015fmesine neden oldu. Kurakl\u0131k nedeniyle barajlarda su seviyesinin y\u00fckselmemesi, elektrik \u00fcretimini de bu \u015fekilde etkiledi.<img loading=\"lazy\" class=\"alignright wp-image-38794 size-medium\" src=\"https:\/\/www.enerjigazetesi.ist\/wp-content\/uploads\/2015\/04\/abden-elektrik-uretimine-verilen-devlet-destekleri-hakkinda-sorusturma-300x211.jpg\" alt=\"kuraklik-nedeniyle-elektrik-fiyatlari-artacak\" width=\"300\" height=\"211\" srcset=\"https:\/\/www.enerjigazetesi.ist\/wp-content\/uploads\/2015\/04\/abden-elektrik-uretimine-verilen-devlet-destekleri-hakkinda-sorusturma-300x211.jpg 300w, https:\/\/www.enerjigazetesi.ist\/wp-content\/uploads\/2015\/04\/abden-elektrik-uretimine-verilen-devlet-destekleri-hakkinda-sorusturma-500x352.jpg 500w, https:\/\/www.enerjigazetesi.ist\/wp-content\/uploads\/2015\/04\/abden-elektrik-uretimine-verilen-devlet-destekleri-hakkinda-sorusturma-70x50.jpg 70w, https:\/\/www.enerjigazetesi.ist\/wp-content\/uploads\/2015\/04\/abden-elektrik-uretimine-verilen-devlet-destekleri-hakkinda-sorusturma.jpg 870w\" sizes=\"(max-width: 300px) 100vw, 300px\" \/><\/strong><\/p>\n<p>Buna g\u00f6re HES\u2019lerle ilgili plan da suya d\u00fc\u015ferken, do\u011falgaz\u0131n etkisi \u00f6n planda yer al\u0131yor. Bu nedenle de Gazprom, petroldeki fiyat art\u0131\u015flar\u0131n\u0131 nisan ay\u0131ndan itibaren hazirana kadar yans\u0131tm\u0131\u015f durumda. E\u011fer ki nisan ay\u0131ndan sonra yeterli kadar ya\u011f\u0131\u015f mevcut olmazsa, elektrik fiyatlar\u0131nda art\u0131\u015f olacak.<\/p>\n<p>\u00dclkemizde mevsim normallerinin \u00fczerinde seyreden hava durumu, barajlar\u0131n dolmas\u0131n\u0131 da engelledi. Buna g\u00f6re g\u00f6zler de elektrik \u00fcretimi i\u00e7in \u00f6n plana \u00e7\u0131kacak olan do\u011falgaz santrallerine \u00e7evrildi. Buna g\u00f6re 2018\u2019in ikinci \u00e7eyre\u011finde do\u011falgaz fiyatlar\u0131 da art\u0131\u015fa u\u011frayacak. T\u00fcrkiye\u2019de do\u011falgaz fiyatlar\u0131n\u0131 etkileyen ba\u015fl\u0131ca fakt\u00f6rlerden biri de Rusya\u2019n\u0131n enerji devi Gazprom. Gazprom, \u00fclkeye ihra\u00e7 edece\u011fi do\u011falgaz i\u00e7in nisan ay\u0131ndan itibaren zam yapmay\u0131 planl\u0131yor. Bu zam, \u00f6zel sekt\u00f6rdeki muhtelif ithalat\u00e7\u0131lar ile BOTA\u015e\u2019\u0131 da etkileyecek. Dolay\u0131s\u0131yla elektrik fiyatlar\u0131 vatanda\u015f\u0131n cebine de dokunacak&#8230;<\/p>","protected":false},"excerpt":{"rendered":"<p>Sorry, this entry is only available in Turkish. For the sake of viewer convenience, the content is shown below in the alternative language. You may click the link to switch the active language.Son aylarda hava s\u0131cakl\u0131\u011f\u0131n\u0131n mevsim normallerinin \u00fczerinde seyretmesi, dengelerin de de\u011fi\u015fmesine neden oldu. Kurakl\u0131k nedeniyle barajlarda su seviyesinin y\u00fckselmemesi, elektrik \u00fcretimini de bu [&hellip;]<\/p>\n","protected":false},"author":1,"featured_media":38794,"comment_status":"open","ping_status":"open","sticky":false,"template":"","format":"standard","meta":[],"categories":[51,53],"tags":[92,1363,34979,343,26353,67,1009,1277,34926,12313],"views":851,"_links":{"self":[{"href":"https:\/\/www.enerjigazetesi.ist\/en\/wp-json\/wp\/v2\/posts\/71800"}],"collection":[{"href":"https:\/\/www.enerjigazetesi.ist\/en\/wp-json\/wp\/v2\/posts"}],"about":[{"href":"https:\/\/www.enerjigazetesi.ist\/en\/wp-json\/wp\/v2\/types\/post"}],"author":[{"embeddable":true,"href":"https:\/\/www.enerjigazetesi.ist\/en\/wp-json\/wp\/v2\/users\/1"}],"replies":[{"embeddable":true,"href":"https:\/\/www.enerjigazetesi.ist\/en\/wp-json\/wp\/v2\/comments?post=71800"}],"version-history":[{"count":1,"href":"https:\/\/www.enerjigazetesi.ist\/en\/wp-json\/wp\/v2\/posts\/71800\/revisions"}],"predecessor-version":[{"id":71801,"href":"https:\/\/www.enerjigazetesi.ist\/en\/wp-json\/wp\/v2\/posts\/71800\/revisions\/71801"}],"wp:featuredmedia":[{"embeddable":true,"href":"https:\/\/www.enerjigazetesi.ist\/en\/wp-json\/wp\/v2\/media\/38794"}],"wp:attachment":[{"href":"https:\/\/www.enerjigazetesi.ist\/en\/wp-json\/wp\/v2\/media?parent=71800"}],"wp:term":[{"taxonomy":"category","embeddable":true,"href":"https:\/\/www.enerjigazetesi.ist\/en\/wp-json\/wp\/v2\/categories?post=71800"},{"taxonomy":"post_tag","embeddable":true,"href":"https:\/\/www.enerjigazetesi.ist\/en\/wp-json\/wp\/v2\/tags?post=71800"}],"curies":[{"name":"wp","href":"https:\/\/api.w.org\/{rel}","templated":true}]}}