{"id":71777,"date":"2018-02-20T14:18:09","date_gmt":"2018-02-20T11:18:09","guid":{"rendered":"https:\/\/www.enerjigazetesi.ist\/?p=71777"},"modified":"2018-02-20T14:18:09","modified_gmt":"2018-02-20T11:18:09","slug":"gunumuzde-artik-catilarda-gunes-santrali-kurup-elektrik-satmak-kolaylasti","status":"publish","type":"post","link":"https:\/\/www.enerjigazetesi.ist\/en\/gunumuzde-artik-catilarda-gunes-santrali-kurup-elektrik-satmak-kolaylasti\/","title":{"rendered":"(Turkish) G\u00fcn\u00fcm\u00fczde Art\u0131k \u00c7at\u0131larda G\u00fcne\u015f Santrali Kurup Elektrik Satmak Kolayla\u015ft\u0131"},"content":{"rendered":"<p class=\"qtranxs-available-languages-message qtranxs-available-languages-message-en\">Sorry, this entry is only available in <a href=\"https:\/\/www.enerjigazetesi.ist\/tr\/wp-json\/wp\/v2\/posts\/71777\" class=\"qtranxs-available-language-link qtranxs-available-language-link-tr\" title=\"Turkish\">Turkish<\/a>. For the sake of viewer convenience, the content is shown below in the alternative language. You may click the link to switch the active language.<\/p><p><strong>\u00c7at\u0131da g\u00fcne\u015f enerji sistemlerinin saha sistemlerinden farkl\u0131 y\u00f6n\u00fcn\u00fcn, ekipman olarak daha ekonomik oldu\u011funu belirten Uluslararas\u0131 G\u00fcne\u015f Enerjisi Toplulu\u011fu T\u00fcrkiye B\u00f6l\u00fcm\u00fc (G\u00dcNDER) Y\u00f6netim Kurulu Ba\u015fkan\u0131 Kutay Kaleli taraf\u0131ndan bu sistemlerde mekanik ta\u015f\u0131y\u0131c\u0131 aksamlar\u0131n bulunmad\u0131\u011f\u0131n\u0131 belirterek, sahada yap\u0131lan bir hafriyat \u00e7al\u0131\u015fmas\u0131n\u0131n bulunmad\u0131\u011f\u0131n\u0131 ifadelerine yer verildi. Kaleli, tel, \u00e7it \u00e7al\u0131\u015fmas\u0131, g\u00fcvenlik kameras\u0131 <img loading=\"lazy\" class=\"alignleft size-medium wp-image-71778\" src=\"https:\/\/www.enerjigazetesi.ist\/wp-content\/uploads\/2018\/02\/artik-catilarda-gunes-santrali-kurup-elektrik-satmak-kolaylasti-300x158.jpg\" alt=\"\" width=\"300\" height=\"158\" srcset=\"https:\/\/www.enerjigazetesi.ist\/wp-content\/uploads\/2018\/02\/artik-catilarda-gunes-santrali-kurup-elektrik-satmak-kolaylasti-300x158.jpg 300w, https:\/\/www.enerjigazetesi.ist\/wp-content\/uploads\/2018\/02\/artik-catilarda-gunes-santrali-kurup-elektrik-satmak-kolaylasti-768x403.jpg 768w, https:\/\/www.enerjigazetesi.ist\/wp-content\/uploads\/2018\/02\/artik-catilarda-gunes-santrali-kurup-elektrik-satmak-kolaylasti-1024x538.jpg 1024w, https:\/\/www.enerjigazetesi.ist\/wp-content\/uploads\/2018\/02\/artik-catilarda-gunes-santrali-kurup-elektrik-satmak-kolaylasti-500x263.jpg 500w, https:\/\/www.enerjigazetesi.ist\/wp-content\/uploads\/2018\/02\/artik-catilarda-gunes-santrali-kurup-elektrik-satmak-kolaylasti-80x42.jpg 80w, https:\/\/www.enerjigazetesi.ist\/wp-content\/uploads\/2018\/02\/artik-catilarda-gunes-santrali-kurup-elektrik-satmak-kolaylasti.jpg 1200w\" sizes=\"(max-width: 300px) 100vw, 300px\" \/>ihtiyac\u0131n\u0131n bulunmamas\u0131n\u0131n yan\u0131 s\u0131ra \u00e7at\u0131 tipi santrallerin, saha tipi santrallere g\u00f6re ekipman a\u00e7\u0131s\u0131ndan biraz daha uygun fiyatl\u0131 oldu\u011funu anlatt\u0131.<\/strong><\/p>\n<p>Apartman\u0131n \u00e7at\u0131 ve cephelerinde \u00fcretilecek ihtiya\u00e7 fazlas\u0131 elektri\u011fin sat\u0131\u015f\u0131nda aboneler i\u00e7in vergi muafiyeti i\u00e7eren maddelerinin onayland\u0131\u011f\u0131n\u0131 dile getiren Kaleli, bu geli\u015fme sayesinde \u00e7at\u0131 g\u00fcne\u015f sistemlerinin kullan\u0131m\u0131n\u0131n artaca\u011f\u0131n\u0131 ifade etti.<\/p>\n<p>T\u00fcrkiye\u2019nin do\u011fal kaynaklar\u0131n\u0131n yeterli oldu\u011funu ve g\u00fcne\u015f enerjisinden elektrik \u00fcretimi i\u00e7in \u00e7ok verimli oldu\u011funu vurgulayan G\u00dcNDER Ba\u015fkan\u0131 Kaleli, yenilenebilir enerji kaynaklar\u0131n\u0131 daha verimli ve s\u00fcrd\u00fcr\u00fclebilir \u015fekilde kullan\u0131lmas\u0131na y\u00f6nelik \u00e7al\u0131\u015fmalar\u0131n sonu\u00e7 verdi\u011fini dile getirdi. Kurulum maliyetine ili\u015fkin bilgilendirme yapan Kaleli, \u00e7at\u0131 g\u00fcne\u015f enerji sistemi maliyetinin \u00e7at\u0131 ko\u015fullar\u0131na g\u00f6re de\u011fi\u015fim g\u00f6sterdi\u011fini fakat 10 kilovat kurulu g\u00fcce sahip bir \u00e7at\u0131 sistemi i\u00e7in 10 bin dolarl\u0131k maliyet hesab\u0131 yap\u0131ld\u0131\u011f\u0131n\u0131 anlatt\u0131. \u015eu anki d\u00f6viz kuruna g\u00f6re sistemin maliyetinin 35 bin lira ila 40 bin lira aras\u0131nda olaca\u011f\u0131n\u0131 ifade eden Kaleli, bu maliyetin yat\u0131r\u0131mlar\u0131n bulundu\u011fu yere, \u00e7at\u0131n\u0131n ko\u015fullar\u0131na g\u00f6re de\u011fi\u015fti\u011fini belirterek, yat\u0131r\u0131m\u0131n 6 ila 8 sene aras\u0131nda kendini amorte edece\u011fine dikkat \u00e7ekti.<\/p>","protected":false},"excerpt":{"rendered":"<p>Sorry, this entry is only available in Turkish. For the sake of viewer convenience, the content is shown below in the alternative language. You may click the link to switch the active language.\u00c7at\u0131da g\u00fcne\u015f enerji sistemlerinin saha sistemlerinden farkl\u0131 y\u00f6n\u00fcn\u00fcn, ekipman olarak daha ekonomik oldu\u011funu belirten Uluslararas\u0131 G\u00fcne\u015f Enerjisi Toplulu\u011fu T\u00fcrkiye B\u00f6l\u00fcm\u00fc (G\u00dcNDER) Y\u00f6netim Kurulu [&hellip;]<\/p>\n","protected":false},"author":1,"featured_media":71778,"comment_status":"open","ping_status":"open","sticky":false,"template":"","format":"standard","meta":[],"categories":[53,49,18007],"tags":[34548,68,67,1009,1382,23416,23133,23131,1383,508],"views":983,"_links":{"self":[{"href":"https:\/\/www.enerjigazetesi.ist\/en\/wp-json\/wp\/v2\/posts\/71777"}],"collection":[{"href":"https:\/\/www.enerjigazetesi.ist\/en\/wp-json\/wp\/v2\/posts"}],"about":[{"href":"https:\/\/www.enerjigazetesi.ist\/en\/wp-json\/wp\/v2\/types\/post"}],"author":[{"embeddable":true,"href":"https:\/\/www.enerjigazetesi.ist\/en\/wp-json\/wp\/v2\/users\/1"}],"replies":[{"embeddable":true,"href":"https:\/\/www.enerjigazetesi.ist\/en\/wp-json\/wp\/v2\/comments?post=71777"}],"version-history":[{"count":1,"href":"https:\/\/www.enerjigazetesi.ist\/en\/wp-json\/wp\/v2\/posts\/71777\/revisions"}],"predecessor-version":[{"id":71779,"href":"https:\/\/www.enerjigazetesi.ist\/en\/wp-json\/wp\/v2\/posts\/71777\/revisions\/71779"}],"wp:featuredmedia":[{"embeddable":true,"href":"https:\/\/www.enerjigazetesi.ist\/en\/wp-json\/wp\/v2\/media\/71778"}],"wp:attachment":[{"href":"https:\/\/www.enerjigazetesi.ist\/en\/wp-json\/wp\/v2\/media?parent=71777"}],"wp:term":[{"taxonomy":"category","embeddable":true,"href":"https:\/\/www.enerjigazetesi.ist\/en\/wp-json\/wp\/v2\/categories?post=71777"},{"taxonomy":"post_tag","embeddable":true,"href":"https:\/\/www.enerjigazetesi.ist\/en\/wp-json\/wp\/v2\/tags?post=71777"}],"curies":[{"name":"wp","href":"https:\/\/api.w.org\/{rel}","templated":true}]}}