{"id":71706,"date":"2018-02-18T16:10:48","date_gmt":"2018-02-18T13:10:48","guid":{"rendered":"https:\/\/www.enerjigazetesi.ist\/?p=71706"},"modified":"2018-02-18T16:11:34","modified_gmt":"2018-02-18T13:11:34","slug":"v-istanbul-karbon-zirvesine-enerji-sektorunden-ilgi-oldukca-yuksek","status":"publish","type":"post","link":"https:\/\/www.enerjigazetesi.ist\/en\/v-istanbul-karbon-zirvesine-enerji-sektorunden-ilgi-oldukca-yuksek\/","title":{"rendered":"(Turkish) V. Karbon Zirvesi\u2019ne Enerji Sekt\u00f6r\u00fcnden \u0130lgi Olduk\u00e7a Y\u00fcksek!"},"content":{"rendered":"<p class=\"qtranxs-available-languages-message qtranxs-available-languages-message-en\">Sorry, this entry is only available in <a href=\"https:\/\/www.enerjigazetesi.ist\/tr\/wp-json\/wp\/v2\/posts\/71706\" class=\"qtranxs-available-language-link qtranxs-available-language-link-tr\" title=\"Turkish\">Turkish<\/a>. For the sake of viewer convenience, the content is shown below in the alternative language. You may click the link to switch the active language.<\/p><p><strong>Prof. Filiz Karaosmano\u011flu taraf\u0131ndan V. \u0130stanbul Karbon Zirvesi i\u00e7in enerji sekt\u00f6r\u00fcn\u00fcn ilgisinin y\u00fcksek oldu\u011fu ve sorumluluklar\u0131n bilincinde ilerlendi\u011fi dile getirildi.<\/strong><\/p>\n<p>Prof. Filiz Karaosmano\u011flu yapt\u0131\u011f\u0131 a\u00e7\u0131klamada, &#8220;V. \u0130stanbul Karbon Zirvesi&#8221; i\u00e7in enerji sekt\u00f6r\u00fcm\u00fcz\u00fcn<img loading=\"lazy\" class=\"alignright size-medium wp-image-45997\" src=\"https:\/\/www.enerjigazetesi.ist\/wp-content\/uploads\/2015\/10\/istanbul-karbon-zirvesinde-online-kayitlar-basladi-300x227.jpg\" alt=\"\" width=\"300\" height=\"227\" srcset=\"https:\/\/www.enerjigazetesi.ist\/wp-content\/uploads\/2015\/10\/istanbul-karbon-zirvesinde-online-kayitlar-basladi-300x227.jpg 300w, https:\/\/www.enerjigazetesi.ist\/wp-content\/uploads\/2015\/10\/istanbul-karbon-zirvesinde-online-kayitlar-basladi-65x50.jpg 65w, https:\/\/www.enerjigazetesi.ist\/wp-content\/uploads\/2015\/10\/istanbul-karbon-zirvesinde-online-kayitlar-basladi.jpg 443w\" sizes=\"(max-width: 300px) 100vw, 300px\" \/> ilgisi y\u00fcksek. Enerjinin \u00fcretilirken ve t\u00fcketilirken neden oldu\u011fu sera gaz\u0131 sal\u0131mlar\u0131n\u0131 azaltmak i\u00e7in sekt\u00f6r\u00fcm\u00fcz sorumluluklar\u0131n\u0131n bilincinde ilerlemekteyiz. Bu y\u0131ldan ba\u015flayarak I. Ulusal Enerji Verimlili\u011fi Eylem Plan\u0131&#8217;n\u0131 uygularken ger\u00e7ekle\u015fecek sera gaz\u0131 azalt\u0131m\u0131 ile, \u00fclkemizin iklim de\u011fi\u015fimine direnci de art\u0131\u015f g\u00f6sterecek. Karbonun iyi y\u00f6neten enerji kurulu\u015flar\u0131m\u0131z\u0131 zirvemize ve D\u00fc\u015f\u00fck Karbon Kahraman\u0131 \u00d6d\u00fcl\u00fc&#8217;m\u00fcze aday olmaya davet ediyorum&#8221; ifadelerini kulland\u0131.<\/p>\n<p><strong>SERA GAZI C\u0130MR\u0130LER\u0130 \u00d6D\u00dcLLER\u0130N\u0130 ALACAK<\/strong><\/p>\n<p>Zirvede sera gaz\u0131 cimrileri, karbon azalt\u0131m\u0131 kurum ve ki\u015fi ba\u015far\u0131lar\u0131NA &#8220;D\u00fc\u015f\u00fck Karbon Kahraman\u0131 \u00d6d\u00fcl\u00fc&#8221; verilecek. IV. \u0130stanbul Karbon Zirvesi Sonu\u00e7 Raporu ve Sunum E-Kitab\u0131&#8217;n\u0131n S\u00dcT-D web sitesinde yer ald\u0131\u011f\u0131 zirvede &#8220;K\u00fc\u00e7\u00fck Karbon Kahramanlar\u0131&#8221; zirvenin b\u00fcy\u00fck s\u00fcprizi olarak yer alacak.<\/p>\n<p>Detayl\u0131 Bilgi \u0130\u00e7in: <a href=\"http:\/\/www.istanbulcarbonsummit.org\" target=\"_blank\" rel=\"noopener\">www.istanbulcarbonsummit.org<\/a> web sitesini ziyaret edebilirsiniz.<\/p>","protected":false},"excerpt":{"rendered":"<p>Sorry, this entry is only available in Turkish. For the sake of viewer convenience, the content is shown below in the alternative language. You may click the link to switch the active language.Prof. Filiz Karaosmano\u011flu taraf\u0131ndan V. \u0130stanbul Karbon Zirvesi i\u00e7in enerji sekt\u00f6r\u00fcn\u00fcn ilgisinin y\u00fcksek oldu\u011fu ve sorumluluklar\u0131n bilincinde ilerlendi\u011fi dile getirildi. Prof. Filiz Karaosmano\u011flu [&hellip;]<\/p>\n","protected":false},"author":1,"featured_media":45997,"comment_status":"open","ping_status":"open","sticky":false,"template":"","format":"standard","meta":[],"categories":[53,52],"tags":[67,1009,12,36853,36852,36349,793],"views":1069,"_links":{"self":[{"href":"https:\/\/www.enerjigazetesi.ist\/en\/wp-json\/wp\/v2\/posts\/71706"}],"collection":[{"href":"https:\/\/www.enerjigazetesi.ist\/en\/wp-json\/wp\/v2\/posts"}],"about":[{"href":"https:\/\/www.enerjigazetesi.ist\/en\/wp-json\/wp\/v2\/types\/post"}],"author":[{"embeddable":true,"href":"https:\/\/www.enerjigazetesi.ist\/en\/wp-json\/wp\/v2\/users\/1"}],"replies":[{"embeddable":true,"href":"https:\/\/www.enerjigazetesi.ist\/en\/wp-json\/wp\/v2\/comments?post=71706"}],"version-history":[{"count":2,"href":"https:\/\/www.enerjigazetesi.ist\/en\/wp-json\/wp\/v2\/posts\/71706\/revisions"}],"predecessor-version":[{"id":71708,"href":"https:\/\/www.enerjigazetesi.ist\/en\/wp-json\/wp\/v2\/posts\/71706\/revisions\/71708"}],"wp:featuredmedia":[{"embeddable":true,"href":"https:\/\/www.enerjigazetesi.ist\/en\/wp-json\/wp\/v2\/media\/45997"}],"wp:attachment":[{"href":"https:\/\/www.enerjigazetesi.ist\/en\/wp-json\/wp\/v2\/media?parent=71706"}],"wp:term":[{"taxonomy":"category","embeddable":true,"href":"https:\/\/www.enerjigazetesi.ist\/en\/wp-json\/wp\/v2\/categories?post=71706"},{"taxonomy":"post_tag","embeddable":true,"href":"https:\/\/www.enerjigazetesi.ist\/en\/wp-json\/wp\/v2\/tags?post=71706"}],"curies":[{"name":"wp","href":"https:\/\/api.w.org\/{rel}","templated":true}]}}