{"id":71693,"date":"2018-02-17T18:50:08","date_gmt":"2018-02-17T15:50:08","guid":{"rendered":"https:\/\/www.enerjigazetesi.ist\/?p=71693"},"modified":"2018-02-17T18:50:08","modified_gmt":"2018-02-17T15:50:08","slug":"adana-osbde-catilarda-ges-uygulama-firsatlari-semineri-yapildi","status":"publish","type":"post","link":"https:\/\/www.enerjigazetesi.ist\/en\/adana-osbde-catilarda-ges-uygulama-firsatlari-semineri-yapildi\/","title":{"rendered":"(Turkish) Adana OSB\u2019de \u201c\u00c7at\u0131larda GES Uygulama F\u0131rsatlar\u0131\u201d Semineri Yap\u0131ld\u0131"},"content":{"rendered":"<p class=\"qtranxs-available-languages-message qtranxs-available-languages-message-en\">Sorry, this entry is only available in <a href=\"https:\/\/www.enerjigazetesi.ist\/tr\/wp-json\/wp\/v2\/posts\/71693\" class=\"qtranxs-available-language-link qtranxs-available-language-link-tr\" title=\"Turkish\">Turkish<\/a>. For the sake of viewer convenience, the content is shown below in the alternative language. You may click the link to switch the active language.<\/p><p><strong>Yenilenebilir enerji kaynaklar\u0131n\u0131n \u00f6neminin giderek artt\u0131\u011f\u0131 g\u00fcn\u00fcm\u00fczde; AOSB ve G\u00fcne\u015f Enerjisi Sanayicileri ve End\u00fcstrisi Derne\u011fi (GENSED) i\u015fbirli\u011fi ile \u201c\u00c7at\u0131larda GES Uygulama F\u0131rsatlar\u0131\u201d konulu seminer ger\u00e7ekle\u015ftirildi.<\/strong><\/p>\n<p>AOSB\u2019nin Y\u00f6netim Kurulu Ba\u015fkan\u0131 Bekir S\u00fctc\u00fc, seminerin a\u00e7\u0131l\u0131\u015f\u0131ndaki konu\u015fmas\u0131nda, sanayiciler i\u00e7in enerjinin \u00f6nemine ve artan maliyetlere dikkat \u00e7ekerek AOSB Ba\u015fkan\u0131 ve Organize Sanayi B\u00f6lgeleri \u00dcst <img loading=\"lazy\" class=\"alignleft size-medium wp-image-71694\" src=\"https:\/\/www.enerjigazetesi.ist\/wp-content\/uploads\/2018\/02\/adana-osbde-catilarda-ges-uygulama-firsatlari-semineri-yapildi-300x184.jpg\" alt=\"\" width=\"300\" height=\"184\" srcset=\"https:\/\/www.enerjigazetesi.ist\/wp-content\/uploads\/2018\/02\/adana-osbde-catilarda-ges-uygulama-firsatlari-semineri-yapildi-300x184.jpg 300w, https:\/\/www.enerjigazetesi.ist\/wp-content\/uploads\/2018\/02\/adana-osbde-catilarda-ges-uygulama-firsatlari-semineri-yapildi-768x472.jpg 768w, https:\/\/www.enerjigazetesi.ist\/wp-content\/uploads\/2018\/02\/adana-osbde-catilarda-ges-uygulama-firsatlari-semineri-yapildi-500x307.jpg 500w, https:\/\/www.enerjigazetesi.ist\/wp-content\/uploads\/2018\/02\/adana-osbde-catilarda-ges-uygulama-firsatlari-semineri-yapildi-80x50.jpg 80w, https:\/\/www.enerjigazetesi.ist\/wp-content\/uploads\/2018\/02\/adana-osbde-catilarda-ges-uygulama-firsatlari-semineri-yapildi.jpg 960w\" sizes=\"(max-width: 300px) 100vw, 300px\" \/>Kurulu\u015fu (OSB\u00dcK) Ba\u015fkan Yard\u0131mc\u0131s\u0131 S\u00fctc\u00fc, 1 Nisan tarihinden itibaren de yeni bir tarifenin gelece\u011fini \u201cson kaynak kullan\u0131m tarifesi\u201d diye tabir edilen bu uygulama ile elektrik t\u00fcketim birim maliyetlerinde ciddi art\u0131\u015flar olaca\u011f\u0131n\u0131, bu nedenle GES yat\u0131r\u0131mlar\u0131n\u0131n daha cazip hale gelece\u011fini s\u00f6yledi.<\/p>\n<p>Yap\u0131lan konu\u015fmalardan sonra iki oturum halinde ger\u00e7ekle\u015fen seminerin birinci b\u00f6l\u00fcm\u00fcnde, \u00c7at\u0131lardaki GES\u2019lerin ticarethane, sanayi ve in\u015faat uygulamalar\u0131ndaki teknolojik geli\u015fmeler ve kalite kontrol\u00fc, 2. oturumunda ise \u00e7at\u0131 pazar\u0131ndaki mevzuat ve finans konular\u0131 masaya yat\u0131r\u0131ld\u0131. GENSED Genel Sekreteri Hakan Erkan\u2019\u0131n Moderat\u00f6rl\u00fc\u011f\u00fcnde ger\u00e7ekle\u015fen oturumlarda, Zorlu Solar Teknik Uzman\u0131 Ahmet Vehip Bask\u0131n, Kaco New Energy Sat\u0131\u015f M\u00fchendisi G\u00fcl\u015fah Mersin, TSE M\u00fchendisi Sad\u0131k Esim, Zorlu Solar \u0130\u015f Geli\u015ftirme M\u00fcd\u00fcr\u00fc Onur \u00d6mer Bayraktaro\u011flu ve TURSEFF-T\u00fcrkiye S\u00fcrd\u00fcr\u00fclebilir Enerji Finansman Program\u0131 Banka \u0130li\u015fkileri M\u00fcd\u00fcr\u00fc Seyran Hatipo\u011flu sunum ger\u00e7ekle\u015ftirerek bilgi payla\u015f\u0131m\u0131 yapt\u0131lar. Ard\u0131ndan kar\u015f\u0131l\u0131kl\u0131 soru cevap \u015feklinde g\u00f6r\u00fc\u015f al\u0131\u015fveri\u015fi yap\u0131larak interaktif bir ortamda \u00e7ok verimli bir seminer d\u00fczenlendi.<\/p>","protected":false},"excerpt":{"rendered":"<p>Sorry, this entry is only available in Turkish. For the sake of viewer convenience, the content is shown below in the alternative language. You may click the link to switch the active language.Yenilenebilir enerji kaynaklar\u0131n\u0131n \u00f6neminin giderek artt\u0131\u011f\u0131 g\u00fcn\u00fcm\u00fczde; AOSB ve G\u00fcne\u015f Enerjisi Sanayicileri ve End\u00fcstrisi Derne\u011fi (GENSED) i\u015fbirli\u011fi ile \u201c\u00c7at\u0131larda GES Uygulama F\u0131rsatlar\u0131\u201d konulu [&hellip;]<\/p>\n","protected":false},"author":1,"featured_media":71694,"comment_status":"open","ping_status":"open","sticky":false,"template":"","format":"standard","meta":[],"categories":[53,49,18007],"tags":[972,36850,19,67,1009,727,2326,23416,15237,23131,9073,508],"views":1482,"_links":{"self":[{"href":"https:\/\/www.enerjigazetesi.ist\/en\/wp-json\/wp\/v2\/posts\/71693"}],"collection":[{"href":"https:\/\/www.enerjigazetesi.ist\/en\/wp-json\/wp\/v2\/posts"}],"about":[{"href":"https:\/\/www.enerjigazetesi.ist\/en\/wp-json\/wp\/v2\/types\/post"}],"author":[{"embeddable":true,"href":"https:\/\/www.enerjigazetesi.ist\/en\/wp-json\/wp\/v2\/users\/1"}],"replies":[{"embeddable":true,"href":"https:\/\/www.enerjigazetesi.ist\/en\/wp-json\/wp\/v2\/comments?post=71693"}],"version-history":[{"count":1,"href":"https:\/\/www.enerjigazetesi.ist\/en\/wp-json\/wp\/v2\/posts\/71693\/revisions"}],"predecessor-version":[{"id":71695,"href":"https:\/\/www.enerjigazetesi.ist\/en\/wp-json\/wp\/v2\/posts\/71693\/revisions\/71695"}],"wp:featuredmedia":[{"embeddable":true,"href":"https:\/\/www.enerjigazetesi.ist\/en\/wp-json\/wp\/v2\/media\/71694"}],"wp:attachment":[{"href":"https:\/\/www.enerjigazetesi.ist\/en\/wp-json\/wp\/v2\/media?parent=71693"}],"wp:term":[{"taxonomy":"category","embeddable":true,"href":"https:\/\/www.enerjigazetesi.ist\/en\/wp-json\/wp\/v2\/categories?post=71693"},{"taxonomy":"post_tag","embeddable":true,"href":"https:\/\/www.enerjigazetesi.ist\/en\/wp-json\/wp\/v2\/tags?post=71693"}],"curies":[{"name":"wp","href":"https:\/\/api.w.org\/{rel}","templated":true}]}}