{"id":71688,"date":"2018-02-17T18:25:55","date_gmt":"2018-02-17T15:25:55","guid":{"rendered":"https:\/\/www.enerjigazetesi.ist\/?p=71688"},"modified":"2018-02-19T09:40:01","modified_gmt":"2018-02-19T06:40:01","slug":"catilarda-3-bin-850-megavatlik-potansiyel-mevcut","status":"publish","type":"post","link":"https:\/\/www.enerjigazetesi.ist\/en\/catilarda-3-bin-850-megavatlik-potansiyel-mevcut\/","title":{"rendered":"(Turkish) Telemcio\u011flu: \u00c7at\u0131larda 3 Bin 850 Megavatl\u0131k Potansiyel Mevcut!"},"content":{"rendered":"<p class=\"qtranxs-available-languages-message qtranxs-available-languages-message-en\">Sorry, this entry is only available in <a href=\"https:\/\/www.enerjigazetesi.ist\/tr\/wp-json\/wp\/v2\/posts\/71688\" class=\"qtranxs-available-language-link qtranxs-available-language-link-tr\" title=\"Turkish\">Turkish<\/a>. For the sake of viewer convenience, the content is shown below in the alternative language. You may click the link to switch the active language.<\/p><p><strong>Uluslararas\u0131 G\u00fcne\u015f Enerjisi Toplulu\u011fu T\u00fcrkiye B\u00f6l\u00fcm\u00fc (G\u00dcNDER) Genel Sekreteri Faruk Telemcio\u011flu taraf\u0131ndan T\u00fcrkiye\u2019de binalardaki \u00e7at\u0131lara kurulacak g\u00fcne\u015f panellerinin \u015febeke kapasitesinin 6 bin 500 megavat oldu\u011fu ifade edilerek, \u201cBinalarda hane halk\u0131 gelir d\u00fczeyi a\u00e7\u0131s\u0131ndan de\u011ferlendirildi\u011finde ise \u00e7at\u0131 \u00fczerine kurulabilecek g\u00fcne\u015f enerjisi potansiyeli 3 bin 850 megavat seviyesindedir.\u201d denildi.<\/strong><\/p>\n<p>Telemcio\u011flu yapt\u0131\u011f\u0131 a\u00e7\u0131klamada, binalarda \u00e7at\u0131 \u00fcst\u00fc g\u00fcne\u015f enerjisi sistemlerine y\u00f6nelik ge\u00e7ti\u011fimiz y\u0131l ba\u015flat\u0131lan mevzuat \u00e7al\u0131\u015fmalar\u0131yla elektrik \u00fcretiminde \u00e7e\u015fitlili\u011fin artaca\u011f\u0131n\u0131 dile getirerek, binalar\u0131n \u00e7at\u0131 <img loading=\"lazy\" class=\"alignright size-medium wp-image-71689\" src=\"https:\/\/www.enerjigazetesi.ist\/wp-content\/uploads\/2018\/02\/catilarda-3-bin-850-megavatlik-potansiyel-mevcut-300x178.jpg\" alt=\"\" width=\"300\" height=\"178\" srcset=\"https:\/\/www.enerjigazetesi.ist\/wp-content\/uploads\/2018\/02\/catilarda-3-bin-850-megavatlik-potansiyel-mevcut-300x178.jpg 300w, https:\/\/www.enerjigazetesi.ist\/wp-content\/uploads\/2018\/02\/catilarda-3-bin-850-megavatlik-potansiyel-mevcut-768x457.jpg 768w, https:\/\/www.enerjigazetesi.ist\/wp-content\/uploads\/2018\/02\/catilarda-3-bin-850-megavatlik-potansiyel-mevcut-500x297.jpg 500w, https:\/\/www.enerjigazetesi.ist\/wp-content\/uploads\/2018\/02\/catilarda-3-bin-850-megavatlik-potansiyel-mevcut-80x48.jpg 80w, https:\/\/www.enerjigazetesi.ist\/wp-content\/uploads\/2018\/02\/catilarda-3-bin-850-megavatlik-potansiyel-mevcut.jpg 900w\" sizes=\"(max-width: 300px) 100vw, 300px\" \/>ve cephelerinde 10 kilovata kadar g\u00fcne\u015f paneli kurulumu yap\u0131labilece\u011fini ve bu s\u00fcre\u00e7te ba\u015fvuru ve onay prosed\u00fcr\u00fcn\u00fcn basitle\u015ftirildi\u011fini aktard\u0131.<\/p>\n<p>T\u00fcrkiye\u2019de 9 milyonun \u00fczerinde binan\u0131n yer ald\u0131\u011f\u0131n\u0131 belirten Telemcio\u011flu, &#8220;Ortalama olarak 1 kilovatl\u0131k bir sistem i\u00e7in yakla\u015f\u0131k 10 metrekare alan gerekmektedir. \u015eebeke kapasitelerine bak\u0131ld\u0131\u011f\u0131nda kurulabilecek maksimum g\u00fcne\u015f enerjisi paneli 6 bin 500 megavat&#8217;t\u0131r&#8221; dedi.<\/p>\n<p>Ayr\u0131ca Telemcio\u011flu, \u00e7at\u0131larda kurulacak g\u00fcne\u015f sistemlerinin \u00e7at\u0131 santrallerinin yayg\u0131nla\u015ft\u0131rarak fark\u0131ndal\u0131k meydana gelebilmesi i\u00e7in sat\u0131n alma garantili tarife uygulamas\u0131na ge\u00e7ilebilece\u011fini s\u00f6yleyerek,\u00a0hibe ve te\u015fvikler ile uygun bir mevzuat d\u00fczenlemesinin \u00e7at\u0131larda g\u00fcne\u015f enerjisi kurulumlar\u0131n\u0131 art\u0131raca\u011f\u0131n\u0131n vurgusunu da yapt\u0131.<\/p>\n<p>Haberin <a href=\"http:\/\/solar.ist\/catida-3-bin-850-megavatlik-potansiyel-var\/\" target=\"_blank\" rel=\"noopener\">Devam\u0131 \u0130\u00e7in TIKLAYINIZ&gt;&gt;&gt;<\/a><\/p>","protected":false},"excerpt":{"rendered":"<p>Sorry, this entry is only available in Turkish. For the sake of viewer convenience, the content is shown below in the alternative language. You may click the link to switch the active language.Uluslararas\u0131 G\u00fcne\u015f Enerjisi Toplulu\u011fu T\u00fcrkiye B\u00f6l\u00fcm\u00fc (G\u00dcNDER) Genel Sekreteri Faruk Telemcio\u011flu taraf\u0131ndan T\u00fcrkiye\u2019de binalardaki \u00e7at\u0131lara kurulacak g\u00fcne\u015f panellerinin \u015febeke kapasitesinin 6 bin 500 [&hellip;]<\/p>\n","protected":false},"author":1,"featured_media":71689,"comment_status":"open","ping_status":"open","sticky":false,"template":"","format":"standard","meta":[],"categories":[53,49,18007],"tags":[35224,67,1009,23416,23131],"views":981,"_links":{"self":[{"href":"https:\/\/www.enerjigazetesi.ist\/en\/wp-json\/wp\/v2\/posts\/71688"}],"collection":[{"href":"https:\/\/www.enerjigazetesi.ist\/en\/wp-json\/wp\/v2\/posts"}],"about":[{"href":"https:\/\/www.enerjigazetesi.ist\/en\/wp-json\/wp\/v2\/types\/post"}],"author":[{"embeddable":true,"href":"https:\/\/www.enerjigazetesi.ist\/en\/wp-json\/wp\/v2\/users\/1"}],"replies":[{"embeddable":true,"href":"https:\/\/www.enerjigazetesi.ist\/en\/wp-json\/wp\/v2\/comments?post=71688"}],"version-history":[{"count":5,"href":"https:\/\/www.enerjigazetesi.ist\/en\/wp-json\/wp\/v2\/posts\/71688\/revisions"}],"predecessor-version":[{"id":71726,"href":"https:\/\/www.enerjigazetesi.ist\/en\/wp-json\/wp\/v2\/posts\/71688\/revisions\/71726"}],"wp:featuredmedia":[{"embeddable":true,"href":"https:\/\/www.enerjigazetesi.ist\/en\/wp-json\/wp\/v2\/media\/71689"}],"wp:attachment":[{"href":"https:\/\/www.enerjigazetesi.ist\/en\/wp-json\/wp\/v2\/media?parent=71688"}],"wp:term":[{"taxonomy":"category","embeddable":true,"href":"https:\/\/www.enerjigazetesi.ist\/en\/wp-json\/wp\/v2\/categories?post=71688"},{"taxonomy":"post_tag","embeddable":true,"href":"https:\/\/www.enerjigazetesi.ist\/en\/wp-json\/wp\/v2\/tags?post=71688"}],"curies":[{"name":"wp","href":"https:\/\/api.w.org\/{rel}","templated":true}]}}