{"id":71666,"date":"2018-02-16T12:58:43","date_gmt":"2018-02-16T09:58:43","guid":{"rendered":"https:\/\/www.enerjigazetesi.ist\/?p=71666"},"modified":"2018-02-16T13:00:20","modified_gmt":"2018-02-16T10:00:20","slug":"binalara-yonelik-ulusal-veri-tabani-olusturulacak","status":"publish","type":"post","link":"https:\/\/www.enerjigazetesi.ist\/en\/binalara-yonelik-ulusal-veri-tabani-olusturulacak\/","title":{"rendered":"(Turkish) Binalara Y\u00f6nelik Ulusal Veri Taban\u0131 Olu\u015fturulacak"},"content":{"rendered":"<p class=\"qtranxs-available-languages-message qtranxs-available-languages-message-en\">Sorry, this entry is only available in <a href=\"https:\/\/www.enerjigazetesi.ist\/tr\/wp-json\/wp\/v2\/posts\/71666\" class=\"qtranxs-available-language-link qtranxs-available-language-link-tr\" title=\"Turkish\">Turkish<\/a>. For the sake of viewer convenience, the content is shown below in the alternative language. You may click the link to switch the active language.<\/p><p><strong>Ulusal Enerji Verimlili\u011fi Eylem Plan\u0131 kapsam\u0131nda, T\u00fcrkiye&#8217;de binalara ili\u015fkin ba\u015fl\u0131ca \u00f6zelliklerle birlikte kentsel ve k\u0131rsal alanlardaki binalar\u0131n say\u0131s\u0131 ve tipolojisini i\u00e7eren bir envanter geli\u015ftirilecek. Belirli \u00f6l\u00e7ekteki binalar\u0131n ger\u00e7ek enerji t\u00fcketim ve emisyon verilerinin toplanmas\u0131, k\u0131yaslama yap\u0131lmas\u0131 ve binalar\u0131n enerji verimlili\u011fi a\u00e7\u0131s\u0131ndan <img loading=\"lazy\" class=\"alignright size-medium wp-image-71667\" src=\"https:\/\/www.enerjigazetesi.ist\/wp-content\/uploads\/2018\/02\/binalara-yonelik-ulusal-veri-tabani-olusturulacak-300x200.jpg\" alt=\"\" width=\"300\" height=\"200\" srcset=\"https:\/\/www.enerjigazetesi.ist\/wp-content\/uploads\/2018\/02\/binalara-yonelik-ulusal-veri-tabani-olusturulacak-300x200.jpg 300w, https:\/\/www.enerjigazetesi.ist\/wp-content\/uploads\/2018\/02\/binalara-yonelik-ulusal-veri-tabani-olusturulacak-500x333.jpg 500w, https:\/\/www.enerjigazetesi.ist\/wp-content\/uploads\/2018\/02\/binalara-yonelik-ulusal-veri-tabani-olusturulacak-75x50.jpg 75w, https:\/\/www.enerjigazetesi.ist\/wp-content\/uploads\/2018\/02\/binalara-yonelik-ulusal-veri-tabani-olusturulacak.jpg 708w\" sizes=\"(max-width: 300px) 100vw, 300px\" \/>de\u011ferlendirilmesinin yap\u0131labilece\u011fi bir ulusal veri taban\u0131 olu\u015fturulacak.<\/strong><\/p>\n<p>Binalarda enerji verimlili\u011finin art\u0131r\u0131lmas\u0131 ve halk\u0131n bilin\u00e7lendirilmesi i\u00e7in k\u0131lavuz ve rehber dok\u00fcmanlar haz\u0131rlanacak. Yeni binalar\u0131n &#8220;C&#8221; olan asgari enerji performans s\u0131n\u0131f\u0131n\u0131n &#8220;B&#8221; veya &#8220;A&#8221; s\u0131n\u0131f\u0131na y\u00fckseltilebilmesi i\u00e7in yap\u0131lacak yat\u0131r\u0131mlar \u00f6zendirilerek, bina sahiplerine do\u011frudan veya dolayl\u0131 destek sa\u011flanmas\u0131 planlan\u0131yor.<\/p>\n<p>Ge\u00e7ti\u011fimiz g\u00fcnlerde Enerji ve Tabii Kaynaklar Bakanl\u0131\u011f\u0131nca a\u00e7\u0131klanan eylem plan\u0131 \u00e7er\u00e7evesinde, T\u00fcrkiye\u2019nin ithal enerjiye ba\u011fl\u0131l\u0131\u011f\u0131n\u0131 azaltmak i\u00e7in yerli ve yenilenebilir enerji kaynaklar\u0131n\u0131n kullan\u0131m\u0131n\u0131n te\u015fvik edilmesi ve binalar\u0131n enerji verimlili\u011finin artt\u0131r\u0131lmas\u0131yla \u00f6nemli bir tasarrufun sa\u011flanmas\u0131 ama\u00e7lan\u0131yor.<\/p>","protected":false},"excerpt":{"rendered":"<p>Sorry, this entry is only available in Turkish. For the sake of viewer convenience, the content is shown below in the alternative language. You may click the link to switch the active language.Ulusal Enerji Verimlili\u011fi Eylem Plan\u0131 kapsam\u0131nda, T\u00fcrkiye&#8217;de binalara ili\u015fkin ba\u015fl\u0131ca \u00f6zelliklerle birlikte kentsel ve k\u0131rsal alanlardaki binalar\u0131n say\u0131s\u0131 ve tipolojisini i\u00e7eren bir envanter [&hellip;]<\/p>\n","protected":false},"author":1,"featured_media":71667,"comment_status":"open","ping_status":"open","sticky":false,"template":"","format":"standard","meta":[],"categories":[53,52],"tags":[67,1009,26559,24245,793],"views":739,"_links":{"self":[{"href":"https:\/\/www.enerjigazetesi.ist\/en\/wp-json\/wp\/v2\/posts\/71666"}],"collection":[{"href":"https:\/\/www.enerjigazetesi.ist\/en\/wp-json\/wp\/v2\/posts"}],"about":[{"href":"https:\/\/www.enerjigazetesi.ist\/en\/wp-json\/wp\/v2\/types\/post"}],"author":[{"embeddable":true,"href":"https:\/\/www.enerjigazetesi.ist\/en\/wp-json\/wp\/v2\/users\/1"}],"replies":[{"embeddable":true,"href":"https:\/\/www.enerjigazetesi.ist\/en\/wp-json\/wp\/v2\/comments?post=71666"}],"version-history":[{"count":2,"href":"https:\/\/www.enerjigazetesi.ist\/en\/wp-json\/wp\/v2\/posts\/71666\/revisions"}],"predecessor-version":[{"id":71670,"href":"https:\/\/www.enerjigazetesi.ist\/en\/wp-json\/wp\/v2\/posts\/71666\/revisions\/71670"}],"wp:featuredmedia":[{"embeddable":true,"href":"https:\/\/www.enerjigazetesi.ist\/en\/wp-json\/wp\/v2\/media\/71667"}],"wp:attachment":[{"href":"https:\/\/www.enerjigazetesi.ist\/en\/wp-json\/wp\/v2\/media?parent=71666"}],"wp:term":[{"taxonomy":"category","embeddable":true,"href":"https:\/\/www.enerjigazetesi.ist\/en\/wp-json\/wp\/v2\/categories?post=71666"},{"taxonomy":"post_tag","embeddable":true,"href":"https:\/\/www.enerjigazetesi.ist\/en\/wp-json\/wp\/v2\/tags?post=71666"}],"curies":[{"name":"wp","href":"https:\/\/api.w.org\/{rel}","templated":true}]}}