{"id":71651,"date":"2018-02-16T11:58:58","date_gmt":"2018-02-16T08:58:58","guid":{"rendered":"https:\/\/www.enerjigazetesi.ist\/?p=71651"},"modified":"2018-02-16T11:58:58","modified_gmt":"2018-02-16T08:58:58","slug":"jeotermal-elektrik-uretiminde-yuzde-20-artis-saglayan-bulus","status":"publish","type":"post","link":"https:\/\/www.enerjigazetesi.ist\/en\/jeotermal-elektrik-uretiminde-yuzde-20-artis-saglayan-bulus\/","title":{"rendered":"(Turkish) Jeotermal Elektrik \u00dcretiminde Y\u00fczde 20 Art\u0131\u015f Sa\u011flayan Bulu\u015f&#8230;"},"content":{"rendered":"<p class=\"qtranxs-available-languages-message qtranxs-available-languages-message-en\">Sorry, this entry is only available in <a href=\"https:\/\/www.enerjigazetesi.ist\/tr\/wp-json\/wp\/v2\/posts\/71651\" class=\"qtranxs-available-language-link qtranxs-available-language-link-tr\" title=\"Turkish\">Turkish<\/a>. For the sake of viewer convenience, the content is shown below in the alternative language. You may click the link to switch the active language.<\/p><p><strong>\u0130YTE Malzeme Bilimi ve M\u00fchendisli\u011fi \u00d6\u011fretim \u00dcyesi olarak g\u00f6revlisi Prof. Dr. Mustafa Demir taraf\u0131ndan \u00fclkedeki enerji gereksinimini kar\u015f\u0131layabilmeye y\u00f6nelik yurt d\u0131\u015f\u0131ndan enerji ithalat\u0131 yap\u0131ld\u0131\u011f\u0131n\u0131 ve bu durumun \u00f6n\u00fcne ge\u00e7ebilmek ad\u0131na yerli enerji kaynaklar\u0131n\u0131n verimini art\u0131rabilmek i\u00e7in \u00e7al\u0131\u015fmalar yap\u0131ld\u0131\u011f\u0131 belirtildi.<\/strong><\/p>\n<p><img loading=\"lazy\" class=\"alignleft size-medium wp-image-71652\" src=\"https:\/\/www.enerjigazetesi.ist\/wp-content\/uploads\/2018\/02\/jeotermal-elektrik-uretiminde-yuzde-20-artis-saglayan-bulus-300x200.jpg\" alt=\"\" width=\"300\" height=\"200\" srcset=\"https:\/\/www.enerjigazetesi.ist\/wp-content\/uploads\/2018\/02\/jeotermal-elektrik-uretiminde-yuzde-20-artis-saglayan-bulus-300x200.jpg 300w, https:\/\/www.enerjigazetesi.ist\/wp-content\/uploads\/2018\/02\/jeotermal-elektrik-uretiminde-yuzde-20-artis-saglayan-bulus-500x333.jpg 500w, https:\/\/www.enerjigazetesi.ist\/wp-content\/uploads\/2018\/02\/jeotermal-elektrik-uretiminde-yuzde-20-artis-saglayan-bulus-75x50.jpg 75w, https:\/\/www.enerjigazetesi.ist\/wp-content\/uploads\/2018\/02\/jeotermal-elektrik-uretiminde-yuzde-20-artis-saglayan-bulus.jpg 696w\" sizes=\"(max-width: 300px) 100vw, 300px\" \/>Kabukla\u015fman\u0131n hem borudan ge\u00e7en suyun debisini d\u00fc\u015f\u00fcrd\u00fc\u011f\u00fc hem de borular\u0131n \u00fcst\u00fcnde yal\u0131tkan bir tabaka b\u0131rakt\u0131\u011f\u0131n\u0131 belirten Demir, burdan istifade edilen enerji miktar\u0131nda da d\u00fc\u015f\u00fc\u015f oldu\u011funu s\u00f6yledi. Demir, g\u00fcndelik hayatta mutfaklarda kullan\u0131lan \u00e7aydanl\u0131klarda kabuk olu\u015ftu\u011funu ve bu kabu\u011fun kire\u00e7 esasl\u0131 kalsiyum karbonat kabukla\u015fmas\u0131 oldu\u011funu dile getirdi. Polimerik molek\u00fcllerin sentezlenmesiyle kabukla\u015fmay\u0131 azaltacak bir malzemenin elde edildi\u011fini dile getiren Prof. Dr. Demir, s\u00f6z konusu malzemenin laboratuvar ortam\u0131nda sa\u011flanan testlerde ba\u015far\u0131l\u0131 sonu\u00e7lar verdi\u011fini de aktard\u0131.<\/p>\n<p>Demir, yap\u0131lan inhibit\u00f6r\u00fcn kabuk miktar\u0131nda y\u00fczde 20 azalma sa\u011flad\u0131\u011f\u0131n\u0131 ve enerji performans\u0131n\u0131 artt\u0131rd\u0131\u011f\u0131n\u0131 dikkat \u00e7ekerek bu durum sonucunda senelik bazda yakla\u015f\u0131k olarak 180 milyon dolarl\u0131k kazan\u00e7 sa\u011flanaca\u011f\u0131na da vurgu yapan Demir, T\u00dcB\u0130TAK destekli projede elde edilen s\u00f6z konusu malzemenin \u00fcretim kapasitesinde art\u0131\u015f ile sahada kullanaca\u011f\u0131n\u0131 da belirtti.<\/p>","protected":false},"excerpt":{"rendered":"<p>Sorry, this entry is only available in Turkish. For the sake of viewer convenience, the content is shown below in the alternative language. You may click the link to switch the active language.\u0130YTE Malzeme Bilimi ve M\u00fchendisli\u011fi \u00d6\u011fretim \u00dcyesi olarak g\u00f6revlisi Prof. Dr. Mustafa Demir taraf\u0131ndan \u00fclkedeki enerji gereksinimini kar\u015f\u0131layabilmeye y\u00f6nelik yurt d\u0131\u015f\u0131ndan enerji ithalat\u0131 [&hellip;]<\/p>\n","protected":false},"author":1,"featured_media":71652,"comment_status":"open","ping_status":"open","sticky":false,"template":"","format":"standard","meta":[],"categories":[53,48],"tags":[19,67,1009,56,23226,1005,34985,1971,105,1707],"views":984,"_links":{"self":[{"href":"https:\/\/www.enerjigazetesi.ist\/en\/wp-json\/wp\/v2\/posts\/71651"}],"collection":[{"href":"https:\/\/www.enerjigazetesi.ist\/en\/wp-json\/wp\/v2\/posts"}],"about":[{"href":"https:\/\/www.enerjigazetesi.ist\/en\/wp-json\/wp\/v2\/types\/post"}],"author":[{"embeddable":true,"href":"https:\/\/www.enerjigazetesi.ist\/en\/wp-json\/wp\/v2\/users\/1"}],"replies":[{"embeddable":true,"href":"https:\/\/www.enerjigazetesi.ist\/en\/wp-json\/wp\/v2\/comments?post=71651"}],"version-history":[{"count":1,"href":"https:\/\/www.enerjigazetesi.ist\/en\/wp-json\/wp\/v2\/posts\/71651\/revisions"}],"predecessor-version":[{"id":71653,"href":"https:\/\/www.enerjigazetesi.ist\/en\/wp-json\/wp\/v2\/posts\/71651\/revisions\/71653"}],"wp:featuredmedia":[{"embeddable":true,"href":"https:\/\/www.enerjigazetesi.ist\/en\/wp-json\/wp\/v2\/media\/71652"}],"wp:attachment":[{"href":"https:\/\/www.enerjigazetesi.ist\/en\/wp-json\/wp\/v2\/media?parent=71651"}],"wp:term":[{"taxonomy":"category","embeddable":true,"href":"https:\/\/www.enerjigazetesi.ist\/en\/wp-json\/wp\/v2\/categories?post=71651"},{"taxonomy":"post_tag","embeddable":true,"href":"https:\/\/www.enerjigazetesi.ist\/en\/wp-json\/wp\/v2\/tags?post=71651"}],"curies":[{"name":"wp","href":"https:\/\/api.w.org\/{rel}","templated":true}]}}