{"id":71634,"date":"2018-02-15T11:11:24","date_gmt":"2018-02-15T08:11:24","guid":{"rendered":"https:\/\/www.enerjigazetesi.ist\/?p=71634"},"modified":"2018-02-15T11:11:24","modified_gmt":"2018-02-15T08:11:24","slug":"gunes-santrallerine-yonelik-ozel-performans-sigortasi","status":"publish","type":"post","link":"https:\/\/www.enerjigazetesi.ist\/en\/gunes-santrallerine-yonelik-ozel-performans-sigortasi\/","title":{"rendered":"(Turkish) G\u00fcne\u015f Santrallerine Y\u00f6nelik \u00d6zel Performans Sigortas\u0131"},"content":{"rendered":"<p class=\"qtranxs-available-languages-message qtranxs-available-languages-message-en\">Sorry, this entry is only available in <a href=\"https:\/\/www.enerjigazetesi.ist\/tr\/wp-json\/wp\/v2\/posts\/71634\" class=\"qtranxs-available-language-link qtranxs-available-language-link-tr\" title=\"Turkish\">Turkish<\/a>. For the sake of viewer convenience, the content is shown below in the alternative language. You may click the link to switch the active language.<\/p><p><strong>T\u00fcrkiye\u2019de g\u00fcn\u00fcm\u00fczde yenilenebilir enerji yat\u0131r\u0131mlar\u0131 artt\u0131k\u00e7a, di\u011fer sekt\u00f6rler de buna uyum sa\u011fl\u0131yor. Allianz T\u00fcrkiye&#8217;de g\u00fcne\u015f santrallerine \u00f6zel, performans sigortas\u0131 \u00e7\u00f6z\u00fcm\u00fc sunuyor.<\/strong><\/p>\n<p><span id=\"more-97919\">Allianz T\u00fcrkiye<b>,\u00a0<\/b><\/span>CEO\u2019su Aylin Somersan Coqui, \u201cK\u0131\u015f aylar\u0131nda bile g\u00fcne\u015fi g\u00f6rd\u00fc\u011f\u00fcm\u00fcz ender bir <img loading=\"lazy\" class=\"alignright size-medium wp-image-68940\" src=\"https:\/\/www.enerjigazetesi.ist\/wp-content\/uploads\/2017\/11\/gunes-santrali-danismanligi-hizmetlerinde-tercih-ozbilgin-enerji-300x169.jpg\" alt=\"\" width=\"300\" height=\"169\" srcset=\"https:\/\/www.enerjigazetesi.ist\/wp-content\/uploads\/2017\/11\/gunes-santrali-danismanligi-hizmetlerinde-tercih-ozbilgin-enerji-300x169.jpg 300w, https:\/\/www.enerjigazetesi.ist\/wp-content\/uploads\/2017\/11\/gunes-santrali-danismanligi-hizmetlerinde-tercih-ozbilgin-enerji-768x432.jpg 768w, https:\/\/www.enerjigazetesi.ist\/wp-content\/uploads\/2017\/11\/gunes-santrali-danismanligi-hizmetlerinde-tercih-ozbilgin-enerji-500x281.jpg 500w, https:\/\/www.enerjigazetesi.ist\/wp-content\/uploads\/2017\/11\/gunes-santrali-danismanligi-hizmetlerinde-tercih-ozbilgin-enerji-80x45.jpg 80w, https:\/\/www.enerjigazetesi.ist\/wp-content\/uploads\/2017\/11\/gunes-santrali-danismanligi-hizmetlerinde-tercih-ozbilgin-enerji.jpg 994w\" sizes=\"(max-width: 300px) 100vw, 300px\" \/>co\u011frafyada ya\u015f\u0131yoruz. T\u00fcrkiye\u2019de 2 bin 737 saat g\u00fcne\u015flenme s\u00fcresine kar\u015f\u0131l\u0131k, 860 megavat enerji elde ediliyor. Almanya\u2019ya bakt\u0131\u011f\u0131m\u0131zda, 1600 g\u00fcne\u015flenme s\u00fcresi kar\u015f\u0131l\u0131\u011f\u0131 40 bin megavat enerji \u00fcretiliyor. Yani bizden y\u00fczde 60 az g\u00fcne\u015fle, 46 kat fazla enerji \u00fcretimi ger\u00e7ekle\u015ftiriyorlar. Bu alanda artan yat\u0131r\u0131mlara \u00f6zel bir \u00fcr\u00fcn geli\u015ftirdik. G\u00fcne\u015f enerjisi santrallerinde herhangi bir fiziksel hasardan ba\u011f\u0131ms\u0131z, olumsuz hava \u015fartlar\u0131 sebebiyle g\u00fcne\u015f \u0131\u015f\u0131nlar\u0131n\u0131n d\u00fc\u015f\u00fck seviyede kullan\u0131labilmesi sonucu k\u00e2r kay\u0131plar\u0131 olu\u015fabiliyor. Bu kay\u0131plar\u0131, belli \u015fartlarda teminat alt\u0131na al\u0131yoruz. \u015eu anda 10\u2019a yak\u0131n projeyle bu giri\u015fim ba\u015flatt\u0131k\u201d dedi.<\/p>\n<p>Di\u011fer giri\u015fimleri hakk\u0131nda da bilgi veren Coqui, \u201cAllianz T\u00fcrkiye, temiz \u00e7evreye katk\u0131 ve kullan\u0131m\u0131 te\u015fvik etmek i\u00e7in, y\u00fczde 100 elektrikli otomobillerin kasko primlerinde y\u00fczde 20\u2019ye varan indirim sa\u011flayacak. Ayr\u0131ca 40 ya\u015f \u00fcst\u00fc kad\u0131n sa\u011fl\u0131k sigortal\u0131lar\u0131n\u0131n 40 bin 500\u2019\u00fcne ula\u015ft\u0131k. Mamografi oran\u0131, y\u00fczde 8\u2019den y\u00fczde 54\u2019e \u00e7\u0131kt\u0131\u201d diye konu\u015ftu.<\/p>","protected":false},"excerpt":{"rendered":"<p>Sorry, this entry is only available in Turkish. For the sake of viewer convenience, the content is shown below in the alternative language. You may click the link to switch the active language.T\u00fcrkiye\u2019de g\u00fcn\u00fcm\u00fczde yenilenebilir enerji yat\u0131r\u0131mlar\u0131 artt\u0131k\u00e7a, di\u011fer sekt\u00f6rler de buna uyum sa\u011fl\u0131yor. Allianz T\u00fcrkiye&#8217;de g\u00fcne\u015f santrallerine \u00f6zel, performans sigortas\u0131 \u00e7\u00f6z\u00fcm\u00fc sunuyor. Allianz T\u00fcrkiye,\u00a0CEO\u2019su [&hellip;]<\/p>\n","protected":false},"author":1,"featured_media":68940,"comment_status":"open","ping_status":"open","sticky":false,"template":"","format":"standard","meta":[],"categories":[53,49],"tags":[36836,19,67,1009,2326,13,23416,23131,842],"views":1030,"_links":{"self":[{"href":"https:\/\/www.enerjigazetesi.ist\/en\/wp-json\/wp\/v2\/posts\/71634"}],"collection":[{"href":"https:\/\/www.enerjigazetesi.ist\/en\/wp-json\/wp\/v2\/posts"}],"about":[{"href":"https:\/\/www.enerjigazetesi.ist\/en\/wp-json\/wp\/v2\/types\/post"}],"author":[{"embeddable":true,"href":"https:\/\/www.enerjigazetesi.ist\/en\/wp-json\/wp\/v2\/users\/1"}],"replies":[{"embeddable":true,"href":"https:\/\/www.enerjigazetesi.ist\/en\/wp-json\/wp\/v2\/comments?post=71634"}],"version-history":[{"count":1,"href":"https:\/\/www.enerjigazetesi.ist\/en\/wp-json\/wp\/v2\/posts\/71634\/revisions"}],"predecessor-version":[{"id":71635,"href":"https:\/\/www.enerjigazetesi.ist\/en\/wp-json\/wp\/v2\/posts\/71634\/revisions\/71635"}],"wp:featuredmedia":[{"embeddable":true,"href":"https:\/\/www.enerjigazetesi.ist\/en\/wp-json\/wp\/v2\/media\/68940"}],"wp:attachment":[{"href":"https:\/\/www.enerjigazetesi.ist\/en\/wp-json\/wp\/v2\/media?parent=71634"}],"wp:term":[{"taxonomy":"category","embeddable":true,"href":"https:\/\/www.enerjigazetesi.ist\/en\/wp-json\/wp\/v2\/categories?post=71634"},{"taxonomy":"post_tag","embeddable":true,"href":"https:\/\/www.enerjigazetesi.ist\/en\/wp-json\/wp\/v2\/tags?post=71634"}],"curies":[{"name":"wp","href":"https:\/\/api.w.org\/{rel}","templated":true}]}}