{"id":71602,"date":"2018-02-14T11:19:06","date_gmt":"2018-02-14T08:19:06","guid":{"rendered":"https:\/\/www.enerjigazetesi.ist\/?p=71602"},"modified":"2018-02-14T11:19:06","modified_gmt":"2018-02-14T08:19:06","slug":"isi-kaybinin-yuzde-20si-pencerelerdeki-yanlis-montajdan-kaynaklaniyor","status":"publish","type":"post","link":"https:\/\/www.enerjigazetesi.ist\/en\/isi-kaybinin-yuzde-20si-pencerelerdeki-yanlis-montajdan-kaynaklaniyor\/","title":{"rendered":"(Turkish) Is\u0131 Kayb\u0131n\u0131n Y\u00fczde 20\u2019si Pencerelerdeki Yanl\u0131\u015f Montajdan Kaynaklan\u0131yor"},"content":{"rendered":"<p class=\"qtranxs-available-languages-message qtranxs-available-languages-message-en\">Sorry, this entry is only available in <a href=\"https:\/\/www.enerjigazetesi.ist\/tr\/wp-json\/wp\/v2\/posts\/71602\" class=\"qtranxs-available-language-link qtranxs-available-language-link-tr\" title=\"Turkish\">Turkish<\/a>. For the sake of viewer convenience, the content is shown below in the alternative language. You may click the link to switch the active language.<\/p><p><strong>Ya\u015fam alanlar\u0131na g\u00fcn \u0131\u015f\u0131\u011f\u0131 ve havaland\u0131rma sa\u011flayan pencereler, enerji verimlili\u011fi i\u00e7in olduk\u00e7a \u00f6nemli. Pencere ve Kap\u0131 Sekt\u00f6r\u00fc Derne\u011fi\u2019nin (P\u00dcKAD) son d\u00f6nemde yapt\u0131\u011f\u0131 ara\u015ft\u0131rmada bunu ispatlar nitelikte. Ara\u015ft\u0131rmaya g\u00f6re;\u00a0 pencerelerde yap\u0131lan yanl\u0131\u015f montaj uygulamalar\u0131 \u0131s\u0131 enerjisinin y\u00fczde 20\u2019sinin kaybedilmesine yol a\u00e7\u0131yor. <\/strong><\/p>\n<p>T\u00fcrkiye enerjisinin y\u00fczde 30\u2019unu binalar\u0131 \u0131s\u0131tmak i\u00e7in kullan\u0131yor. Bu de\u011fer dikkate al\u0131nd\u0131\u011f\u0131 takdirde, <img loading=\"lazy\" class=\"alignleft size-medium wp-image-71603\" src=\"https:\/\/www.enerjigazetesi.ist\/wp-content\/uploads\/2018\/02\/isi-kaybinin-yuzde-20si-pencerelerdeki-yanlis-montajdan-kaynaklaniyor-300x256.jpg\" alt=\"\" width=\"300\" height=\"256\" srcset=\"https:\/\/www.enerjigazetesi.ist\/wp-content\/uploads\/2018\/02\/isi-kaybinin-yuzde-20si-pencerelerdeki-yanlis-montajdan-kaynaklaniyor-300x256.jpg 300w, https:\/\/www.enerjigazetesi.ist\/wp-content\/uploads\/2018\/02\/isi-kaybinin-yuzde-20si-pencerelerdeki-yanlis-montajdan-kaynaklaniyor-469x400.jpg 469w, https:\/\/www.enerjigazetesi.ist\/wp-content\/uploads\/2018\/02\/isi-kaybinin-yuzde-20si-pencerelerdeki-yanlis-montajdan-kaynaklaniyor-59x50.jpg 59w, https:\/\/www.enerjigazetesi.ist\/wp-content\/uploads\/2018\/02\/isi-kaybinin-yuzde-20si-pencerelerdeki-yanlis-montajdan-kaynaklaniyor.jpg 496w\" sizes=\"(max-width: 300px) 100vw, 300px\" \/>enerji tasarrufunda pencerenin ne kadar \u00f6nemli bir yap\u0131 eleman\u0131 oldu\u011fu ortaya \u00e7\u0131k\u0131yor. Son d\u00f6nemde yap\u0131 sekt\u00f6r\u00fc i\u00e7in yap\u0131lan ara\u015ft\u0131rmalar g\u00f6steriyor ki; \u00e7ok eski ve verimli olmayan pencere sistemine sahip binalar\u0131n \u0131s\u0131nmas\u0131na harcanan enerjiyle yeni pencere sistemlerin aras\u0131nda ciddi fark var. <strong>Pencere ve Kap\u0131 Sekt\u00f6r\u00fc Derne\u011fi (P\u00dcKAD) <\/strong>\u00a0verilerine g\u00f6re; binalardaki, \u0131s\u0131 kayb\u0131n\u0131n y\u00fczde 16\u2019s\u0131 \u00e7at\u0131dan, y\u00fczde 32\u2019si -baca, banyo ve WC havaland\u0131rmalar\u0131ndan, y\u00fczde 20\u2019si camlardan, y\u00fczde 8\u2019si pencere derz dolgusu havaland\u0131rmas\u0131ndan y\u00fczde 18\u2019i ise duvarlardan kaynaklanmaktad\u0131r.<\/p>\n<p>Binalardaki \u0131s\u0131 kay\u0131plar\u0131na bak\u0131ld\u0131\u011f\u0131nda bu oran ciddi boyutlara ula\u015fm\u0131\u015f durumda.\u00a0 Dolay\u0131s\u0131yla pencereler, bir yap\u0131 i\u00e7in sadece d\u0131\u015f g\u00f6r\u00fcn\u00fc\u015f de\u011fil, ayn\u0131 zamanda enerji tasarrufu sa\u011flanmas\u0131n\u0131n ba\u015flang\u0131\u00e7 noktas\u0131. Bug\u00fcn geli\u015fmi\u015f teknolojilerle \u00fcretilen PVC pencere ve kap\u0131 sistemleriyle \u00e7ok y\u00fcksek \u0131s\u0131 yal\u0131t\u0131m\u0131 sa\u011flanarak ciddi oranda enerji tasarrufuna ula\u015f\u0131labiliyor. Bu noktada pencere se\u00e7iminin ve montaj\u0131n\u0131n \u00f6nemine de\u011finen REED T\u00dcYAP Genel M\u00fcd\u00fcr Yard\u0131mc\u0131s\u0131 Fatih \u00d6zmert, binalardaki enerji kayb\u0131n\u0131n en b\u00fcy\u00fck sebeplerinden birinin yanl\u0131\u015f pencere kullan\u0131m\u0131 oldu\u011funu ve bu kullan\u0131mdan \u00f6t\u00fcr\u00fc enerji kayb\u0131n\u0131n y\u00fczde 20 oldu\u011funu s\u00f6yledi.<\/p>\n<p><strong>\u00a0\u201cDo\u011fru tasar\u0131m, do\u011fru se\u00e7im ve do\u011fru kurulum\u201d<\/strong><\/p>\n<p>Kentsel d\u00f6n\u00fc\u015f\u00fcm\u00fcn yaratt\u0131\u011f\u0131 yeni konutlar ve renovasyon g\u00f6ren yap\u0131lar sayesinde pencere sekt\u00f6r\u00fcnde de art\u0131k enerji verimlili\u011finin \u00f6n plana \u00e7\u0131kt\u0131\u011f\u0131n\u0131 belirten <strong>REED T\u00dcYAP Genel M\u00fcd\u00fcr Yard\u0131mc\u0131s\u0131 Fatih \u00d6zmert<\/strong>, T\u00fcrkiye\u2019de de binalar\u0131n \u0131s\u0131tmas\u0131nda do\u011fru pencere se\u00e7imiyle y\u00fczde 30\u2019lara varan enerji tasarrufuna ula\u015f\u0131labilece\u011fini s\u00f6yledi. Enerji tasarrufu sa\u011flayarak maliyetleri d\u00fc\u015f\u00fcren pencere sistemlerinin \u00fc\u00e7 temel a\u015famadan ge\u00e7ti\u011fini belirten \u00d6zmert, \u201c<em>Pencerede do\u011fru tasar\u0131m, do\u011fru se\u00e7im ve do\u011fru kurulum enerji tasarrufunda b\u00fcy\u00fck \u00f6nem arz ediyor. Pencere se\u00e7imi binan\u0131n yap\u0131s\u0131na g\u00f6re de\u011fi\u015fkenlik g\u00f6sterse de konutlar\u0131n enerji verimlili\u011fini nereden iyile\u015ftirilece\u011fini bilmek \u00f6rne\u011fin; g\u00fcne\u015f enerjisini kullanabilmek, hem evin \u0131\u015f\u0131kland\u0131rmas\u0131n\u0131 hem de maliyette hafife al\u0131nmayacak bir tasarrufa yol a\u00e7\u0131yor<\/em>\u201d dedi.<\/p>","protected":false},"excerpt":{"rendered":"<p>Sorry, this entry is only available in Turkish. For the sake of viewer convenience, the content is shown below in the alternative language. You may click the link to switch the active language.Ya\u015fam alanlar\u0131na g\u00fcn \u0131\u015f\u0131\u011f\u0131 ve havaland\u0131rma sa\u011flayan pencereler, enerji verimlili\u011fi i\u00e7in olduk\u00e7a \u00f6nemli. Pencere ve Kap\u0131 Sekt\u00f6r\u00fc Derne\u011fi\u2019nin (P\u00dcKAD) son d\u00f6nemde yapt\u0131\u011f\u0131 ara\u015ft\u0131rmada [&hellip;]<\/p>\n","protected":false},"author":1,"featured_media":71603,"comment_status":"open","ping_status":"open","sticky":false,"template":"","format":"standard","meta":[],"categories":[53,52],"tags":[67,1009,103,12,33251,36830,33254,793],"views":674,"_links":{"self":[{"href":"https:\/\/www.enerjigazetesi.ist\/en\/wp-json\/wp\/v2\/posts\/71602"}],"collection":[{"href":"https:\/\/www.enerjigazetesi.ist\/en\/wp-json\/wp\/v2\/posts"}],"about":[{"href":"https:\/\/www.enerjigazetesi.ist\/en\/wp-json\/wp\/v2\/types\/post"}],"author":[{"embeddable":true,"href":"https:\/\/www.enerjigazetesi.ist\/en\/wp-json\/wp\/v2\/users\/1"}],"replies":[{"embeddable":true,"href":"https:\/\/www.enerjigazetesi.ist\/en\/wp-json\/wp\/v2\/comments?post=71602"}],"version-history":[{"count":1,"href":"https:\/\/www.enerjigazetesi.ist\/en\/wp-json\/wp\/v2\/posts\/71602\/revisions"}],"predecessor-version":[{"id":71604,"href":"https:\/\/www.enerjigazetesi.ist\/en\/wp-json\/wp\/v2\/posts\/71602\/revisions\/71604"}],"wp:featuredmedia":[{"embeddable":true,"href":"https:\/\/www.enerjigazetesi.ist\/en\/wp-json\/wp\/v2\/media\/71603"}],"wp:attachment":[{"href":"https:\/\/www.enerjigazetesi.ist\/en\/wp-json\/wp\/v2\/media?parent=71602"}],"wp:term":[{"taxonomy":"category","embeddable":true,"href":"https:\/\/www.enerjigazetesi.ist\/en\/wp-json\/wp\/v2\/categories?post=71602"},{"taxonomy":"post_tag","embeddable":true,"href":"https:\/\/www.enerjigazetesi.ist\/en\/wp-json\/wp\/v2\/tags?post=71602"}],"curies":[{"name":"wp","href":"https:\/\/api.w.org\/{rel}","templated":true}]}}