{"id":71561,"date":"2018-02-12T15:26:25","date_gmt":"2018-02-12T12:26:25","guid":{"rendered":"https:\/\/www.enerjigazetesi.ist\/?p=71561"},"modified":"2018-02-12T15:27:04","modified_gmt":"2018-02-12T12:27:04","slug":"10-kwa-kadar-olan-catidaki-elektrik-uretimine-vergiden-muafiyet","status":"publish","type":"post","link":"https:\/\/www.enerjigazetesi.ist\/en\/10-kwa-kadar-olan-catidaki-elektrik-uretimine-vergiden-muafiyet\/","title":{"rendered":"(Turkish) 10 KW&#8217;a Kadar Olan \u00c7at\u0131daki Elektrik \u00dcretimine Vergiden Muafiyet&#8230;"},"content":{"rendered":"<p class=\"qtranxs-available-languages-message qtranxs-available-languages-message-en\">Sorry, this entry is only available in <a href=\"https:\/\/www.enerjigazetesi.ist\/tr\/wp-json\/wp\/v2\/posts\/71561\" class=\"qtranxs-available-language-link qtranxs-available-language-link-tr\" title=\"Turkish\">Turkish<\/a>. For the sake of viewer convenience, the content is shown below in the alternative language. You may click the link to switch the active language.<\/p><p><strong>Enerji ve Tabii Kaynaklar Bakan\u0131 Berat Albayrak\u2019\u0131n \u00e7a\u011fr\u0131s\u0131 ile ba\u015flayan \u201cMilli Enerji ve Maden Politikas\u0131\u201dn\u0131n ard\u0131ndan y\u00fcr\u00fcrl\u00fc\u011fe girdi. Yerli ve yenilenebilir kaynaklara dayal\u0131 projelerin, cari a\u00e7\u0131\u011f\u0131n olu\u015fmas\u0131nda en etkili nedenlerden biri olan enerji sekt\u00f6r\u00fc ithalat faturas\u0131n\u0131n kademeli olarak d\u00fc\u015f\u00fcrmesi \u00f6ng\u00f6r\u00fcl\u00fcyor. G\u00fcne\u015f ve r\u00fczg\u00e2r gibi yenilenebilir enerji kaynaklar\u0131n\u0131n elektrik \u00fcretimindeki pay\u0131n\u0131 artt\u0131racak \u00f6nemli bir d\u00fczenleme k\u0131sa s\u00fcre i\u00e7erisinde tamamland\u0131.<\/strong><\/p>\n<p><img loading=\"lazy\" class=\"alignleft size-medium wp-image-38886\" src=\"https:\/\/www.enerjigazetesi.ist\/wp-content\/uploads\/2015\/05\/gunes-enerjisi-elektrik-uretim-sisteminin-tasarlanmasi-ve-maliyet-hesabi-300x184.jpg\" alt=\"\" width=\"300\" height=\"184\" srcset=\"https:\/\/www.enerjigazetesi.ist\/wp-content\/uploads\/2015\/05\/gunes-enerjisi-elektrik-uretim-sisteminin-tasarlanmasi-ve-maliyet-hesabi-300x184.jpg 300w, https:\/\/www.enerjigazetesi.ist\/wp-content\/uploads\/2015\/05\/gunes-enerjisi-elektrik-uretim-sisteminin-tasarlanmasi-ve-maliyet-hesabi-500x306.jpg 500w, https:\/\/www.enerjigazetesi.ist\/wp-content\/uploads\/2015\/05\/gunes-enerjisi-elektrik-uretim-sisteminin-tasarlanmasi-ve-maliyet-hesabi-80x50.jpg 80w, https:\/\/www.enerjigazetesi.ist\/wp-content\/uploads\/2015\/05\/gunes-enerjisi-elektrik-uretim-sisteminin-tasarlanmasi-ve-maliyet-hesabi.jpg 978w\" sizes=\"(max-width: 300px) 100vw, 300px\" \/>\u00c7at\u0131da elektrik \u00fcretimi vergiden muaf tutulacak. Meclis\u2019e sunulan torba yasa ile evlerde \u00e7at\u0131 ve cephe uygulamal\u0131 yenilenebilir enerji kaynaklar\u0131na dayal\u0131 kurulu g\u00fc\u00e7 ve en y\u00fcksek 10 kilovat olan elektrik \u00fcretim tesisinin \u00fcretti\u011fi elektrik vergiden muaf tutulacak. Bu \u015fekilde \u00fcretilen elektri\u011fi da\u011f\u0131t\u0131m \u015firketlerine satan abonelerin belge d\u00fczenleme, defter tutma, beyanname verme y\u00fck\u00fcml\u00fcl\u00fc\u011f\u00fc olmayacak.<\/p>\n<p>G\u00fcne\u015f enerjisinden \u00fcretilecek elektrik faturalar\u0131n da d\u00fc\u015fmesini sa\u011flayacak. Aboneler, \u00fcrettikleri fazla elektri\u011fi mevcut \u015febeke \u00fczerinden da\u011f\u0131t\u0131m \u015firketine satabilecek. \u00dcretilen elektrik, faturalardan mahsup olacak. Konut sat\u0131ld\u0131\u011f\u0131nda veya kirac\u0131 de\u011fi\u015fti\u011finde yeni bir kabul i\u015flemi gerekmeyecek. \u0130mzalanacak s\u00f6zle\u015fme ya da anla\u015fma ile \u00fcretilen elektrik kullan\u0131lmaya devam edilebilecek. Her abone tek bir \u00fcretim ba\u015fvurusunda bulunabilecek. Bu sayede konutlardaki enerji giderleri d\u00fc\u015ferken, elektrik \u00fcretiminde yerli ve yenilenebilir kaynaklar\u0131n pay\u0131 artacak.<\/p>","protected":false},"excerpt":{"rendered":"<p>Sorry, this entry is only available in Turkish. For the sake of viewer convenience, the content is shown below in the alternative language. You may click the link to switch the active language.Enerji ve Tabii Kaynaklar Bakan\u0131 Berat Albayrak\u2019\u0131n \u00e7a\u011fr\u0131s\u0131 ile ba\u015flayan \u201cMilli Enerji ve Maden Politikas\u0131\u201dn\u0131n ard\u0131ndan y\u00fcr\u00fcrl\u00fc\u011fe girdi. Yerli ve yenilenebilir kaynaklara dayal\u0131 [&hellip;]<\/p>\n","protected":false},"author":1,"featured_media":38886,"comment_status":"open","ping_status":"open","sticky":false,"template":"","format":"standard","meta":[],"categories":[53,49,18007],"tags":[36814,34548,68,19,11509,67,1009,750,13,23416,1876,23131,324],"views":1592,"_links":{"self":[{"href":"https:\/\/www.enerjigazetesi.ist\/en\/wp-json\/wp\/v2\/posts\/71561"}],"collection":[{"href":"https:\/\/www.enerjigazetesi.ist\/en\/wp-json\/wp\/v2\/posts"}],"about":[{"href":"https:\/\/www.enerjigazetesi.ist\/en\/wp-json\/wp\/v2\/types\/post"}],"author":[{"embeddable":true,"href":"https:\/\/www.enerjigazetesi.ist\/en\/wp-json\/wp\/v2\/users\/1"}],"replies":[{"embeddable":true,"href":"https:\/\/www.enerjigazetesi.ist\/en\/wp-json\/wp\/v2\/comments?post=71561"}],"version-history":[{"count":2,"href":"https:\/\/www.enerjigazetesi.ist\/en\/wp-json\/wp\/v2\/posts\/71561\/revisions"}],"predecessor-version":[{"id":71563,"href":"https:\/\/www.enerjigazetesi.ist\/en\/wp-json\/wp\/v2\/posts\/71561\/revisions\/71563"}],"wp:featuredmedia":[{"embeddable":true,"href":"https:\/\/www.enerjigazetesi.ist\/en\/wp-json\/wp\/v2\/media\/38886"}],"wp:attachment":[{"href":"https:\/\/www.enerjigazetesi.ist\/en\/wp-json\/wp\/v2\/media?parent=71561"}],"wp:term":[{"taxonomy":"category","embeddable":true,"href":"https:\/\/www.enerjigazetesi.ist\/en\/wp-json\/wp\/v2\/categories?post=71561"},{"taxonomy":"post_tag","embeddable":true,"href":"https:\/\/www.enerjigazetesi.ist\/en\/wp-json\/wp\/v2\/tags?post=71561"}],"curies":[{"name":"wp","href":"https:\/\/api.w.org\/{rel}","templated":true}]}}