{"id":71556,"date":"2018-02-12T14:36:03","date_gmt":"2018-02-12T11:36:03","guid":{"rendered":"https:\/\/www.enerjigazetesi.ist\/?p=71556"},"modified":"2018-02-12T14:36:34","modified_gmt":"2018-02-12T11:36:34","slug":"akkuyu-ngsde-yatirimci-degisikligi-olaganustu-bir-durum-degil","status":"publish","type":"post","link":"https:\/\/www.enerjigazetesi.ist\/en\/akkuyu-ngsde-yatirimci-degisikligi-olaganustu-bir-durum-degil\/","title":{"rendered":"(Turkish) \u201cAkkuyu NGS\u2019de Yat\u0131r\u0131mc\u0131 De\u011fi\u015fikli\u011fi Ola\u011fan\u00fcst\u00fc Bir Durum De\u011fil\u201d"},"content":{"rendered":"<p class=\"qtranxs-available-languages-message qtranxs-available-languages-message-en\">Sorry, this entry is only available in <a href=\"https:\/\/www.enerjigazetesi.ist\/tr\/wp-json\/wp\/v2\/posts\/71556\" class=\"qtranxs-available-language-link qtranxs-available-language-link-tr\" title=\"Turkish\">Turkish<\/a>. For the sake of viewer convenience, the content is shown below in the alternative language. You may click the link to switch the active language.<\/p><p><strong>Rosatom ile Akkuyu N\u00fckleer G\u00fc\u00e7 Santrali\u2019nin sermayesine kat\u0131lmak i\u00e7in \u00f6n protokol imzalayan Cengiz-Kolin-Kalyon konsorsiyumunda yer alan Kolin \u0130n\u015faat ve Kalyon \u0130n\u015faat\u2019\u0131n ortakl\u0131ktan \u00e7ekildi\u011fi y\u00f6n\u00fcndeki a\u00e7\u0131klamalar\u0131 de\u011ferlendiren uzmanlar, santralin de\u011ferinin giderek artaca\u011f\u0131 i\u00e7in \u015firketlerin \u015fu anda projeye yat\u0131r\u0131m yap\u0131lmak i\u00e7in en do\u011fru zaman oldu\u011funun vurgusunu yapt\u0131.<\/strong><\/p>\n<p><img loading=\"lazy\" class=\"alignleft size-medium wp-image-47157\" src=\"https:\/\/www.enerjigazetesi.ist\/wp-content\/uploads\/2015\/11\/akkuyu-nukleer-santrali-projesi-iptal-olmaz-ama-ertelenebilir-300x165.jpg\" alt=\"\" width=\"300\" height=\"165\" srcset=\"https:\/\/www.enerjigazetesi.ist\/wp-content\/uploads\/2015\/11\/akkuyu-nukleer-santrali-projesi-iptal-olmaz-ama-ertelenebilir-300x165.jpg 300w, https:\/\/www.enerjigazetesi.ist\/wp-content\/uploads\/2015\/11\/akkuyu-nukleer-santrali-projesi-iptal-olmaz-ama-ertelenebilir-500x276.jpg 500w, https:\/\/www.enerjigazetesi.ist\/wp-content\/uploads\/2015\/11\/akkuyu-nukleer-santrali-projesi-iptal-olmaz-ama-ertelenebilir-80x44.jpg 80w, https:\/\/www.enerjigazetesi.ist\/wp-content\/uploads\/2015\/11\/akkuyu-nukleer-santrali-projesi-iptal-olmaz-ama-ertelenebilir.jpg 696w\" sizes=\"(max-width: 300px) 100vw, 300px\" \/>Moskova Devlet Diplomasi Enstit\u00fcs\u00fc Uluslararas\u0131 Ara\u015ft\u0131rmalar Enstit\u00fcs\u00fc\u2019nden Leonid Gusev, Sputnik\u2019e verdi\u011fi deme\u00e7te, \u201cN\u00fckleer santral in\u015faat\u0131 T\u00fcrkiye i\u00e7in yeni ve tan\u0131nmam\u0131\u015f bir i\u015f. Bu s\u00fcre\u00e7 i\u00e7inde T\u00fcrk taraf\u0131nca ilk ba\u015fta anla\u015f\u0131lmayan baz\u0131 \u015feylerin netle\u015febilece\u011fi ortada\u201d dedi.<\/p>\n<p>Yat\u0131r\u0131mc\u0131lar\u0131n \u2018bu durumda gelmelerinin ya da \u00e7ekilmelerinin ola\u011fan\u00fcst\u00fc bir durum olarak alg\u0131lanmamas\u0131 gerekti\u011fini\u2019 dile getiren Gusev, \u201cBu durumda yat\u0131r\u0131mc\u0131lar\u0131n de\u011fi\u015fmesinin, projenin gidi\u015fat\u0131na radikal bir yans\u0131mas\u0131 olmayaca\u011f\u0131n\u0131n vurgusunu yapmak isterim. Proje programa uygun s\u00fcr\u00fcyor, finansal sorunlar ya\u015fanm\u0131yor. T\u00fcrk y\u00f6netiminin, \u00fclkenin ilk n\u00fckleer santralinin in\u015faat\u0131n\u0131 stratejik g\u00f6rev olarak kabul etti\u011fi dikkate al\u0131nd\u0131\u011f\u0131nda projenin ger\u00e7ekle\u015fece\u011finden emin olunabilir\u201d ifadelerine yer verdi.<\/p>","protected":false},"excerpt":{"rendered":"<p>Sorry, this entry is only available in Turkish. For the sake of viewer convenience, the content is shown below in the alternative language. You may click the link to switch the active language.Rosatom ile Akkuyu N\u00fckleer G\u00fc\u00e7 Santrali\u2019nin sermayesine kat\u0131lmak i\u00e7in \u00f6n protokol imzalayan Cengiz-Kolin-Kalyon konsorsiyumunda yer alan Kolin \u0130n\u015faat ve Kalyon \u0130n\u015faat\u2019\u0131n ortakl\u0131ktan \u00e7ekildi\u011fi [&hellip;]<\/p>\n","protected":false},"author":1,"featured_media":45284,"comment_status":"open","ping_status":"open","sticky":false,"template":"","format":"standard","meta":[],"categories":[53,43],"tags":[3019,67,232,1009,117,21,23134,34930,2587],"views":841,"_links":{"self":[{"href":"https:\/\/www.enerjigazetesi.ist\/en\/wp-json\/wp\/v2\/posts\/71556"}],"collection":[{"href":"https:\/\/www.enerjigazetesi.ist\/en\/wp-json\/wp\/v2\/posts"}],"about":[{"href":"https:\/\/www.enerjigazetesi.ist\/en\/wp-json\/wp\/v2\/types\/post"}],"author":[{"embeddable":true,"href":"https:\/\/www.enerjigazetesi.ist\/en\/wp-json\/wp\/v2\/users\/1"}],"replies":[{"embeddable":true,"href":"https:\/\/www.enerjigazetesi.ist\/en\/wp-json\/wp\/v2\/comments?post=71556"}],"version-history":[{"count":2,"href":"https:\/\/www.enerjigazetesi.ist\/en\/wp-json\/wp\/v2\/posts\/71556\/revisions"}],"predecessor-version":[{"id":71558,"href":"https:\/\/www.enerjigazetesi.ist\/en\/wp-json\/wp\/v2\/posts\/71556\/revisions\/71558"}],"wp:featuredmedia":[{"embeddable":true,"href":"https:\/\/www.enerjigazetesi.ist\/en\/wp-json\/wp\/v2\/media\/45284"}],"wp:attachment":[{"href":"https:\/\/www.enerjigazetesi.ist\/en\/wp-json\/wp\/v2\/media?parent=71556"}],"wp:term":[{"taxonomy":"category","embeddable":true,"href":"https:\/\/www.enerjigazetesi.ist\/en\/wp-json\/wp\/v2\/categories?post=71556"},{"taxonomy":"post_tag","embeddable":true,"href":"https:\/\/www.enerjigazetesi.ist\/en\/wp-json\/wp\/v2\/tags?post=71556"}],"curies":[{"name":"wp","href":"https:\/\/api.w.org\/{rel}","templated":true}]}}