{"id":71525,"date":"2018-02-11T21:25:25","date_gmt":"2018-02-11T18:25:25","guid":{"rendered":"https:\/\/www.enerjigazetesi.ist\/?p=71525"},"modified":"2018-02-11T21:25:25","modified_gmt":"2018-02-11T18:25:25","slug":"abden-6-ulkenin-elektrik-kapasite-mekanizmalari-uygulamalarina-onay","status":"publish","type":"post","link":"https:\/\/www.enerjigazetesi.ist\/en\/abden-6-ulkenin-elektrik-kapasite-mekanizmalari-uygulamalarina-onay\/","title":{"rendered":"(Turkish) AB&#8217;den 6 \u00dclkenin Elektrik Kapasite Mekanizmalar\u0131 Uygulamalar\u0131na Onay"},"content":{"rendered":"<p class=\"qtranxs-available-languages-message qtranxs-available-languages-message-en\">Sorry, this entry is only available in <a href=\"https:\/\/www.enerjigazetesi.ist\/tr\/wp-json\/wp\/v2\/posts\/71525\" class=\"qtranxs-available-language-link qtranxs-available-language-link-tr\" title=\"Turkish\">Turkish<\/a>. For the sake of viewer convenience, the content is shown below in the alternative language. You may click the link to switch the active language.<\/p><p><strong>AB Komisyonu&#8217;nca yap\u0131lan yaz\u0131l\u0131 a\u00e7\u0131klamada, Bel\u00e7ika, Fransa, Almanya, Yunanistan, \u0130talya ve Polonya\u2019n\u0131n uygulamak istedi\u011fi elektrik kapasite mekanizmalar\u0131n\u0131n AB\u2019nin kamu destek kurallar\u0131 ile uyumlu bulundu\u011fu belirtildi.<img loading=\"lazy\" class=\"alignright size-medium wp-image-58864\" src=\"https:\/\/www.enerjigazetesi.ist\/wp-content\/uploads\/2016\/11\/odenmemis-borclar-nedeniyle-irandan-elektrik-ithalati-durdu-300x168.jpg\" alt=\"\" width=\"300\" height=\"168\" srcset=\"https:\/\/www.enerjigazetesi.ist\/wp-content\/uploads\/2016\/11\/odenmemis-borclar-nedeniyle-irandan-elektrik-ithalati-durdu-300x168.jpg 300w, https:\/\/www.enerjigazetesi.ist\/wp-content\/uploads\/2016\/11\/odenmemis-borclar-nedeniyle-irandan-elektrik-ithalati-durdu-500x280.jpg 500w, https:\/\/www.enerjigazetesi.ist\/wp-content\/uploads\/2016\/11\/odenmemis-borclar-nedeniyle-irandan-elektrik-ithalati-durdu-80x44.jpg 80w, https:\/\/www.enerjigazetesi.ist\/wp-content\/uploads\/2016\/11\/odenmemis-borclar-nedeniyle-irandan-elektrik-ithalati-durdu.jpg 696w\" sizes=\"(max-width: 300px) 100vw, 300px\" \/><\/strong><\/p>\n<p>Yap\u0131lan a\u00e7\u0131klamada, kapasite mekanizmalar\u0131yla, mevcut elektrik kapasitesinin korunmas\u0131 veya yeni kapasiteye yat\u0131r\u0131m yap\u0131lmas\u0131 kar\u015f\u0131l\u0131\u011f\u0131nda elektrik sat\u0131\u015f\u0131 ile elde edilen gelirin \u00fcst\u00fcnde bir miktar\u0131n elektrik sa\u011flay\u0131c\u0131lar\u0131na teklif edilmesine imkan sa\u011flanaca\u011f\u0131 belirtildi. S\u00f6z konusu 6 \u00fclkede uygulanacak kapasite mekanizmalar\u0131n\u0131n enerji arz g\u00fcvenli\u011fine katk\u0131 sa\u011flayaca\u011f\u0131 kaydedilen a\u00e7\u0131klamada, uygulaman\u0131n elektrik piyasas\u0131ndaki rekabeti destekleyece\u011fine vurgu yap\u0131ld\u0131<\/p>\n<p>Ayr\u0131ca kapasite mekanizmas\u0131 ile Bel\u00e7ika ve Almanya\u2019da belirli \u00fcretim kapasitelerinin yaln\u0131zca acil durumlarda operasyona haz\u0131r kalmas\u0131n\u0131n, Fransa ve Yunanistan\u2019da elektrik talebi az oldu\u011funda kullan\u0131m\u0131 azaltmak i\u00e7in m\u00fc\u015fterilere \u00f6deme yap\u0131lmas\u0131n\u0131n sa\u011flanaca\u011f\u0131 dile getirildi. Ayr\u0131ca uygulamayla \u0130talya ve Polonya\u2019da kapasite sa\u011flay\u0131c\u0131lar\u0131n\u0131n ihtiya\u00e7 duyuldu\u011funda g\u00fc\u00e7 \u00fcretebilmek i\u00e7in \u00f6deme alabilece\u011fi de dile getirildi.<\/p>","protected":false},"excerpt":{"rendered":"<p>Sorry, this entry is only available in Turkish. For the sake of viewer convenience, the content is shown below in the alternative language. You may click the link to switch the active language.AB Komisyonu&#8217;nca yap\u0131lan yaz\u0131l\u0131 a\u00e7\u0131klamada, Bel\u00e7ika, Fransa, Almanya, Yunanistan, \u0130talya ve Polonya\u2019n\u0131n uygulamak istedi\u011fi elektrik kapasite mekanizmalar\u0131n\u0131n AB\u2019nin kamu destek kurallar\u0131 ile uyumlu [&hellip;]<\/p>\n","protected":false},"author":1,"featured_media":58864,"comment_status":"open","ping_status":"open","sticky":false,"template":"","format":"standard","meta":[],"categories":[51,53],"tags":[1192,68,34979,19638,36802,26353,2990,9809,67,1009],"views":786,"_links":{"self":[{"href":"https:\/\/www.enerjigazetesi.ist\/en\/wp-json\/wp\/v2\/posts\/71525"}],"collection":[{"href":"https:\/\/www.enerjigazetesi.ist\/en\/wp-json\/wp\/v2\/posts"}],"about":[{"href":"https:\/\/www.enerjigazetesi.ist\/en\/wp-json\/wp\/v2\/types\/post"}],"author":[{"embeddable":true,"href":"https:\/\/www.enerjigazetesi.ist\/en\/wp-json\/wp\/v2\/users\/1"}],"replies":[{"embeddable":true,"href":"https:\/\/www.enerjigazetesi.ist\/en\/wp-json\/wp\/v2\/comments?post=71525"}],"version-history":[{"count":1,"href":"https:\/\/www.enerjigazetesi.ist\/en\/wp-json\/wp\/v2\/posts\/71525\/revisions"}],"predecessor-version":[{"id":71526,"href":"https:\/\/www.enerjigazetesi.ist\/en\/wp-json\/wp\/v2\/posts\/71525\/revisions\/71526"}],"wp:featuredmedia":[{"embeddable":true,"href":"https:\/\/www.enerjigazetesi.ist\/en\/wp-json\/wp\/v2\/media\/58864"}],"wp:attachment":[{"href":"https:\/\/www.enerjigazetesi.ist\/en\/wp-json\/wp\/v2\/media?parent=71525"}],"wp:term":[{"taxonomy":"category","embeddable":true,"href":"https:\/\/www.enerjigazetesi.ist\/en\/wp-json\/wp\/v2\/categories?post=71525"},{"taxonomy":"post_tag","embeddable":true,"href":"https:\/\/www.enerjigazetesi.ist\/en\/wp-json\/wp\/v2\/tags?post=71525"}],"curies":[{"name":"wp","href":"https:\/\/api.w.org\/{rel}","templated":true}]}}