{"id":71488,"date":"2018-02-09T13:58:44","date_gmt":"2018-02-09T10:58:44","guid":{"rendered":"https:\/\/www.enerjigazetesi.ist\/?p=71488"},"modified":"2018-02-09T13:58:44","modified_gmt":"2018-02-09T10:58:44","slug":"tureb-ruzgar-istatistiklerini-acikladi","status":"publish","type":"post","link":"https:\/\/www.enerjigazetesi.ist\/en\/tureb-ruzgar-istatistiklerini-acikladi\/","title":{"rendered":"(Turkish) T\u00dcREB R\u00fczgar \u0130statistiklerini A\u00e7\u0131klad\u0131"},"content":{"rendered":"<p class=\"qtranxs-available-languages-message qtranxs-available-languages-message-en\">Sorry, this entry is only available in <a href=\"https:\/\/www.enerjigazetesi.ist\/tr\/wp-json\/wp\/v2\/posts\/71488\" class=\"qtranxs-available-language-link qtranxs-available-language-link-tr\" title=\"Turkish\">Turkish<\/a>. For the sake of viewer convenience, the content is shown below in the alternative language. You may click the link to switch the active language.<\/p><p><strong>Ge\u00e7en y\u0131l tamamlanan yakla\u015f\u0131k 4000MW\u2019l\u0131k yar\u0131\u015fmalar\u0131n, toplam be\u015f milyar dolarl\u0131k r\u00fczgar yat\u0131r\u0131m\u0131 anlam\u0131na geldi\u011finin alt\u0131 \u00e7izilen raporda, T\u00fcrkiye\u2019nin r\u00fczgar santrali yat\u0131r\u0131mlar\u0131nda ve r\u00fczgar sanayisinin yerlile\u015fmesinde ata\u011fa ge\u00e7ti\u011fi vurguland\u0131.<\/strong><\/p>\n<p>Her y\u0131l r\u00fczgar hakk\u0131ndaki geli\u015fmeleri raporlayan T\u00dcREB, r\u00fczgar enerjisi istatistik raporunu bug\u00fcn d\u00fczenledikleri bas\u0131n toplant\u0131s\u0131yla payla\u015ft\u0131. Ge\u00e7en y\u0131l tamamlanan yakla\u015f\u0131k 4000MW\u2019l\u0131k yar\u0131\u015fmalar\u0131n, <img loading=\"lazy\" class=\"alignleft size-medium wp-image-71489\" src=\"https:\/\/www.enerjigazetesi.ist\/wp-content\/uploads\/2018\/02\/tureb-ruzgar-istatistiklerini-acikladi-300x200.jpg\" alt=\"\" width=\"300\" height=\"200\" srcset=\"https:\/\/www.enerjigazetesi.ist\/wp-content\/uploads\/2018\/02\/tureb-ruzgar-istatistiklerini-acikladi-300x200.jpg 300w, https:\/\/www.enerjigazetesi.ist\/wp-content\/uploads\/2018\/02\/tureb-ruzgar-istatistiklerini-acikladi-768x512.jpg 768w, https:\/\/www.enerjigazetesi.ist\/wp-content\/uploads\/2018\/02\/tureb-ruzgar-istatistiklerini-acikladi-1024x683.jpg 1024w, https:\/\/www.enerjigazetesi.ist\/wp-content\/uploads\/2018\/02\/tureb-ruzgar-istatistiklerini-acikladi-500x333.jpg 500w, https:\/\/www.enerjigazetesi.ist\/wp-content\/uploads\/2018\/02\/tureb-ruzgar-istatistiklerini-acikladi-75x50.jpg 75w, https:\/\/www.enerjigazetesi.ist\/wp-content\/uploads\/2018\/02\/tureb-ruzgar-istatistiklerini-acikladi.jpg 1296w\" sizes=\"(max-width: 300px) 100vw, 300px\" \/>toplam be\u015f milyar dolarl\u0131k r\u00fczgar yat\u0131r\u0131m\u0131 anlam\u0131na geldi\u011finin alt\u0131 \u00e7izilen raporda, T\u00fcrkiye\u2019nin r\u00fczgar santrali yat\u0131r\u0131mlar\u0131nda ve r\u00fczgar sanayisinin yerlile\u015fmesinde ata\u011fa ge\u00e7ti\u011fi vurguland\u0131.<\/p>\n<p>Rapora g\u00f6re r\u00fczgar enerjisinde hem i\u015fletmeye ge\u00e7en, hem de in\u015faas\u0131 devam eden santrallerde azalma oldu\u011fu g\u00f6r\u00fcl\u00fcyor. R\u00fczgar yat\u0131r\u0131mlar\u0131 yok denecek kadar az olan Karadeniz ve G\u00fcneydo\u011fu Anadolu b\u00f6lgeleri gibi ikincil r\u00fczgar alanlar\u0131nda ise hayata ge\u00e7en santrallerde art\u0131\u015f var.<\/p>\n<p>Son be\u015f y\u0131ld\u0131r ortalama y\u00fczde 30 b\u00fcy\u00fcyen sekt\u00f6r, bu y\u0131l y\u00fczde 12,5 oran\u0131nda art\u0131\u015f kaydetti. \u0130n\u015faa halindeki santrallerde ise y\u00fczde 30 oran\u0131nda gerileme var.<\/p>\n<p>Raporda r\u00fczgar kurulu g\u00fcc\u00fcn\u00fcn 2016 sonunda 6.106 MW, 2017 sonunda ise 766 MW\u2019l\u0131k bir art\u0131\u015fla 6.872 MW\u2019a ula\u015ft\u0131\u011f\u0131 belirtildi. \u0130\u015fletmede olan proje say\u0131s\u0131 164 olurken, Polat Enerji 566 MW ile ilk s\u0131rada, G\u00fcri\u015f 453 MW ile ikinci s\u0131rada ve Demirer Holding 445 MW ile \u00fc\u00e7\u00fcnc\u00fc s\u0131rada yer al\u0131yor.<\/p>\n<p>\u0130\u015fletmedeki r\u00fczgar enerjisi santrallerinin kurulu g\u00fc\u00e7 bak\u0131m\u0131ndan y\u00fczde 39\u2019u Ege b\u00f6lgesinde, y\u00fczde 34\u2019\u00fc Marmara\u2019da, y\u00fczde 13\u2019\u00fc Akdeniz\u2019de ve y\u00fczde 9\u2019u \u0130\u00e7 Anadolu B\u00f6lgesinde bulunuyor. Karadeniz ve G\u00fcneydo\u011fu Anadolu\u2019da hayata ge\u00e7en santrallerde art\u0131\u015f oldu\u011fu g\u00f6r\u00fcl\u00fcyor. \u0130llere g\u00f6re s\u0131ralamada ge\u00e7en seneye g\u00f6re bir de\u011fi\u015fiklik yok. Yine birincil r\u00fczgar alanlar\u0131 olan \u0130zmir, Bal\u0131kesir, Manisa ve Hatay \u00f6n planda.<\/p>\n<p><strong>\u0130\u015fletmedeki RES\u2019lerin % 61\u2019i 2007 \u00f6ncesi ba\u015fvurular\u0131na ait<\/strong><\/p>\n<p>Rapordaki \u00e7arp\u0131c\u0131 b\u00f6l\u00fcmlerden biri de ba\u015fvuru tarihlerine g\u00f6re \u0130\u015fletmedeki RES\u2019ler. \u0130\u015fletmedeki RES\u2019lerin y\u00fczde 61\u2019i 2007 y\u0131l\u0131 \u00f6ncesindeki ba\u015fvurulara ait. 1 Kas\u0131m 2007 sonras\u0131nda ise y\u00fczde 28\u2019inin i\u015fletmeye ge\u00e7ebildi\u011fi, kalan y\u00fczde 11\u2019lik k\u0131sm\u0131n da ilave kapasite art\u0131\u015flar\u0131ndan dolay\u0131 oldu\u011fu belirtiliyor.<\/p>\n<p><strong>\u0130n\u015faa Halinde RES\u2019ler y\u00fczde 31 azald\u0131 <\/strong><\/p>\n<p>\u0130n\u015faas\u0131 devam eden 552 MW\u2019l\u0131k 26 proje i\u00e7inde en b\u00fcy\u00fck pay 155 MW ile Sancak Enerjiye ait. 57 MW ile Pakmem Elektrik ikinci, 39 MW ile Erdem Holding \u00fc\u00e7\u00fcnc\u00fc s\u0131rada yer al\u0131yor. \u0130n\u015faa halinde projelerin bu sene \u0130\u00e7 Anadolu b\u00f6lgesinde a\u011f\u0131rl\u0131k kazand\u0131\u011f\u0131 g\u00f6zlemleniyor. Konya\u2019daki ve Kahramanmara\u015fta\u2019ki in\u015faas\u0131 devam eden r\u00fczgar yat\u0131r\u0131mlar\u0131 ise art\u0131k T\u00fcrkiye\u2019de ikincil r\u00fczgar alanlar\u0131n\u0131n da hareketlendi\u011finin g\u00f6stergesi.<\/p>\n<p><strong>Kapasite Art\u0131\u015f Talepleri De\u011ferlendirilmeli<\/strong><\/p>\n<p>Rapora ili\u015fkin g\u00f6r\u00fc\u015flerini d\u00fczenledikleri bas\u0131n toplant\u0131s\u0131nda dile getiren T\u00dcREB Ba\u015fkan\u0131 Mustafa Serdar Ataseven, sekt\u00f6r olarak \u00f6ncelikli ama\u00e7lar\u0131n\u0131n s\u00fcrd\u00fcr\u00fclebilir, \u00f6ng\u00f6r\u00fclebilir ve yerlilik oran\u0131 y\u00fcksek bir piyasa olu\u015fturmak oldu\u011funu s\u00f6yledi. 2020 y\u0131l\u0131 sonras\u0131ndaki belirsizli\u011fin ortadan kald\u0131r\u0131lmas\u0131yla sekt\u00f6rdeki canl\u0131l\u0131\u011f\u0131n daha da artaca\u011f\u0131na inand\u0131klar\u0131n\u0131 ifade eden Ataseven, sanayicilerin ve yabanc\u0131 yat\u0131r\u0131mc\u0131lar\u0131n bu s\u00fcreci yak\u0131ndan takip ettiklerinin alt\u0131n\u0131 \u00e7izdi.<\/p>\n<p>Ge\u00e7ti\u011fimiz y\u0131la g\u00f6re r\u00fczgar sekt\u00f6r\u00fc performans\u0131n\u0131n d\u00fc\u015ft\u00fc\u011f\u00fcn\u00fc kaydeden Ataseven,\u00a0 yat\u0131r\u0131m s\u00fcre\u00e7leri esnas\u0131nda sekt\u00f6r\u00fcn yava\u015flamas\u0131n\u0131 istemediklerini belirterek konu hakk\u0131nda \u015funlar\u0131 payla\u015ft\u0131: \u201c\u0130n\u015faa halindeki santrallerimizde ciddi bir azalma var. Ve maalesef yerine yenilerini ekleyemedik. 2015 y\u0131l\u0131n\u0131n m\u00fcracaatlar\u0131na ili\u015fkin yar\u0131\u015fmalar y\u0131l sonu tamamland\u0131. Sekt\u00f6r \u00f6n\u00fcm\u00fczdeki iki \u00fc\u00e7 y\u0131l boyunca izin s\u00fcre\u00e7leri ve in\u015faalar ile u\u011fra\u015facak. Bu da r\u00fczgar sekt\u00f6r\u00fc i\u00e7in daralma anlam\u0131na geliyor. \u0130n\u015faa halinde olan santrallere bakt\u0131\u011f\u0131m\u0131zda iki t\u00fcrbin firmas\u0131n\u0131n \u00f6n planda oldu\u011funu g\u00f6r\u00fcyoruz. Di\u011fer t\u00fcrbin firmalar\u0131n\u0131n ve sanayicinin de canl\u0131l\u0131klar\u0131n\u0131 korumalar\u0131 i\u00e7in sekt\u00f6r hareketlili\u011finin devam etmesi \u00f6nemli.<\/p>\n<p>Bu noktada halen i\u015fletmede olan baz\u0131 projelerin kapasite art\u0131\u015f taleplerinin de\u011ferlendirilmesi y\u00f6n\u00fcnde bir \u00f6nerimiz var. Yat\u0131r\u0131mc\u0131lar\u0131n mevzuatta yer alan kapasite art\u0131\u015flar\u0131na ili\u015fkin taleplerinin \u00f6n\u00fcn\u00fcn a\u00e7\u0131lmas\u0131 bu s\u00fcreci rahatlatacakt\u0131r diye d\u00fc\u015f\u00fcn\u00fcyoruz.<\/p>\n<p>Bu taleplerin \u00f6n\u00fc a\u00e7\u0131l\u0131rsa sekt\u00f6r s\u00fcratle bu yat\u0131r\u0131mlar\u0131 hayata ge\u00e7irebilir. \u00c7\u00fcnk\u00fc bu projeler in\u015faat izin s\u00fcre\u00e7lerini tamamlam\u0131\u015f, yollar\u0131n\u0131 in\u015faa etmi\u015f, enerji nakil hatlar\u0131n\u0131 ba\u011flatm\u0131\u015f, kamula\u015ft\u0131rmas\u0131n\u0131 bitirmi\u015f projeler. Yat\u0131r\u0131m tutar\u0131 1,5-2 milyar dolar olan, 1.100 MW civar\u0131ndaki bu yat\u0131r\u0131mlar\u0131n \u00f6n\u00fc a\u00e7\u0131l\u0131rsa, 2018-2019 y\u0131llar\u0131nda olu\u015facak duraksaman\u0131n \u00f6n\u00fcne ge\u00e7ilebilece\u011fini d\u00fc\u015f\u00fcn\u00fcyoruz.<\/p>\n<p>Bununla birlikte \u00fclkemizdeki sanayinin h\u0131zla geli\u015fmesi i\u00e7in b\u00fcy\u00fck \u00f6l\u00e7ekli projelere ihtiya\u00e7 var. Zaten YEKA bu ama\u00e7la ortaya konan projelerden biri. YEKA projesi ile birlikte k\u00fc\u00e7\u00fck ve orta \u00f6l\u00e7ekli projelerin devaml\u0131l\u0131\u011f\u0131n\u0131n sa\u011flanmas\u0131 sekt\u00f6r\u00fcn s\u00fcrd\u00fcr\u00fclebilirli\u011fi a\u00e7\u0131s\u0131ndan \u00f6nemli. Bunlar\u0131n hepsini birarada yapmay\u0131 ba\u015farabilirsek \u00fclke ekonomisine maksimum fayday\u0131 sa\u011flam\u0131\u015f olur, piyasada derinle\u015firiz.<\/p>\n<p>\u0130lerleyen s\u00fcre\u00e7te T\u00fcrkiye\u2019de r\u00fczgar sekt\u00f6r\u00fc belli bir doygunlu\u011fa ula\u015ft\u0131ktan sonra, Ortado\u011fu ve Kuzey Afrikadaki \u00fclkelere kadar uzanan sanayici portf\u00f6y\u00fc olu\u015fmas\u0131na destek vermi\u015f oluruz. K\u0131sacas\u0131 sekt\u00f6r hem normal mevzuatlarla al\u0131nan ba\u015fvurular\u0131, hem de YEKA\u2019y\u0131 birlikte s\u00fcrd\u00fcrmeyi bekliyor. Bu nedenle Nisan 2018\u2019de al\u0131nmas\u0131 planlanan 2000MW\u2019l\u0131k ba\u015fvurular\u0131n al\u0131nmas\u0131 sekt\u00f6r ad\u0131na b\u00fcy\u00fck \u00f6nem ta\u015f\u0131yor.<\/p>\n<p>Bir de, yar\u0131\u015fmalar\u0131n piyasa fiyat\u0131 \u00fczerinden indirim belirterek de\u011fil de, YEKA modelinde oldu\u011fu gibi elektrik fiyatlar\u0131 \u00fczerinden de\u011ferlendirilmesinin projelerin hayata ge\u00e7me \u015fans\u0131n\u0131\u00a0 artt\u0131raca\u011f\u0131n\u0131 d\u00fc\u015f\u00fcn\u00fcyoruz. Bu yakla\u015f\u0131m finansman sa\u011flama a\u00e7\u0131s\u0131ndan da yat\u0131r\u0131mc\u0131ya kolayl\u0131k sa\u011flayacakt\u0131r. Temiz enerjiye giden yolda ad\u0131mlar\u0131m\u0131z\u0131 h\u0131zland\u0131rman\u0131n tam zaman\u0131.\u201d<\/p>","protected":false},"excerpt":{"rendered":"<p>Sorry, this entry is only available in Turkish. For the sake of viewer convenience, the content is shown below in the alternative language. You may click the link to switch the active language.Ge\u00e7en y\u0131l tamamlanan yakla\u015f\u0131k 4000MW\u2019l\u0131k yar\u0131\u015fmalar\u0131n, toplam be\u015f milyar dolarl\u0131k r\u00fczgar yat\u0131r\u0131m\u0131 anlam\u0131na geldi\u011finin alt\u0131 \u00e7izilen raporda, T\u00fcrkiye\u2019nin r\u00fczgar santrali yat\u0131r\u0131mlar\u0131nda ve r\u00fczgar [&hellip;]<\/p>\n","protected":false},"author":1,"featured_media":71489,"comment_status":"open","ping_status":"open","sticky":false,"template":"","format":"standard","meta":[],"categories":[53,50],"tags":[67,1009,474,35002,24949,34960,1682],"views":978,"_links":{"self":[{"href":"https:\/\/www.enerjigazetesi.ist\/en\/wp-json\/wp\/v2\/posts\/71488"}],"collection":[{"href":"https:\/\/www.enerjigazetesi.ist\/en\/wp-json\/wp\/v2\/posts"}],"about":[{"href":"https:\/\/www.enerjigazetesi.ist\/en\/wp-json\/wp\/v2\/types\/post"}],"author":[{"embeddable":true,"href":"https:\/\/www.enerjigazetesi.ist\/en\/wp-json\/wp\/v2\/users\/1"}],"replies":[{"embeddable":true,"href":"https:\/\/www.enerjigazetesi.ist\/en\/wp-json\/wp\/v2\/comments?post=71488"}],"version-history":[{"count":1,"href":"https:\/\/www.enerjigazetesi.ist\/en\/wp-json\/wp\/v2\/posts\/71488\/revisions"}],"predecessor-version":[{"id":71490,"href":"https:\/\/www.enerjigazetesi.ist\/en\/wp-json\/wp\/v2\/posts\/71488\/revisions\/71490"}],"wp:featuredmedia":[{"embeddable":true,"href":"https:\/\/www.enerjigazetesi.ist\/en\/wp-json\/wp\/v2\/media\/71489"}],"wp:attachment":[{"href":"https:\/\/www.enerjigazetesi.ist\/en\/wp-json\/wp\/v2\/media?parent=71488"}],"wp:term":[{"taxonomy":"category","embeddable":true,"href":"https:\/\/www.enerjigazetesi.ist\/en\/wp-json\/wp\/v2\/categories?post=71488"},{"taxonomy":"post_tag","embeddable":true,"href":"https:\/\/www.enerjigazetesi.ist\/en\/wp-json\/wp\/v2\/tags?post=71488"}],"curies":[{"name":"wp","href":"https:\/\/api.w.org\/{rel}","templated":true}]}}