{"id":71485,"date":"2018-02-09T13:49:47","date_gmt":"2018-02-09T10:49:47","guid":{"rendered":"https:\/\/www.enerjigazetesi.ist\/?p=71485"},"modified":"2018-02-09T13:49:47","modified_gmt":"2018-02-09T10:49:47","slug":"trafolar-sosyal-mesajlarla-renkleniyor","status":"publish","type":"post","link":"https:\/\/www.enerjigazetesi.ist\/en\/trafolar-sosyal-mesajlarla-renkleniyor\/","title":{"rendered":"(Turkish) Trafolar Sosyal Mesajlarla Renkleniyor"},"content":{"rendered":"<p class=\"qtranxs-available-languages-message qtranxs-available-languages-message-en\">Sorry, this entry is only available in <a href=\"https:\/\/www.enerjigazetesi.ist\/tr\/wp-json\/wp\/v2\/posts\/71485\" class=\"qtranxs-available-language-link qtranxs-available-language-link-tr\" title=\"Turkish\">Turkish<\/a>. For the sake of viewer convenience, the content is shown below in the alternative language. You may click the link to switch the active language.<\/p><p><strong>Uluda\u011f Elektrik Da\u011f\u0131t\u0131m A.\u015e. (UEDA\u015e) toplumsal ve g\u00fcncel sorunlar\u0131n \u00e7\u00f6z\u00fcm\u00fcne katk\u0131 sa\u011flamak amac\u0131yla \u201cTrafolar Konu\u015fuyor\u201d projesini hayata ge\u00e7irdi.<\/strong><\/p>\n<p>UEDA\u015e Genel M\u00fcd\u00fcr\u00fc \u0130brahim G\u00fcm\u00fc\u015fl\u00fc, grafiti sanat\u00e7\u0131lar\u0131n\u0131 verilen desteklerle trafo binalar\u0131na kad\u0131na \u015fiddet, trafik kurallar\u0131, madde ba\u011f\u0131ml\u0131l\u0131\u011f\u0131, kan ba\u011f\u0131\u015f\u0131 gibi konularda sosyal mesajlar\u0131 yaz\u0131ld\u0131\u011f\u0131n\u0131 s\u00f6yledi.<\/p>\n<p><img loading=\"lazy\" class=\"alignleft size-medium wp-image-71486\" src=\"https:\/\/www.enerjigazetesi.ist\/wp-content\/uploads\/2018\/02\/trafolar-sosyal-mesajlarla-renkleniyor-300x225.jpg\" alt=\"\" width=\"300\" height=\"225\" srcset=\"https:\/\/www.enerjigazetesi.ist\/wp-content\/uploads\/2018\/02\/trafolar-sosyal-mesajlarla-renkleniyor-300x225.jpg 300w, https:\/\/www.enerjigazetesi.ist\/wp-content\/uploads\/2018\/02\/trafolar-sosyal-mesajlarla-renkleniyor-500x375.jpg 500w, https:\/\/www.enerjigazetesi.ist\/wp-content\/uploads\/2018\/02\/trafolar-sosyal-mesajlarla-renkleniyor-67x50.jpg 67w, https:\/\/www.enerjigazetesi.ist\/wp-content\/uploads\/2018\/02\/trafolar-sosyal-mesajlarla-renkleniyor.jpg 512w\" sizes=\"(max-width: 300px) 100vw, 300px\" \/>UEDA\u015e Genel M\u00fcd\u00fcr\u00fc G\u00fcm\u00fc\u015fl\u00fc, \u201cTrafolar\u0131 bo\u015f bir binadan veya reklam mecras\u0131 olmaktan d\u0131\u015far\u0131 \u00e7\u0131kararak hi\u00e7bir ticari kayg\u0131 olmadan toplumla konu\u015fan yerler haline getirmeye \u00e7al\u0131\u015f\u0131yoruz&#8221; dedi.<\/p>\n<p>Toplumsal ve g\u00fcncel sorunlar\u0131n \u00e7\u00f6z\u00fcm\u00fcne katk\u0131 sa\u011flaman\u0131n ama\u00e7land\u0131\u011f\u0131 projeye ili\u015fkin konu\u015fan UEDA\u015e Genel M\u00fcd\u00fcr\u00fc \u0130brahim G\u00fcm\u00fc\u015fl\u00fc, s\u00f6zlerini \u015f\u00f6yle s\u00fcrd\u00fcrd\u00fc:<\/p>\n<p>\u201cVatanda\u015flar\u0131m\u0131za hizmet verirken toplumsal ve g\u00fcncel sorunlar\u0131n \u00e7\u00f6z\u00fcm\u00fcne katk\u0131 sa\u011flamay\u0131 ama\u00e7l\u0131yoruz. Trafo merkezlerini sosyal i\u00e7erikli, alg\u0131da fayda sa\u011flayacak, hatalara dokunacak, insan hayat\u0131na katk\u0131 sunacak bir platforma \u00e7evirdik. Grafiti sanat\u00e7\u0131s\u0131 arkada\u015flarla ve kamu kurumlar\u0131yla i\u015f birli\u011fi yaparak, hangi mesajlar\u0131 vermemizde fayda olaca\u011f\u0131na karar verip trafo binalar\u0131n\u0131n so\u011fuk ve karanl\u0131k y\u00fcz\u00fcn\u00fc topluma faydal\u0131 bir hale getirmek bir proje ba\u015flatt\u0131k&#8221;<\/p>","protected":false},"excerpt":{"rendered":"<p>Sorry, this entry is only available in Turkish. For the sake of viewer convenience, the content is shown below in the alternative language. You may click the link to switch the active language.Uluda\u011f Elektrik Da\u011f\u0131t\u0131m A.\u015e. (UEDA\u015e) toplumsal ve g\u00fcncel sorunlar\u0131n \u00e7\u00f6z\u00fcm\u00fcne katk\u0131 sa\u011flamak amac\u0131yla \u201cTrafolar Konu\u015fuyor\u201d projesini hayata ge\u00e7irdi. UEDA\u015e Genel M\u00fcd\u00fcr\u00fc \u0130brahim G\u00fcm\u00fc\u015fl\u00fc, [&hellip;]<\/p>\n","protected":false},"author":1,"featured_media":71486,"comment_status":"open","ping_status":"open","sticky":false,"template":"","format":"standard","meta":[],"categories":[51,53],"tags":[34979,26353,67,1009,8844,2227,10698],"views":920,"_links":{"self":[{"href":"https:\/\/www.enerjigazetesi.ist\/en\/wp-json\/wp\/v2\/posts\/71485"}],"collection":[{"href":"https:\/\/www.enerjigazetesi.ist\/en\/wp-json\/wp\/v2\/posts"}],"about":[{"href":"https:\/\/www.enerjigazetesi.ist\/en\/wp-json\/wp\/v2\/types\/post"}],"author":[{"embeddable":true,"href":"https:\/\/www.enerjigazetesi.ist\/en\/wp-json\/wp\/v2\/users\/1"}],"replies":[{"embeddable":true,"href":"https:\/\/www.enerjigazetesi.ist\/en\/wp-json\/wp\/v2\/comments?post=71485"}],"version-history":[{"count":1,"href":"https:\/\/www.enerjigazetesi.ist\/en\/wp-json\/wp\/v2\/posts\/71485\/revisions"}],"predecessor-version":[{"id":71487,"href":"https:\/\/www.enerjigazetesi.ist\/en\/wp-json\/wp\/v2\/posts\/71485\/revisions\/71487"}],"wp:featuredmedia":[{"embeddable":true,"href":"https:\/\/www.enerjigazetesi.ist\/en\/wp-json\/wp\/v2\/media\/71486"}],"wp:attachment":[{"href":"https:\/\/www.enerjigazetesi.ist\/en\/wp-json\/wp\/v2\/media?parent=71485"}],"wp:term":[{"taxonomy":"category","embeddable":true,"href":"https:\/\/www.enerjigazetesi.ist\/en\/wp-json\/wp\/v2\/categories?post=71485"},{"taxonomy":"post_tag","embeddable":true,"href":"https:\/\/www.enerjigazetesi.ist\/en\/wp-json\/wp\/v2\/tags?post=71485"}],"curies":[{"name":"wp","href":"https:\/\/api.w.org\/{rel}","templated":true}]}}