{"id":71463,"date":"2018-02-08T12:21:35","date_gmt":"2018-02-08T09:21:35","guid":{"rendered":"https:\/\/www.enerjigazetesi.ist\/?p=71463"},"modified":"2018-02-08T12:21:54","modified_gmt":"2018-02-08T09:21:54","slug":"2017-yilinda-yenilenebilir-enerji-alanindaki-hedeflere-ulasildi","status":"publish","type":"post","link":"https:\/\/www.enerjigazetesi.ist\/en\/2017-yilinda-yenilenebilir-enerji-alanindaki-hedeflere-ulasildi\/","title":{"rendered":"(Turkish) 2017 Y\u0131l\u0131nda Yenilenebilir Enerji Alan\u0131ndaki Hedeflere Ula\u015f\u0131ld\u0131"},"content":{"rendered":"<p class=\"qtranxs-available-languages-message qtranxs-available-languages-message-en\">Sorry, this entry is only available in <a href=\"https:\/\/www.enerjigazetesi.ist\/tr\/wp-json\/wp\/v2\/posts\/71463\" class=\"qtranxs-available-language-link qtranxs-available-language-link-tr\" title=\"Turkish\">Turkish<\/a>. For the sake of viewer convenience, the content is shown below in the alternative language. You may click the link to switch the active language.<\/p><p><strong>Enerji ve Tabii Kaynaklar Bakanl\u0131\u011f\u0131 y\u00fcz\u00fcn\u00fc enerji \u00fcretimi i\u00e7in yenilenebilir kaynaklara y\u00f6neltti. Milli Enerji ve Maden Politikas\u0131 gere\u011fince su, r\u00fczgar ve g\u00fcne\u015f enerjisi odakl\u0131 proje ve eylem plan\u0131 ba\u015flatan bakanl\u0131k, yenilenebilir kaynaklarla elektrik enerjisi \u00fcretimine a\u011f\u0131rl\u0131k vererek 2017 y\u0131l\u0131n\u0131n sonunda ula\u015fmay\u0131 hedefledi\u011fi y\u00fczde 30 baraj\u0131n\u0131 <img loading=\"lazy\" class=\"alignleft size-medium wp-image-7694\" src=\"https:\/\/www.enerjigazetesi.ist\/wp-content\/uploads\/2013\/03\/yenilenebilir-enerji-kaynaklari-300x190.jpg\" alt=\"\" width=\"300\" height=\"190\" srcset=\"https:\/\/www.enerjigazetesi.ist\/wp-content\/uploads\/2013\/03\/yenilenebilir-enerji-kaynaklari-300x190.jpg 300w, https:\/\/www.enerjigazetesi.ist\/wp-content\/uploads\/2013\/03\/yenilenebilir-enerji-kaynaklari-1024x651.jpg 1024w, https:\/\/www.enerjigazetesi.ist\/wp-content\/uploads\/2013\/03\/yenilenebilir-enerji-kaynaklari-500x318.jpg 500w, https:\/\/www.enerjigazetesi.ist\/wp-content\/uploads\/2013\/03\/yenilenebilir-enerji-kaynaklari-80x50.jpg 80w, https:\/\/www.enerjigazetesi.ist\/wp-content\/uploads\/2013\/03\/yenilenebilir-enerji-kaynaklari.jpg 1872w\" sizes=\"(max-width: 300px) 100vw, 300px\" \/>y\u00fczde 32 ile a\u015ft\u0131\u011f\u0131n\u0131 a\u00e7\u0131klad\u0131.<\/strong><\/p>\n<p><span id=\"more-97737\"><\/span>Su, g\u00fcne\u015f ve r\u00fczgar g\u00fcc\u00fc ile elde edilecek elektrikle, d\u0131\u015fa ba\u011f\u0131ml\u0131l\u0131\u011f\u0131n azalaca\u011f\u0131n\u0131 \u00f6n g\u00f6ren bakanl\u0131k, att\u0131\u011f\u0131 ad\u0131mlar ve yapt\u0131\u011f\u0131 \u00e7al\u0131\u015fmalarla 2023\u2019te ula\u015fmay\u0131 hedefledi\u011fi ilerlemeye, ge\u00e7en alt\u0131 ayda ula\u015ft\u0131\u011f\u0131n\u0131 belirtti. Son 10 y\u0131ld\u0131r enerji yat\u0131r\u0131mlar\u0131n\u0131n y\u00fczde 50\u2019den fazlas\u0131n\u0131 yenilenebilir enerji odakl\u0131 yapt\u0131klar\u0131n\u0131 belirtti.<\/p>\n<p>Yerli ve yenilenebilir enerji projesinin sadece \u00fcretime de\u011fil yerli teknolojinin geli\u015ftirilmesine de katk\u0131 sa\u011flad\u0131\u011f\u0131n\u0131 kaydeden bakanl\u0131k yetkilileri, yenilenebilir enerji kaynaklar\u0131n\u0131n \u015fu an oldu\u011fundan daha verimli kullan\u0131labilmesi i\u00e7in ciddi ad\u0131mlar at\u0131ld\u0131\u011f\u0131n\u0131 s\u00f6yledi. Ayn\u0131 zamanda T\u00fcrkiye\u2019nin yenilenebilir enerji konusunda ara\u015ft\u0131rma geli\u015ftirme faaliyetlerine de a\u011f\u0131rl\u0131k vererek yat\u0131r\u0131m ayr\u0131laca\u011f\u0131n\u0131n alt\u0131 \u00e7izildi. Yenilenebilir enerji projesi kapsam\u0131 ile ikinci ad\u0131m\u0131n r\u00fczgar g\u00fcc\u00fc oldu\u011funa dair bilgiler sunan bakanl\u0131k, yat\u0131r\u0131m de\u011ferinin 1 milyar dolar\u0131n \u00fczerinde olan projeden sa\u011flanacak elektri\u011fin 1 milyondan fazla hanenin elektri\u011fini kar\u015f\u0131layaca\u011f\u0131n\u0131 dile getirdi.<\/p>","protected":false},"excerpt":{"rendered":"<p>Sorry, this entry is only available in Turkish. For the sake of viewer convenience, the content is shown below in the alternative language. You may click the link to switch the active language.Enerji ve Tabii Kaynaklar Bakanl\u0131\u011f\u0131 y\u00fcz\u00fcn\u00fc enerji \u00fcretimi i\u00e7in yenilenebilir kaynaklara y\u00f6neltti. Milli Enerji ve Maden Politikas\u0131 gere\u011fince su, r\u00fczgar ve g\u00fcne\u015f enerjisi [&hellip;]<\/p>\n","protected":false},"author":1,"featured_media":7694,"comment_status":"open","ping_status":"open","sticky":false,"template":"","format":"standard","meta":[],"categories":[53,49,50],"tags":[68,67,1009,532,23416,34423,24949,11579,105,4922,1707],"views":1058,"_links":{"self":[{"href":"https:\/\/www.enerjigazetesi.ist\/en\/wp-json\/wp\/v2\/posts\/71463"}],"collection":[{"href":"https:\/\/www.enerjigazetesi.ist\/en\/wp-json\/wp\/v2\/posts"}],"about":[{"href":"https:\/\/www.enerjigazetesi.ist\/en\/wp-json\/wp\/v2\/types\/post"}],"author":[{"embeddable":true,"href":"https:\/\/www.enerjigazetesi.ist\/en\/wp-json\/wp\/v2\/users\/1"}],"replies":[{"embeddable":true,"href":"https:\/\/www.enerjigazetesi.ist\/en\/wp-json\/wp\/v2\/comments?post=71463"}],"version-history":[{"count":1,"href":"https:\/\/www.enerjigazetesi.ist\/en\/wp-json\/wp\/v2\/posts\/71463\/revisions"}],"predecessor-version":[{"id":71464,"href":"https:\/\/www.enerjigazetesi.ist\/en\/wp-json\/wp\/v2\/posts\/71463\/revisions\/71464"}],"wp:featuredmedia":[{"embeddable":true,"href":"https:\/\/www.enerjigazetesi.ist\/en\/wp-json\/wp\/v2\/media\/7694"}],"wp:attachment":[{"href":"https:\/\/www.enerjigazetesi.ist\/en\/wp-json\/wp\/v2\/media?parent=71463"}],"wp:term":[{"taxonomy":"category","embeddable":true,"href":"https:\/\/www.enerjigazetesi.ist\/en\/wp-json\/wp\/v2\/categories?post=71463"},{"taxonomy":"post_tag","embeddable":true,"href":"https:\/\/www.enerjigazetesi.ist\/en\/wp-json\/wp\/v2\/tags?post=71463"}],"curies":[{"name":"wp","href":"https:\/\/api.w.org\/{rel}","templated":true}]}}