{"id":71451,"date":"2018-02-08T11:45:14","date_gmt":"2018-02-08T08:45:14","guid":{"rendered":"https:\/\/www.enerjigazetesi.ist\/?p=71451"},"modified":"2018-02-08T11:45:14","modified_gmt":"2018-02-08T08:45:14","slug":"avrupanin-ruzgar-enerjisi-santrallerinin-yarisi-birlesik-kralliklarinda","status":"publish","type":"post","link":"https:\/\/www.enerjigazetesi.ist\/en\/avrupanin-ruzgar-enerjisi-santrallerinin-yarisi-birlesik-kralliklarinda\/","title":{"rendered":"(Turkish) \u201cAvrupa\u2019n\u0131n R\u00fczgar Enerjisi Santrallerinin Yar\u0131s\u0131 Birle\u015fik Krall\u0131klar\u0131nda\u201d"},"content":{"rendered":"<p class=\"qtranxs-available-languages-message qtranxs-available-languages-message-en\">Sorry, this entry is only available in <a href=\"https:\/\/www.enerjigazetesi.ist\/tr\/wp-json\/wp\/v2\/posts\/71451\" class=\"qtranxs-available-language-link qtranxs-available-language-link-tr\" title=\"Turkish\">Turkish<\/a>. For the sake of viewer convenience, the content is shown below in the alternative language. You may click the link to switch the active language.<\/p><p><strong>Bel\u00e7ika merkezli bir r\u00fczgar enerji \u015firketi olan WindEurope verileri, s\u0131\u011f Avrupa denizlerindeki r\u00fczgar enerjisi giri\u015fiminin gittik\u00e7e b\u00fcy\u00fcd\u00fc\u011f\u00fcn\u00fc ve 2017 y\u0131l\u0131nda Avrupa<img loading=\"lazy\" class=\"alignright size-medium wp-image-71452\" src=\"https:\/\/www.enerjigazetesi.ist\/wp-content\/uploads\/2018\/02\/avrupanin-ruzgar-enerjisi-santrallerinin-yarisi-birlesik-kralliklarinda-300x200.jpg\" alt=\"\" width=\"300\" height=\"200\" srcset=\"https:\/\/www.enerjigazetesi.ist\/wp-content\/uploads\/2018\/02\/avrupanin-ruzgar-enerjisi-santrallerinin-yarisi-birlesik-kralliklarinda-300x200.jpg 300w, https:\/\/www.enerjigazetesi.ist\/wp-content\/uploads\/2018\/02\/avrupanin-ruzgar-enerjisi-santrallerinin-yarisi-birlesik-kralliklarinda-500x333.jpg 500w, https:\/\/www.enerjigazetesi.ist\/wp-content\/uploads\/2018\/02\/avrupanin-ruzgar-enerjisi-santrallerinin-yarisi-birlesik-kralliklarinda-75x50.jpg 75w, https:\/\/www.enerjigazetesi.ist\/wp-content\/uploads\/2018\/02\/avrupanin-ruzgar-enerjisi-santrallerinin-yarisi-birlesik-kralliklarinda.jpg 696w\" sizes=\"(max-width: 300px) 100vw, 300px\" \/> genelinde in\u015fa edilen 3.15 gigawattl\u0131k r\u00fczgar enerjisi santrallerinin y\u00fczde 53\u2019\u00fcn\u00fc Birle\u015fik Krall\u0131k\u2019\u0131n in\u015fa etti\u011fini ortaya koydu.<\/strong><\/p>\n<p>Veriler ayn\u0131 zamanda 2017 y\u0131l\u0131nda Fransa\u2019n\u0131n ilk deniza\u015f\u0131r\u0131 t\u00fcrbinini in\u015fa etti\u011fini, Norve\u00e7 petrol \u015firketi Statoil\u2019in \u0130sko\u00e7ya\u2019da d\u00fcnyan\u0131n ilk y\u00fczen r\u00fczgar enerjisi tesisini kurdu\u011funu ve Finlandiya\u2019n\u0131n buzul ko\u015fullara dayanacak \u015fekilde tasarlanan ilk r\u00fczgar enerjisi in\u015fa etti\u011fini g\u00f6steriyor.<\/p>\n<p>WindEurope CEO\u2019su Giles Dickson ge\u00e7en y\u0131l\u0131n y\u00fczde 25\u2019lik hacim art\u0131\u015f\u0131n\u0131n \u201colduk\u00e7a m\u00fckemmel\u201d oldu\u011funu s\u00f6ylerken, \u00fcreticiler ve r\u00fczgar santrali geli\u015ftiricilerinin daha b\u00fcy\u00fck r\u00fczgar t\u00fcrbinleri in\u015fa etmesiyle maliyetlerin yak\u0131n gelecekte d\u00fc\u015fmeye devam edece\u011fini vurgulad\u0131.<\/p>","protected":false},"excerpt":{"rendered":"<p>Sorry, this entry is only available in Turkish. For the sake of viewer convenience, the content is shown below in the alternative language. You may click the link to switch the active language.Bel\u00e7ika merkezli bir r\u00fczgar enerji \u015firketi olan WindEurope verileri, s\u0131\u011f Avrupa denizlerindeki r\u00fczgar enerjisi giri\u015fiminin gittik\u00e7e b\u00fcy\u00fcd\u00fc\u011f\u00fcn\u00fc ve 2017 y\u0131l\u0131nda Avrupa genelinde in\u015fa [&hellip;]<\/p>\n","protected":false},"author":1,"featured_media":71452,"comment_status":"open","ping_status":"open","sticky":false,"template":"","format":"standard","meta":[],"categories":[53,50],"tags":[1964,67,1009,16,24949,231,34960,29054,105],"views":961,"_links":{"self":[{"href":"https:\/\/www.enerjigazetesi.ist\/en\/wp-json\/wp\/v2\/posts\/71451"}],"collection":[{"href":"https:\/\/www.enerjigazetesi.ist\/en\/wp-json\/wp\/v2\/posts"}],"about":[{"href":"https:\/\/www.enerjigazetesi.ist\/en\/wp-json\/wp\/v2\/types\/post"}],"author":[{"embeddable":true,"href":"https:\/\/www.enerjigazetesi.ist\/en\/wp-json\/wp\/v2\/users\/1"}],"replies":[{"embeddable":true,"href":"https:\/\/www.enerjigazetesi.ist\/en\/wp-json\/wp\/v2\/comments?post=71451"}],"version-history":[{"count":1,"href":"https:\/\/www.enerjigazetesi.ist\/en\/wp-json\/wp\/v2\/posts\/71451\/revisions"}],"predecessor-version":[{"id":71453,"href":"https:\/\/www.enerjigazetesi.ist\/en\/wp-json\/wp\/v2\/posts\/71451\/revisions\/71453"}],"wp:featuredmedia":[{"embeddable":true,"href":"https:\/\/www.enerjigazetesi.ist\/en\/wp-json\/wp\/v2\/media\/71452"}],"wp:attachment":[{"href":"https:\/\/www.enerjigazetesi.ist\/en\/wp-json\/wp\/v2\/media?parent=71451"}],"wp:term":[{"taxonomy":"category","embeddable":true,"href":"https:\/\/www.enerjigazetesi.ist\/en\/wp-json\/wp\/v2\/categories?post=71451"},{"taxonomy":"post_tag","embeddable":true,"href":"https:\/\/www.enerjigazetesi.ist\/en\/wp-json\/wp\/v2\/tags?post=71451"}],"curies":[{"name":"wp","href":"https:\/\/api.w.org\/{rel}","templated":true}]}}