{"id":71415,"date":"2018-02-06T14:43:03","date_gmt":"2018-02-06T11:43:03","guid":{"rendered":"https:\/\/www.enerjigazetesi.ist\/?p=71415"},"modified":"2018-02-06T14:43:41","modified_gmt":"2018-02-06T11:43:41","slug":"financial-times-kerkuk-petrolunde-turkiye-devre-disi-birakildi","status":"publish","type":"post","link":"https:\/\/www.enerjigazetesi.ist\/en\/financial-times-kerkuk-petrolunde-turkiye-devre-disi-birakildi\/","title":{"rendered":"(Turkish) Financial Times: &#8220;Kerk\u00fck Petrol\u00fcnde T\u00fcrkiye Devre D\u0131\u015f\u0131 B\u0131rak\u0131ld\u0131&#8221;"},"content":{"rendered":"<p class=\"qtranxs-available-languages-message qtranxs-available-languages-message-en\">Sorry, this entry is only available in <a href=\"https:\/\/www.enerjigazetesi.ist\/tr\/wp-json\/wp\/v2\/posts\/71415\" class=\"qtranxs-available-language-link qtranxs-available-language-link-tr\" title=\"Turkish\">Turkish<\/a>. For the sake of viewer convenience, the content is shown below in the alternative language. You may click the link to switch the active language.<\/p><p><strong>\u0130ngiltere merkezli yay\u0131m kurulu\u015fu Financial Times taraf\u0131ndan Irak\u2019\u0131n Kerk\u00fck petrol\u00fcn\u00fc <img loading=\"lazy\" class=\"alignleft size-medium wp-image-51114\" src=\"https:\/\/www.enerjigazetesi.ist\/wp-content\/uploads\/2016\/03\/petrol-varil-fiyatlarinin-100-dolara-donmesi-mumkun-degil-300x165.jpg\" alt=\"\" width=\"300\" height=\"165\" srcset=\"https:\/\/www.enerjigazetesi.ist\/wp-content\/uploads\/2016\/03\/petrol-varil-fiyatlarinin-100-dolara-donmesi-mumkun-degil-300x165.jpg 300w, https:\/\/www.enerjigazetesi.ist\/wp-content\/uploads\/2016\/03\/petrol-varil-fiyatlarinin-100-dolara-donmesi-mumkun-degil-500x276.jpg 500w, https:\/\/www.enerjigazetesi.ist\/wp-content\/uploads\/2016\/03\/petrol-varil-fiyatlarinin-100-dolara-donmesi-mumkun-degil-80x44.jpg 80w, https:\/\/www.enerjigazetesi.ist\/wp-content\/uploads\/2016\/03\/petrol-varil-fiyatlarinin-100-dolara-donmesi-mumkun-degil.jpg 696w\" sizes=\"(max-width: 300px) 100vw, 300px\" \/>d\u00fcnya pazar\u0131na aktarmak i\u00e7in \u0130ran ile anla\u015ft\u0131\u011f\u0131 ve T\u00fcrkiye\u2019nin devre d\u0131\u015f\u0131 b\u0131rak\u0131ld\u0131\u011f\u0131 a\u00e7\u0131kland\u0131.<\/strong><\/p>\n<p>Irak, ge\u00e7ti\u011fimiz ay \u0130ran ile yapt\u0131\u011f\u0131 anla\u015fma \u00e7er\u00e7evesinde Kerk\u00fck petrol\u00fcn\u00fc d\u00fcnya pazar\u0131na sunacak. Petrol\u00fcn yap\u0131lan anla\u015fma \u00e7er\u00e7evesine bu hafta i\u00e7erisinde ihra\u00e7 edilece\u011fi ifade edilirken, haberde bu anla\u015fman\u0131n T\u00fcrkiye\u2019yi Kerk\u00fck petrol\u00fcn\u00fcn ihrac\u0131 konusunda devre d\u0131\u015f\u0131 b\u0131rakt\u0131\u011f\u0131 dile getirildi.<\/p>\n<p>Yap\u0131lan haberde Irak\u2019\u0131n \u0130ran ile yapt\u0131\u011f\u0131 anla\u015fmas\u0131n\u0131, \u201cBa\u011fdat\u2019\u0131n petrol ihrac\u0131 konusunda Ankara\u2019ya s\u0131rt \u00e7evirmesi\u201d olarak dile getirildi.<\/p>","protected":false},"excerpt":{"rendered":"<p>Sorry, this entry is only available in Turkish. For the sake of viewer convenience, the content is shown below in the alternative language. You may click the link to switch the active language.\u0130ngiltere merkezli yay\u0131m kurulu\u015fu Financial Times taraf\u0131ndan Irak\u2019\u0131n Kerk\u00fck petrol\u00fcn\u00fc d\u00fcnya pazar\u0131na aktarmak i\u00e7in \u0130ran ile anla\u015ft\u0131\u011f\u0131 ve T\u00fcrkiye\u2019nin devre d\u0131\u015f\u0131 b\u0131rak\u0131ld\u0131\u011f\u0131 a\u00e7\u0131kland\u0131. [&hellip;]<\/p>\n","protected":false},"author":1,"featured_media":51114,"comment_status":"open","ping_status":"open","sticky":false,"template":"","format":"standard","meta":[],"categories":[53,44],"tags":[67,1009,1703,1333,945,16779,59,34935,2388,34936],"views":752,"_links":{"self":[{"href":"https:\/\/www.enerjigazetesi.ist\/en\/wp-json\/wp\/v2\/posts\/71415"}],"collection":[{"href":"https:\/\/www.enerjigazetesi.ist\/en\/wp-json\/wp\/v2\/posts"}],"about":[{"href":"https:\/\/www.enerjigazetesi.ist\/en\/wp-json\/wp\/v2\/types\/post"}],"author":[{"embeddable":true,"href":"https:\/\/www.enerjigazetesi.ist\/en\/wp-json\/wp\/v2\/users\/1"}],"replies":[{"embeddable":true,"href":"https:\/\/www.enerjigazetesi.ist\/en\/wp-json\/wp\/v2\/comments?post=71415"}],"version-history":[{"count":2,"href":"https:\/\/www.enerjigazetesi.ist\/en\/wp-json\/wp\/v2\/posts\/71415\/revisions"}],"predecessor-version":[{"id":71417,"href":"https:\/\/www.enerjigazetesi.ist\/en\/wp-json\/wp\/v2\/posts\/71415\/revisions\/71417"}],"wp:featuredmedia":[{"embeddable":true,"href":"https:\/\/www.enerjigazetesi.ist\/en\/wp-json\/wp\/v2\/media\/51114"}],"wp:attachment":[{"href":"https:\/\/www.enerjigazetesi.ist\/en\/wp-json\/wp\/v2\/media?parent=71415"}],"wp:term":[{"taxonomy":"category","embeddable":true,"href":"https:\/\/www.enerjigazetesi.ist\/en\/wp-json\/wp\/v2\/categories?post=71415"},{"taxonomy":"post_tag","embeddable":true,"href":"https:\/\/www.enerjigazetesi.ist\/en\/wp-json\/wp\/v2\/tags?post=71415"}],"curies":[{"name":"wp","href":"https:\/\/api.w.org\/{rel}","templated":true}]}}