{"id":71406,"date":"2018-02-06T13:46:53","date_gmt":"2018-02-06T10:46:53","guid":{"rendered":"https:\/\/www.enerjigazetesi.ist\/?p=71406"},"modified":"2018-02-06T13:47:40","modified_gmt":"2018-02-06T10:47:40","slug":"mcnally-petrolu-daha-az-kullanacagimiz-konusunda-suphelerim-var","status":"publish","type":"post","link":"https:\/\/www.enerjigazetesi.ist\/en\/mcnally-petrolu-daha-az-kullanacagimiz-konusunda-suphelerim-var\/","title":{"rendered":"(Turkish) McNally: \u201cPetrol\u00fc Daha Az Kullanaca\u011f\u0131m\u0131z Konusunda \u015e\u00fcphelerim Var\u201d"},"content":{"rendered":"<p class=\"qtranxs-available-languages-message qtranxs-available-languages-message-en\">Sorry, this entry is only available in <a href=\"https:\/\/www.enerjigazetesi.ist\/tr\/wp-json\/wp\/v2\/posts\/71406\" class=\"qtranxs-available-language-link qtranxs-available-language-link-tr\" title=\"Turkish\">Turkish<\/a>. For the sake of viewer convenience, the content is shown below in the alternative language. You may click the link to switch the active language.<\/p><p><strong>Sabanc\u0131 \u00dcniversitesi \u0130stanbul Uluslararas\u0131 Enerji ve \u0130klim Merkezi (IICEC), enerji ve iklim alanlar\u0131n\u0131n kilit payda\u015flar\u0131n\u0131 bir araya getirmeye devam ediyor. Sekt\u00f6r\u00fcn \u00f6nemli isimlerinin bulu\u015ftu\u011fu se\u00e7kin bir platform yaratan IICEC\u2019in son konu\u011fu, Rapidan Energy Group Ba\u015fkan\u0131 Robert McNally oldu. \u201cPetrol Fiyat \u00c7alkant\u0131s\u0131n\u0131n Geri D\u00f6n\u00fc\u015f\u00fc\u201d ba\u015fl\u0131kl\u0131 bir seminer veren McNally, petrolde al\u0131\u015f\u0131lmad\u0131k fiyat dalgalanmalar\u0131n\u0131n s\u00fcrmesini bekledi\u011fini ve bu volatiliteye haz\u0131rl\u0131kl\u0131 olunmas\u0131 gerekti\u011fini s\u00f6yledi.<\/strong><\/p>\n<p>Enerji ve iklim alanlar\u0131nda fikir al\u0131\u015fveri\u015fi ve geli\u015fimi te\u015fvik eden Sabanc\u0131 \u00dcniversitesi \u0130stanbul Uluslararas\u0131 Enerji ve \u0130klim Merkezi (IICEC), bu hedef do\u011frultusunda sekt\u00f6r\u00fcn \u00f6nemli isimlerine ev<img loading=\"lazy\" class=\"alignright size-medium wp-image-71407\" src=\"https:\/\/www.enerjigazetesi.ist\/wp-content\/uploads\/2018\/02\/petrolu-daha-az-kullanacagimiz-konusunda-suphelerim-var-300x200.jpg\" alt=\"\" width=\"300\" height=\"200\" srcset=\"https:\/\/www.enerjigazetesi.ist\/wp-content\/uploads\/2018\/02\/petrolu-daha-az-kullanacagimiz-konusunda-suphelerim-var-300x200.jpg 300w, https:\/\/www.enerjigazetesi.ist\/wp-content\/uploads\/2018\/02\/petrolu-daha-az-kullanacagimiz-konusunda-suphelerim-var-768x512.jpg 768w, https:\/\/www.enerjigazetesi.ist\/wp-content\/uploads\/2018\/02\/petrolu-daha-az-kullanacagimiz-konusunda-suphelerim-var-1024x683.jpg 1024w, https:\/\/www.enerjigazetesi.ist\/wp-content\/uploads\/2018\/02\/petrolu-daha-az-kullanacagimiz-konusunda-suphelerim-var-500x333.jpg 500w, https:\/\/www.enerjigazetesi.ist\/wp-content\/uploads\/2018\/02\/petrolu-daha-az-kullanacagimiz-konusunda-suphelerim-var-75x50.jpg 75w, https:\/\/www.enerjigazetesi.ist\/wp-content\/uploads\/2018\/02\/petrolu-daha-az-kullanacagimiz-konusunda-suphelerim-var.jpg 1380w\" sizes=\"(max-width: 300px) 100vw, 300px\" \/> sahipli\u011fi yapmaya devam ediyor. IICEC\u2019in davetlisi olarak \u0130stanbul\u2019da bulunan Robert McNally, Karak\u00f6y\u2019de Sabanc\u0131 \u00dcniversitesi Minerva Palas\u2019ta, <strong>\u201cPetrol Fiyat \u00c7alkant\u0131s\u0131n\u0131n Geri D\u00f6n\u00fc\u015f\u00fc\u201d <\/strong>ba\u015fl\u0131kl\u0131 bir seminer verdi. Washington merkezli dan\u0131\u015fmanl\u0131k firmas\u0131 Rapidan Energy Group\u2019un Ba\u015fkan\u0131 McNally, daha \u00f6nce Beyaz Saray Ulusal G\u00fcvenlik Konseyi\u2019nde uluslararas\u0131 enerjiden sorumlu \u00fcst d\u00fczey direkt\u00f6r olarak g\u00f6rev ald\u0131.<\/p>\n<p><strong>\u201cPetrolde fiyat stabilizasyonu hayatidir\u201d <\/strong><strong><br \/>\n<\/strong>Petrol\u00fcn modern d\u00fcnyan\u0131n ya\u015fam damar\u0131 oldu\u011funu belirterek s\u00f6zlerine ba\u015flayan McNally, t\u00fcm ekonomi dinamiklerinin asl\u0131nda petrol fiyatlar\u0131na ba\u011fl\u0131 oldu\u011funu belirtti. Bu y\u00fczden, petrol fiyatlar\u0131ndaki dalgalanman\u0131n; b\u00fcy\u00fcme g\u00f6stergeleri, merkez bankalar\u0131, hava ta\u015f\u0131mac\u0131l\u0131\u011f\u0131, askeri planlamalar vs. i\u00e7in \u00f6nemli problemler do\u011furdu\u011funu ifade etti.<\/p>\n<p>Fiyat de\u011fi\u015fikliklerini anlamak i\u00e7in tarihe bakmak gerekti\u011fini belirten McNally, petrol fiyatlar\u0131ndaki dalgalanmalar\u0131n petrol\u00fcn do\u011fas\u0131 oldu\u011funu s\u00f6yledi. Fiyat dalgalanmalar\u0131na kar\u015f\u0131 tedbir ihtiyac\u0131n\u0131n 150 y\u0131ldan eski oldu\u011funu anlatan McNally; Rockefeller Ailesi\u2019nin, Teksas Demiryolu Komisyonu\u2019nun ve OPEC\u2019in, fiyat reg\u00fclat\u00f6r\u00fc olarak g\u00f6rd\u00fc\u011f\u00fc i\u015flevi, \u00f6ne \u00e7\u0131kan \u00f6rnekler \u00fczerinden anlatt\u0131. ABD\u2019nin 1972\u2019de reg\u00fclat\u00f6r rol\u00fcnden \u00e7\u0131kt\u0131\u011f\u0131n\u0131, Suudi Arabistan\u2019\u0131n 1986\u2019da piyasaya s\u00fcrd\u00fc\u011f\u00fc petrolle birlikte fiyatlar\u0131n \u00e7ok d\u00fc\u015ft\u00fc\u011f\u00fcn\u00fc belirten McNally, 1986 \u2013 2006 aras\u0131 nispeten rutin ger\u00e7ekle\u015fen fiyat seyrinde, 2006 sonras\u0131 dalgalanmalar\u0131n ekonomiler i\u00e7in y\u0131k\u0131c\u0131 nitelikte oldu\u011funu kaydetti.<\/p>\n<p><strong>\u201cG\u00fcn\u00fcm\u00fczdeki dalgalanmalar al\u0131\u015f\u0131lmad\u0131k; 20 \u2013 150 $ aral\u0131\u011f\u0131na haz\u0131rl\u0131kl\u0131 olunmal\u0131\u201d<\/strong><strong><br \/>\n<\/strong>G\u00fcn\u00fcm\u00fcz petrol fiyatlar\u0131ndaki dalgalanmay\u0131, tarihin \u00f6nceki d\u00f6nemlerindekilere k\u0131yasla normal bulmad\u0131\u011f\u0131n\u0131 belirten McNally, \u015f\u00f6yle konu\u015ftu:<\/p>\n<p>\u201cHerkes \u201cyeni normal\u201din ne oldu\u011funu merak ediyor. G\u00fcn\u00fcm\u00fczdeki dalgalanmalar normal de\u011fil. \u00c7e\u015fitli beklentiler var. Son 3 senedeki istikrara aldanmamak gerekli. Piyasan\u0131n hassas dengelerin a\u00e7\u0131s\u0131ndan yeni normalde 20 \u2013 150 $ aral\u0131\u011f\u0131na haz\u0131rl\u0131kl\u0131 olmak gerekiyor.\u201d<\/p>\n<p><strong>\u201cYe\u015fil politikalara ra\u011fmen petrolle \u00e7al\u0131\u015fan ara\u00e7lara talep y\u00fcksek\u201d<\/strong><\/p>\n<p>Elektrikli ara\u00e7lar\u0131n kullan\u0131m\u0131n\u0131n artaca\u011f\u0131 ve bunun petrole talebi d\u00fc\u015f\u00fcrece\u011fine dair inan\u0131\u015f\u0131 isabetli bulmad\u0131\u011f\u0131n\u0131 anlatan McNally, \u201cDevletler elektrikli ara\u00e7 kullan\u0131m\u0131n\u0131 \u00f6ne \u00e7\u0131karan \u00e7ok keskin hedefler koyuyor ve bu hedeflere uygulamaya y\u00f6nelik ad\u0131mlar at\u0131yor. Buna kar\u015f\u0131n, \u00c7in ve Orta Asya \u00fclkeleri gibi \u00e7ok h\u0131zl\u0131 geli\u015fen ekonomilerde, \u201cye\u015fil politikalar\u201d konu\u015fulsa da sat\u0131n al\u0131mlara bakt\u0131\u011f\u0131n\u0131zda petrolle \u00e7al\u0131\u015fan b\u00fcy\u00fck ara\u00e7lar\u0131n elektrikli ara\u00e7lara g\u00f6re daha fazla tercih edildi\u011fini g\u00f6r\u00fcyoruz. Yani bu \u00fclkeler b\u00fcy\u00fcd\u00fck\u00e7e petrol talepleri d\u00fc\u015fmenin aksine art\u0131yor\u201d dedi.<\/p>\n<p>Uluslararas\u0131 Enerji Ajans\u0131\u2019n\u0131n 2015 \u2013 2040 aras\u0131 petrol talebine dair \u00f6ng\u00f6r\u00fcs\u00fcne de de\u011finen McNally, OECD \u00fclkelerinin de\u011fi\u015fken olmayan bir talep \u00e7izgisinde bulundu\u011funu, fakat kalan \u00fclkelerin gittik\u00e7e b\u00fcy\u00fcyen bir talebi bulundu\u011funu belirtti ve ekledi: \u201cPetrol\u00fc daha az kullanaca\u011f\u0131m\u0131z konusunda \u015f\u00fcphelerim var.\u201d<\/p>\n<p><strong><em>Sabanc\u0131 \u00dcniversitesi \u0130stanbul Uluslararas\u0131 Enerji ve \u0130klim Merkezi (IICEC) Hakk\u0131nda <\/em><\/strong><\/p>\n<p><em>K\u00fcresel enerjinin bulu\u015fma noktas\u0131 ve enerji politikalar\u0131na y\u00f6n veren \u201cKutup Y\u0131ld\u0131z\u0131\u201d olarak tan\u0131mlanan Sabanc\u0131 \u00dcniversitesi \u0130stanbul Uluslararas\u0131 Enerji ve \u0130klim Merkezi (IICEC), \u00e7al\u0131\u015fmalar\u0131na 2010 y\u0131l\u0131nda ba\u015flad\u0131. IICEC, enerji ve iklim konular\u0131nda nesnel ara\u015ft\u0131rmalar \u00fcreterek, b\u00f6lge ve d\u00fcnya i\u00e7in s\u00fcrd\u00fcr\u00fclebilir bir gelece\u011fe y\u00f6nelik \u00e7\u00f6z\u00fcmlerin geli\u015ftirilmesine katk\u0131da bulunmak hedefiyle \u00e7al\u0131\u015fmalar\u0131n\u0131 s\u00fcrd\u00fcr\u00fcyor. <\/em><\/p>\n<p><em>Sabanc\u0131 \u00dcniversitesi-IICEC, karar al\u0131c\u0131lar\u0131, end\u00fcstri temsilcilerini, akademisyenleri, kanaat \u00f6nderlerini ve enerji ve iklim alanlar\u0131nda yer alan kilit payda\u015flar\u0131 bir araya getiren \u00fcst d\u00fczey bir platform sa\u011flayarak fikir al\u0131\u015fveri\u015fi ve geli\u015fimini te\u015fvik ederken; faaliyetlerini, h\u00fck\u00fcmetler, end\u00fcstri ortaklar\u0131, uluslararas\u0131 organizasyonlar, di\u011fer \u00fcniversiteler ve ara\u015ft\u0131rma kurulu\u015flar\u0131 ile etkile\u015fim i\u00e7inde y\u00fcr\u00fct\u00fcyor. <\/em><\/p>\n<p><em>IICEC\u2019in olu\u015fturulmas\u0131 karar\u0131nda, T\u00fcrkiye&#8217;nin uluslararas\u0131 enerji ba\u011flam\u0131ndaki giderek artan rol\u00fc ve Avrupa ile Asya&#8217;n\u0131n bulu\u015ftu\u011fu \u0130stanbul&#8217;un stratejik konumu etkili oldu. \u0130stanbul\u2019da, Sabanc\u0131 \u00dcniversitesi Karak\u00f6y Minerva Palas&#8217;ta yer alan merkez, hem \u00fcretici hem t\u00fcketici taraf\u0131ndaki, mevcut ve geli\u015fmekte olan k\u00fcresel enerji piyasas\u0131 oyuncular\u0131n\u0131n ortas\u0131nda konumland\u0131. IICEC, bu stratejik konumdan da faydalanarak, k\u00fcresel \u00f6l\u00e7\u00fcde tan\u0131nan bir network olup, enerji ve iklim konular\u0131n\u0131n gelece\u011fine y\u00f6nelik uluslararas\u0131 bir yakla\u015f\u0131ma duyulan ihtiyac\u0131 kar\u015f\u0131lamaya hizmet ediyor. IICEC, T\u00fcrkiye\u2019nin \u00f6nde gelen enerji \u015firketlerinden, Enerjisa, Engie, Eren Holding, Shell, Siemens ve Zorlu Enerji Grubu taraf\u0131ndan destekleniyor.<\/em><\/p>","protected":false},"excerpt":{"rendered":"<p>Sorry, this entry is only available in Turkish. For the sake of viewer convenience, the content is shown below in the alternative language. You may click the link to switch the active language.Sabanc\u0131 \u00dcniversitesi \u0130stanbul Uluslararas\u0131 Enerji ve \u0130klim Merkezi (IICEC), enerji ve iklim alanlar\u0131n\u0131n kilit payda\u015flar\u0131n\u0131 bir araya getirmeye devam ediyor. Sekt\u00f6r\u00fcn \u00f6nemli isimlerinin [&hellip;]<\/p>\n","protected":false},"author":1,"featured_media":71407,"comment_status":"open","ping_status":"open","sticky":false,"template":"","format":"standard","meta":[],"categories":[53,44],"tags":[67,1009,5232,11482,34935,2388,34936,2415,36779,36780],"views":797,"_links":{"self":[{"href":"https:\/\/www.enerjigazetesi.ist\/en\/wp-json\/wp\/v2\/posts\/71406"}],"collection":[{"href":"https:\/\/www.enerjigazetesi.ist\/en\/wp-json\/wp\/v2\/posts"}],"about":[{"href":"https:\/\/www.enerjigazetesi.ist\/en\/wp-json\/wp\/v2\/types\/post"}],"author":[{"embeddable":true,"href":"https:\/\/www.enerjigazetesi.ist\/en\/wp-json\/wp\/v2\/users\/1"}],"replies":[{"embeddable":true,"href":"https:\/\/www.enerjigazetesi.ist\/en\/wp-json\/wp\/v2\/comments?post=71406"}],"version-history":[{"count":1,"href":"https:\/\/www.enerjigazetesi.ist\/en\/wp-json\/wp\/v2\/posts\/71406\/revisions"}],"predecessor-version":[{"id":71408,"href":"https:\/\/www.enerjigazetesi.ist\/en\/wp-json\/wp\/v2\/posts\/71406\/revisions\/71408"}],"wp:featuredmedia":[{"embeddable":true,"href":"https:\/\/www.enerjigazetesi.ist\/en\/wp-json\/wp\/v2\/media\/71407"}],"wp:attachment":[{"href":"https:\/\/www.enerjigazetesi.ist\/en\/wp-json\/wp\/v2\/media?parent=71406"}],"wp:term":[{"taxonomy":"category","embeddable":true,"href":"https:\/\/www.enerjigazetesi.ist\/en\/wp-json\/wp\/v2\/categories?post=71406"},{"taxonomy":"post_tag","embeddable":true,"href":"https:\/\/www.enerjigazetesi.ist\/en\/wp-json\/wp\/v2\/tags?post=71406"}],"curies":[{"name":"wp","href":"https:\/\/api.w.org\/{rel}","templated":true}]}}