{"id":71372,"date":"2018-02-05T10:30:01","date_gmt":"2018-02-05T07:30:01","guid":{"rendered":"https:\/\/www.enerjigazetesi.ist\/?p=71372"},"modified":"2018-02-05T10:30:01","modified_gmt":"2018-02-05T07:30:01","slug":"buyuk-capli-sanayiciler-artik-ucuz-elektrik-tarifesinden-yararlanamiyor","status":"publish","type":"post","link":"https:\/\/www.enerjigazetesi.ist\/en\/buyuk-capli-sanayiciler-artik-ucuz-elektrik-tarifesinden-yararlanamiyor\/","title":{"rendered":"(Turkish) B\u00fcy\u00fck \u00c7apl\u0131 Sanayiciler Art\u0131k Ucuz Elektrik Tarifesinden Yararlanam\u0131yor"},"content":{"rendered":"<p class=\"qtranxs-available-languages-message qtranxs-available-languages-message-en\">Sorry, this entry is only available in <a href=\"https:\/\/www.enerjigazetesi.ist\/tr\/wp-json\/wp\/v2\/posts\/71372\" class=\"qtranxs-available-language-link qtranxs-available-language-link-tr\" title=\"Turkish\">Turkish<\/a>. For the sake of viewer convenience, the content is shown below in the alternative language. You may click the link to switch the active language.<\/p><p><strong>Enerji Piyasas\u0131 D\u00fczenleme Kurumunun (EPDK) taraf\u0131ndan uzun s\u00fcredir \u00fczerinde \u00e7al\u0131\u015f\u0131lan ve \u00fcretimin kalbinin att\u0131\u011f\u0131 OSB\u2019ler i\u00e7in zam anlam\u0131n\u0131 ta\u015f\u0131yan \u201cSon Kaynak Tedarik Tarifesi Tebli\u011fi\u201d yay\u0131mland\u0131.<img loading=\"lazy\" class=\"alignright size-medium wp-image-35011\" src=\"https:\/\/www.enerjigazetesi.ist\/wp-content\/uploads\/2015\/01\/serbest-tuketici-ucuz-elektrik-indirimli-elektrik-653x380-300x174.jpg\" alt=\"\" width=\"300\" height=\"174\" srcset=\"https:\/\/www.enerjigazetesi.ist\/wp-content\/uploads\/2015\/01\/serbest-tuketici-ucuz-elektrik-indirimli-elektrik-653x380-300x174.jpg 300w, https:\/\/www.enerjigazetesi.ist\/wp-content\/uploads\/2015\/01\/serbest-tuketici-ucuz-elektrik-indirimli-elektrik-653x380-500x290.jpg 500w, https:\/\/www.enerjigazetesi.ist\/wp-content\/uploads\/2015\/01\/serbest-tuketici-ucuz-elektrik-indirimli-elektrik-653x380-80x46.jpg 80w, https:\/\/www.enerjigazetesi.ist\/wp-content\/uploads\/2015\/01\/serbest-tuketici-ucuz-elektrik-indirimli-elektrik-653x380.jpg 653w\" sizes=\"(max-width: 300px) 100vw, 300px\" \/><\/strong><\/p>\n<p>1 Nisan 2018&#8217;den itibaren ge\u00e7erli olacak tebli\u011f ile b\u00fcy\u00fck \u00e7apl\u0131 sanayici, bundan b\u00f6yle elektrik tedarikinde ucuz elektrik tarifesinden yararlanamayacak. Belirli miktar\u0131n alt\u0131nda t\u00fcketimi olan sanayici ise ucuz elektrik tarifesinden yararlanmay\u0131 s\u00fcrd\u00fcrecek.<\/p>\n<p>Y\u0131ll\u0131k t\u00fcketimi 50 milyon kilovat saat ve \u00fcst\u00fcnde olan b\u00fcy\u00fck sanayici, y\u00fcksek t\u00fcketimli t\u00fcketiciler aras\u0131nda bulunacak. Bu grup i\u00e7in sanayi tarifesi a\u00e7\u0131klanmayacak ve tavan fiyat kald\u0131r\u0131lacak. Limiti a\u015fan elektrik abonelerinin maliyetleri de y\u00fckselmi\u015f olacak. B\u00fcy\u00fck \u00e7apl\u0131 ticarethane ve sanayi abonelerinin son kaynak tarifesi, serbest elektrik piyasas\u0131n\u0131n ve YEKDEM maliyetinin y\u00fczde 12,8 \u00fczerinde olacak.<\/p>","protected":false},"excerpt":{"rendered":"<p>Sorry, this entry is only available in Turkish. For the sake of viewer convenience, the content is shown below in the alternative language. You may click the link to switch the active language.Enerji Piyasas\u0131 D\u00fczenleme Kurumunun (EPDK) taraf\u0131ndan uzun s\u00fcredir \u00fczerinde \u00e7al\u0131\u015f\u0131lan ve \u00fcretimin kalbinin att\u0131\u011f\u0131 OSB\u2019ler i\u00e7in zam anlam\u0131n\u0131 ta\u015f\u0131yan \u201cSon Kaynak Tedarik Tarifesi [&hellip;]<\/p>\n","protected":false},"author":1,"featured_media":35011,"comment_status":"open","ping_status":"open","sticky":false,"template":"","format":"standard","meta":[],"categories":[51,53],"tags":[34979,19638,26353,67,1009,1046,750,36768,27339,8275],"views":767,"_links":{"self":[{"href":"https:\/\/www.enerjigazetesi.ist\/en\/wp-json\/wp\/v2\/posts\/71372"}],"collection":[{"href":"https:\/\/www.enerjigazetesi.ist\/en\/wp-json\/wp\/v2\/posts"}],"about":[{"href":"https:\/\/www.enerjigazetesi.ist\/en\/wp-json\/wp\/v2\/types\/post"}],"author":[{"embeddable":true,"href":"https:\/\/www.enerjigazetesi.ist\/en\/wp-json\/wp\/v2\/users\/1"}],"replies":[{"embeddable":true,"href":"https:\/\/www.enerjigazetesi.ist\/en\/wp-json\/wp\/v2\/comments?post=71372"}],"version-history":[{"count":1,"href":"https:\/\/www.enerjigazetesi.ist\/en\/wp-json\/wp\/v2\/posts\/71372\/revisions"}],"predecessor-version":[{"id":71373,"href":"https:\/\/www.enerjigazetesi.ist\/en\/wp-json\/wp\/v2\/posts\/71372\/revisions\/71373"}],"wp:featuredmedia":[{"embeddable":true,"href":"https:\/\/www.enerjigazetesi.ist\/en\/wp-json\/wp\/v2\/media\/35011"}],"wp:attachment":[{"href":"https:\/\/www.enerjigazetesi.ist\/en\/wp-json\/wp\/v2\/media?parent=71372"}],"wp:term":[{"taxonomy":"category","embeddable":true,"href":"https:\/\/www.enerjigazetesi.ist\/en\/wp-json\/wp\/v2\/categories?post=71372"},{"taxonomy":"post_tag","embeddable":true,"href":"https:\/\/www.enerjigazetesi.ist\/en\/wp-json\/wp\/v2\/tags?post=71372"}],"curies":[{"name":"wp","href":"https:\/\/api.w.org\/{rel}","templated":true}]}}