{"id":71370,"date":"2018-02-05T10:18:59","date_gmt":"2018-02-05T07:18:59","guid":{"rendered":"https:\/\/www.enerjigazetesi.ist\/?p=71370"},"modified":"2018-02-05T10:19:26","modified_gmt":"2018-02-05T07:19:26","slug":"2018-yilina-yerli-enerji-politikalari-damgasini-vuracak","status":"publish","type":"post","link":"https:\/\/www.enerjigazetesi.ist\/en\/2018-yilina-yerli-enerji-politikalari-damgasini-vuracak\/","title":{"rendered":"(Turkish) 2018 Y\u0131l\u0131na Yerli Enerji Politikalar\u0131 Damgas\u0131n\u0131 Vuracak"},"content":{"rendered":"<p class=\"qtranxs-available-languages-message qtranxs-available-languages-message-en\">Sorry, this entry is only available in <a href=\"https:\/\/www.enerjigazetesi.ist\/tr\/wp-json\/wp\/v2\/posts\/71370\" class=\"qtranxs-available-language-link qtranxs-available-language-link-tr\" title=\"Turkish\">Turkish<\/a>. For the sake of viewer convenience, the content is shown below in the alternative language. You may click the link to switch the active language.<\/p><p><strong>D\u00fcnyada enerji t\u00fcketiminin h\u0131zla artmas\u0131na kar\u015f\u0131l\u0131k g\u00fcne\u015f ve r\u00fczg\u00e2r gibi yenilenebilir enerji kaynaklar\u0131n\u0131n \u00f6nemi de giderek artarken, T\u00fcrkiye\u2019nin enerji g\u00fcndeminde de en \u00f6n <img loading=\"lazy\" class=\"alignleft size-medium wp-image-31061\" src=\"https:\/\/www.enerjigazetesi.ist\/wp-content\/uploads\/2014\/09\/dunya-genelinde-gunes-ve-ruzgarin-elektrik-uretimindeki-payi-artti-300x217.jpg\" alt=\"\" width=\"300\" height=\"217\" srcset=\"https:\/\/www.enerjigazetesi.ist\/wp-content\/uploads\/2014\/09\/dunya-genelinde-gunes-ve-ruzgarin-elektrik-uretimindeki-payi-artti-300x217.jpg 300w, https:\/\/www.enerjigazetesi.ist\/wp-content\/uploads\/2014\/09\/dunya-genelinde-gunes-ve-ruzgarin-elektrik-uretimindeki-payi-artti-500x361.jpg 500w, https:\/\/www.enerjigazetesi.ist\/wp-content\/uploads\/2014\/09\/dunya-genelinde-gunes-ve-ruzgarin-elektrik-uretimindeki-payi-artti-69x50.jpg 69w, https:\/\/www.enerjigazetesi.ist\/wp-content\/uploads\/2014\/09\/dunya-genelinde-gunes-ve-ruzgarin-elektrik-uretimindeki-payi-artti.jpg 600w\" sizes=\"(max-width: 300px) 100vw, 300px\" \/>s\u0131rada yerli enerji politikalar\u0131 yer alacak.<\/strong><\/p>\n<p>Yerli kaynaklar\u0131 destekleyen politikalarla, T\u00fcrkiye, enerjide 2018 y\u0131l\u0131na damga vuracak. T\u00fcrkiye\u2019nin ilk derin deniz sondaj\u0131, temeli at\u0131lan Akkuyu N\u00fckleer G\u00fc\u00e7 Santral\u0131, R\u00fczg\u00e2r Enerjisi Yenilenebilir Enerji Kaynak Alanlar\u0131 (YEKA) ihaleleri ve yerli k\u00f6m\u00fcr te\u015fvikleri 2018\u2019in \u00f6ne \u00e7\u0131kan g\u00fcndemin ba\u015fl\u0131klar\u0131 olacakt\u0131r.<\/p>\n<p>Ayr\u0131ca ye\u015fil enerji, yeni teknolojiler ve enerji politikalar\u0131yla yenilenebilir enerjinin d\u00fcnyan\u0131n en h\u0131zl\u0131 b\u00fcy\u00fcyen enerji kayna\u011f\u0131 olmas\u0131 beklenirken k\u0131sa vadede k\u00f6m\u00fcr, petrol ve do\u011falgaz 2040 y\u0131l\u0131na kadar ana enerji kaynaklar\u0131 kimli\u011fini koruyacak. 2040 y\u0131l\u0131nda k\u00fcresel enerji t\u00fcketiminin y\u00fczde 77\u2019sinin h\u00e2l\u00e2 fosil yak\u0131tlardan sa\u011flanmas\u0131 \u00f6ng\u00f6r\u00fclmektedir.<\/p>","protected":false},"excerpt":{"rendered":"<p>Sorry, this entry is only available in Turkish. For the sake of viewer convenience, the content is shown below in the alternative language. You may click the link to switch the active language.D\u00fcnyada enerji t\u00fcketiminin h\u0131zla artmas\u0131na kar\u015f\u0131l\u0131k g\u00fcne\u015f ve r\u00fczg\u00e2r gibi yenilenebilir enerji kaynaklar\u0131n\u0131n \u00f6nemi de giderek artarken, T\u00fcrkiye\u2019nin enerji g\u00fcndeminde de en \u00f6n [&hellip;]<\/p>\n","protected":false},"author":1,"featured_media":31061,"comment_status":"open","ping_status":"open","sticky":false,"template":"","format":"standard","meta":[],"categories":[53,49,50,18007],"tags":[27051,67,1009,477,148,508,36767],"views":1644,"_links":{"self":[{"href":"https:\/\/www.enerjigazetesi.ist\/en\/wp-json\/wp\/v2\/posts\/71370"}],"collection":[{"href":"https:\/\/www.enerjigazetesi.ist\/en\/wp-json\/wp\/v2\/posts"}],"about":[{"href":"https:\/\/www.enerjigazetesi.ist\/en\/wp-json\/wp\/v2\/types\/post"}],"author":[{"embeddable":true,"href":"https:\/\/www.enerjigazetesi.ist\/en\/wp-json\/wp\/v2\/users\/1"}],"replies":[{"embeddable":true,"href":"https:\/\/www.enerjigazetesi.ist\/en\/wp-json\/wp\/v2\/comments?post=71370"}],"version-history":[{"count":1,"href":"https:\/\/www.enerjigazetesi.ist\/en\/wp-json\/wp\/v2\/posts\/71370\/revisions"}],"predecessor-version":[{"id":71371,"href":"https:\/\/www.enerjigazetesi.ist\/en\/wp-json\/wp\/v2\/posts\/71370\/revisions\/71371"}],"wp:featuredmedia":[{"embeddable":true,"href":"https:\/\/www.enerjigazetesi.ist\/en\/wp-json\/wp\/v2\/media\/31061"}],"wp:attachment":[{"href":"https:\/\/www.enerjigazetesi.ist\/en\/wp-json\/wp\/v2\/media?parent=71370"}],"wp:term":[{"taxonomy":"category","embeddable":true,"href":"https:\/\/www.enerjigazetesi.ist\/en\/wp-json\/wp\/v2\/categories?post=71370"},{"taxonomy":"post_tag","embeddable":true,"href":"https:\/\/www.enerjigazetesi.ist\/en\/wp-json\/wp\/v2\/tags?post=71370"}],"curies":[{"name":"wp","href":"https:\/\/api.w.org\/{rel}","templated":true}]}}