{"id":71336,"date":"2018-02-03T12:54:26","date_gmt":"2018-02-03T09:54:26","guid":{"rendered":"https:\/\/www.enerjigazetesi.ist\/?p=71336"},"modified":"2018-02-03T12:54:26","modified_gmt":"2018-02-03T09:54:26","slug":"catilara-vergi-muafiyeti-onerisi-torba-yasa-tasarisinda","status":"publish","type":"post","link":"https:\/\/www.enerjigazetesi.ist\/en\/catilara-vergi-muafiyeti-onerisi-torba-yasa-tasarisinda\/","title":{"rendered":"(Turkish) \u00c7at\u0131lara Vergi Muafiyeti \u00d6nerisi Torba Yasa Tasar\u0131s\u0131nda!"},"content":{"rendered":"<p class=\"qtranxs-available-languages-message qtranxs-available-languages-message-en\">Sorry, this entry is only available in <a href=\"https:\/\/www.enerjigazetesi.ist\/tr\/wp-json\/wp\/v2\/posts\/71336\" class=\"qtranxs-available-language-link qtranxs-available-language-link-tr\" title=\"Turkish\">Turkish<\/a>. For the sake of viewer convenience, the content is shown below in the alternative language. You may click the link to switch the active language.<\/p><p><strong>Binalar\u0131n \u00e7at\u0131 ve cephelerine yerle\u015ftirilen g\u00fcne\u015f panellerinden \u00fcretilen elektri\u011fin sat\u0131\u015f\u0131 ile ilgili olarak vatanda\u015fa kolayl\u0131k sa\u011flanmas\u0131na y\u00f6nelik \u00e7al\u0131\u015fmalar t\u00fcm h\u0131z\u0131yla s\u00fcr\u00fcyor.<img loading=\"lazy\" class=\"alignright size-medium wp-image-51699\" src=\"https:\/\/www.enerjigazetesi.ist\/wp-content\/uploads\/2016\/03\/gunder-turkiyede-yuz-bin-catidan-elektrik-uretimi-icin-proje-baslatti-300x165.jpg\" alt=\"\" width=\"300\" height=\"165\" srcset=\"https:\/\/www.enerjigazetesi.ist\/wp-content\/uploads\/2016\/03\/gunder-turkiyede-yuz-bin-catidan-elektrik-uretimi-icin-proje-baslatti-300x165.jpg 300w, https:\/\/www.enerjigazetesi.ist\/wp-content\/uploads\/2016\/03\/gunder-turkiyede-yuz-bin-catidan-elektrik-uretimi-icin-proje-baslatti-500x276.jpg 500w, https:\/\/www.enerjigazetesi.ist\/wp-content\/uploads\/2016\/03\/gunder-turkiyede-yuz-bin-catidan-elektrik-uretimi-icin-proje-baslatti-80x44.jpg 80w, https:\/\/www.enerjigazetesi.ist\/wp-content\/uploads\/2016\/03\/gunder-turkiyede-yuz-bin-catidan-elektrik-uretimi-icin-proje-baslatti.jpg 696w\" sizes=\"(max-width: 300px) 100vw, 300px\" \/><\/strong><\/p>\n<p>Vergilendirme hususunda d\u00fczenleme \u00e7al\u0131\u015fmalar\u0131 y\u00fcr\u00fctt\u00fcklerini dile getiren Maliye Bakan\u0131 Naci A\u011fbal, \u201cBiz \u015fimdi vatanda\u015fa desek ki, &#8216;ihtiya\u00e7 fazlas\u0131 elektri\u011fini sisteme satarken fatura keseceksin, beyanname vereceksin,&#8217; bunlar zor i\u015fler. Dolay\u0131s\u0131yla vergi politikas\u0131 taraf\u0131nda destek vermek \u00fczere buradan olu\u015fan kazan\u00e7lar\u0131n\u00a0<strong>vergiden istisna edilmesi<\/strong>, bu yap\u0131lan teslimlerin\u00a0<strong>KDV&#8217;den\u00a0<\/strong>m\u00fcstesna tutulmas\u0131 m\u00fcmk\u00fcnd\u00fcr.&#8221; ifadelerini kullanm\u0131\u015ft\u0131.<\/p>\n<p><strong>2016 y\u0131l\u0131nda ilk defa G\u00dcNDER taraf\u0131ndan g\u00fcndeme getirilen ve daha sonra sekt\u00f6r payda\u015flar\u0131 taraf\u0131ndan da desteklenen \u00f6neri yasalla\u015f\u0131yor: <\/strong><\/p>\n<p>\u00c7at\u0131lara vergi muafiyeti \u00f6nerisi art\u0131k torba yasa tasar\u0131s\u0131nda.<\/p>\n<p><a href=\"http:\/\/www2.tbmm.gov.tr\/d26\/1\/1-0914.pdf\" target=\"_blank\" rel=\"noopener\">http:\/\/www2.tbmm.gov.tr\/d26\/1\/1-0914.pdf<\/a><\/p>","protected":false},"excerpt":{"rendered":"<p>Sorry, this entry is only available in Turkish. For the sake of viewer convenience, the content is shown below in the alternative language. You may click the link to switch the active language.Binalar\u0131n \u00e7at\u0131 ve cephelerine yerle\u015ftirilen g\u00fcne\u015f panellerinden \u00fcretilen elektri\u011fin sat\u0131\u015f\u0131 ile ilgili olarak vatanda\u015fa kolayl\u0131k sa\u011flanmas\u0131na y\u00f6nelik \u00e7al\u0131\u015fmalar t\u00fcm h\u0131z\u0131yla s\u00fcr\u00fcyor. Vergilendirme hususunda [&hellip;]<\/p>\n","protected":false},"author":1,"featured_media":51699,"comment_status":"open","ping_status":"open","sticky":false,"template":"","format":"standard","meta":[],"categories":[53,49,18007],"tags":[67,1009,1382,23416,23131],"views":1467,"_links":{"self":[{"href":"https:\/\/www.enerjigazetesi.ist\/en\/wp-json\/wp\/v2\/posts\/71336"}],"collection":[{"href":"https:\/\/www.enerjigazetesi.ist\/en\/wp-json\/wp\/v2\/posts"}],"about":[{"href":"https:\/\/www.enerjigazetesi.ist\/en\/wp-json\/wp\/v2\/types\/post"}],"author":[{"embeddable":true,"href":"https:\/\/www.enerjigazetesi.ist\/en\/wp-json\/wp\/v2\/users\/1"}],"replies":[{"embeddable":true,"href":"https:\/\/www.enerjigazetesi.ist\/en\/wp-json\/wp\/v2\/comments?post=71336"}],"version-history":[{"count":1,"href":"https:\/\/www.enerjigazetesi.ist\/en\/wp-json\/wp\/v2\/posts\/71336\/revisions"}],"predecessor-version":[{"id":71337,"href":"https:\/\/www.enerjigazetesi.ist\/en\/wp-json\/wp\/v2\/posts\/71336\/revisions\/71337"}],"wp:featuredmedia":[{"embeddable":true,"href":"https:\/\/www.enerjigazetesi.ist\/en\/wp-json\/wp\/v2\/media\/51699"}],"wp:attachment":[{"href":"https:\/\/www.enerjigazetesi.ist\/en\/wp-json\/wp\/v2\/media?parent=71336"}],"wp:term":[{"taxonomy":"category","embeddable":true,"href":"https:\/\/www.enerjigazetesi.ist\/en\/wp-json\/wp\/v2\/categories?post=71336"},{"taxonomy":"post_tag","embeddable":true,"href":"https:\/\/www.enerjigazetesi.ist\/en\/wp-json\/wp\/v2\/tags?post=71336"}],"curies":[{"name":"wp","href":"https:\/\/api.w.org\/{rel}","templated":true}]}}