{"id":71236,"date":"2018-01-31T10:32:22","date_gmt":"2018-01-31T07:32:22","guid":{"rendered":"https:\/\/www.enerjigazetesi.ist\/?p=71236"},"modified":"2018-01-31T10:40:19","modified_gmt":"2018-01-31T07:40:19","slug":"gunes-enerjisi-alaninda-solar-sprint-adinda-yeni-bir-proje-basladi","status":"publish","type":"post","link":"https:\/\/www.enerjigazetesi.ist\/en\/gunes-enerjisi-alaninda-solar-sprint-adinda-yeni-bir-proje-basladi\/","title":{"rendered":"(Turkish) G\u00fcne\u015f Enerjisi Alan\u0131nda &#8216;SOLAR SPRINT&#8217; Ad\u0131nda Yeni Bir Proje Ba\u015flad\u0131"},"content":{"rendered":"<p class=\"qtranxs-available-languages-message qtranxs-available-languages-message-en\">Sorry, this entry is only available in <a href=\"https:\/\/www.enerjigazetesi.ist\/tr\/wp-json\/wp\/v2\/posts\/71236\" class=\"qtranxs-available-language-link qtranxs-available-language-link-tr\" title=\"Turkish\">Turkish<\/a>. For the sake of viewer convenience, the content is shown below in the alternative language. You may click the link to switch the active language.<\/p><p><\/p>\n<div class=\"main-wrapper\">\n<div id=\"viewer_wrapper\" class=\"viewer-wrapper no-footer white document-viewer document\">\n<div id=\"viewer_container\" class=\"viewer-container\">\n<div class=\"viewer-content-wrapper\">\n<div id=\"document_outer\" class=\"document-outer\">\n<div id=\"document_wrapper\" class=\"document-wrapper\">\n<div id=\"pages\" class=\"document-reader\">\n<div id=\"page_wrap_1\" class=\"document-page loaded rendered\">\n<div id=\"text_layer_1\" class=\"textLayer\">\n<div><strong>3-11 Mart 2018 tarihleri aras\u0131nda, OST\u0130M&#8217;de g\u00fcne\u015f enerjisi alan\u0131nda \u00fcretim s\u00fcre\u00e7lerine yenilik\u00e7i\u00a0<\/strong><strong>yakla\u015f\u0131mlar katabilmek ad\u0131na SOLAR SPRINT etkinli\u011fi d\u00fczenlenecektir. Sekt\u00f6r payda\u015flar\u0131ndan olu\u015fan\u00a0<\/strong><strong>dan\u0131\u015fma kurulu toplant\u0131s\u0131 sonucunda SOLAR SPRINT\u201918 konusu \u201c G\u00fcne\u015f Enerjisinde D\u00f6ng\u00fcsel\u00a0<\/strong><strong>Ekonomi: Panel \u00dcretiminde At\u0131klar\u0131n De\u011ferlendirilmesi\u201d olarak belirlenmi\u015ftir.<\/strong><\/div>\n<p>Bu kapsamda k\u0131r\u0131lm\u0131\u015f camlar\u0131n, hasarl\u0131 panellerin d\u00f6n\u00fc\u015f\u00fcm\u00fc, ah\u015fap paletlerin, at\u0131k h\u00fccrelerin ve cam<br \/>\n<img loading=\"lazy\" class=\"alignright size-full wp-image-49929\" src=\"https:\/\/www.enerjigazetesi.ist\/wp-content\/uploads\/2016\/02\/fransada-kaldirimlara-gunes-paneli-dosenecek.jpg\" alt=\"\" width=\"300\" height=\"300\" srcset=\"https:\/\/www.enerjigazetesi.ist\/wp-content\/uploads\/2016\/02\/fransada-kaldirimlara-gunes-paneli-dosenecek.jpg 300w, https:\/\/www.enerjigazetesi.ist\/wp-content\/uploads\/2016\/02\/fransada-kaldirimlara-gunes-paneli-dosenecek-150x150.jpg 150w, https:\/\/www.enerjigazetesi.ist\/wp-content\/uploads\/2016\/02\/fransada-kaldirimlara-gunes-paneli-dosenecek-50x50.jpg 50w\" sizes=\"(max-width: 300px) 100vw, 300px\" \/>koruma k\u00e2\u011f\u0131tlar\u0131n\u0131n de\u011ferlendirilmesi, pv kaynak telinin (ribon) ayr\u0131\u015ft\u0131r\u0131lmas\u0131, ribon makaralar\u0131n\u0131n geri d\u00f6n\u00fc\u015f\u00fcm\u00fc gibi konular ele al\u0131nabilecektir.<\/p>\n<p>At\u0131klar\u0131n de\u011ferlendirilmesi konusunda \u00fcniversite \u00f6\u011frencileri veya okulu yeni bitirmi\u015f gen\u00e7leri alternatif \u00e7\u00f6z\u00fcm yollar\u0131 bulmaya te\u015fvik edilmesi hedeflenmektedir.<\/p>\n<p>Bu konuda d\u00fc\u015f\u00fcncesi olan ve bunu projelendiren\u00f6\u011frencileri Ankara\u2019da bir araya getirip ment\u00f6rler yard\u0131m\u0131 ile projelerin ger\u00e7ekle\u015ftirme ad\u0131mlar\u0131nda \u00e7al\u0131\u015f\u0131lacakt\u0131r.<\/p>\n<p>Bu kamp sonras\u0131 se\u00e7ici kurul t\u00fcm projeleri de\u011ferlendirip en iyi 3 projeyi se\u00e7ecek ve bu projelerin imalat s\u00fcre\u00e7lerine d\u00f6n\u00fc\u015ft\u00fcr\u00fclmesine \u00e7al\u0131\u015faca\u011f\u0131z. Gen\u00e7lere projeye konu i\u015f ve i\u015flemler y\u00fcr\u00fctmeleri konusunda imk\u00e2nlar sa\u011flanacakt\u0131r.<\/p>\n<p>Dereceye girecek \u00f6\u011frenciler-gruplar \u00f6d\u00fcllendirilecek ayr\u0131ca yapt\u0131klar\u0131 \u00e7al\u0131\u015fmalar Nisan ay\u0131nda d\u00fczenlenecek SOLAREX fuar\u0131nda yap\u0131lacak bir oturum ile G\u00fcne\u015f Enerjisi sekt\u00f6r\u00fcn\u00fcn bilgisine<br \/>\nsunulacakt\u0131r. Bunun d\u0131\u015f\u0131nda da Haziran ay\u0131nda Almanya da yap\u0131lacak INTERSOLAR fuar\u0131nda da uluslararas\u0131 alanda projelerin lansman\u0131 yap\u0131lacakt\u0131r. Projeye ba\u015fvurular\u0131 online olarak <a href=\"http:\/\/www.solarsprint.org\" target=\"_blank\" rel=\"noopener\">www.solarsprint.org<\/a> sitesinden yap\u0131lacakt\u0131r.<\/p>\n<p>Sizlerin de bu \u00e7al\u0131\u015fmay\u0131 \u00e7evrenizdeki \u00fcniversite \u00f6\u011frencisi veya yeni mezunlar ile payla\u015fman\u0131z\u0131 ve kat\u0131l\u0131mlar\u0131 konusunda destek olman\u0131z\u0131 bekliyoruz.<\/p>\n<div>Sayg\u0131lar\u0131m\u0131zla<\/div>\n<div>D\u00fczenleme komitesi ad\u0131na :<\/div>\n<div>OST\u0130M &#8211;\u00a0 ENERJ\u0130K &#8211; G\u00dcNDER &#8211; TEPAV<\/div>\n<div>P\u0131nar YALMAN AKCENG\u0130Z &#8211; Faruk TELEMC\u0130O\u011eLU &#8211; Bengisu VURAL \u00d6ZEN\u00c7<\/div>\n<\/div>\n<\/div>\n<\/div>\n<\/div>\n<\/div>\n<\/div>\n<\/div>\n<\/div>\n<\/div>\n<p><\/p>","protected":false},"excerpt":{"rendered":"<p>Sorry, this entry is only available in Turkish. For the sake of viewer convenience, the content is shown below in the alternative language. You may click the link to switch the active language. 3-11 Mart 2018 tarihleri aras\u0131nda, OST\u0130M&#8217;de g\u00fcne\u015f enerjisi alan\u0131nda \u00fcretim s\u00fcre\u00e7lerine yenilik\u00e7i\u00a0yakla\u015f\u0131mlar katabilmek ad\u0131na SOLAR SPRINT etkinli\u011fi d\u00fczenlenecektir. Sekt\u00f6r payda\u015flar\u0131ndan olu\u015fan\u00a0dan\u0131\u015fma kurulu [&hellip;]<\/p>\n","protected":false},"author":1,"featured_media":49929,"comment_status":"open","ping_status":"open","sticky":false,"template":"","format":"standard","meta":[],"categories":[53,49],"tags":[67,1009,2326,23416,2569,8255,23131,1331,36736],"views":1427,"_links":{"self":[{"href":"https:\/\/www.enerjigazetesi.ist\/en\/wp-json\/wp\/v2\/posts\/71236"}],"collection":[{"href":"https:\/\/www.enerjigazetesi.ist\/en\/wp-json\/wp\/v2\/posts"}],"about":[{"href":"https:\/\/www.enerjigazetesi.ist\/en\/wp-json\/wp\/v2\/types\/post"}],"author":[{"embeddable":true,"href":"https:\/\/www.enerjigazetesi.ist\/en\/wp-json\/wp\/v2\/users\/1"}],"replies":[{"embeddable":true,"href":"https:\/\/www.enerjigazetesi.ist\/en\/wp-json\/wp\/v2\/comments?post=71236"}],"version-history":[{"count":10,"href":"https:\/\/www.enerjigazetesi.ist\/en\/wp-json\/wp\/v2\/posts\/71236\/revisions"}],"predecessor-version":[{"id":71246,"href":"https:\/\/www.enerjigazetesi.ist\/en\/wp-json\/wp\/v2\/posts\/71236\/revisions\/71246"}],"wp:featuredmedia":[{"embeddable":true,"href":"https:\/\/www.enerjigazetesi.ist\/en\/wp-json\/wp\/v2\/media\/49929"}],"wp:attachment":[{"href":"https:\/\/www.enerjigazetesi.ist\/en\/wp-json\/wp\/v2\/media?parent=71236"}],"wp:term":[{"taxonomy":"category","embeddable":true,"href":"https:\/\/www.enerjigazetesi.ist\/en\/wp-json\/wp\/v2\/categories?post=71236"},{"taxonomy":"post_tag","embeddable":true,"href":"https:\/\/www.enerjigazetesi.ist\/en\/wp-json\/wp\/v2\/tags?post=71236"}],"curies":[{"name":"wp","href":"https:\/\/api.w.org\/{rel}","templated":true}]}}