{"id":71215,"date":"2018-01-30T14:00:23","date_gmt":"2018-01-30T11:00:23","guid":{"rendered":"https:\/\/www.enerjigazetesi.ist\/?p=71215"},"modified":"2018-01-30T14:00:48","modified_gmt":"2018-01-30T11:00:48","slug":"wilo-2018-yilinda-iz-birakacak-cozumlere-odaklandi","status":"publish","type":"post","link":"https:\/\/www.enerjigazetesi.ist\/en\/wilo-2018-yilinda-iz-birakacak-cozumlere-odaklandi\/","title":{"rendered":"(Turkish) Wilo, 2018 Y\u0131l\u0131nda \u0130z B\u0131rakacak \u00c7\u00f6z\u00fcmlere Odakland\u0131"},"content":{"rendered":"<p class=\"qtranxs-available-languages-message qtranxs-available-languages-message-en\">Sorry, this entry is only available in <a href=\"https:\/\/www.enerjigazetesi.ist\/tr\/wp-json\/wp\/v2\/posts\/71215\" class=\"qtranxs-available-language-link qtranxs-available-language-link-tr\" title=\"Turkish\">Turkish<\/a>. For the sake of viewer convenience, the content is shown below in the alternative language. You may click the link to switch the active language.<\/p><p><strong>Pompa ve pompa sistemleri sekt\u00f6r\u00fcn\u00fcn en b\u00fcy\u00fck markalar\u0131ndan biri olan Wilo, yetkili sat\u0131c\u0131lar\u0131 ile bir araya geldi\u011fi 12. Hedef Payla\u015f\u0131m Toplant\u0131s\u0131\u2019n\u0131 19 \u2013 21 Ocak 2018 tarihlerinde Kapadokya\u2019da ger\u00e7ekle\u015ftirid. 2017 y\u0131l\u0131n\u0131n de\u011ferlendirildi\u011fi ve 2018 y\u0131l\u0131n\u0131n hedeflerinin payla\u015f\u0131ld\u0131\u011f\u0131 toplant\u0131, \u201c\u0130z B\u0131rak!\u201d temas\u0131yla yap\u0131ld\u0131. Wilo SE K\u0131demli Ba\u015fkan Yard\u0131mc\u0131s\u0131 ve MEA B\u00f6lge M\u00fcd\u00fcr\u00fc Thomas Kubbe toplant\u0131da yapt\u0131\u011f\u0131 konu\u015fmada T\u00fcrkiye\u2019deki yat\u0131r\u0131mlar\u0131n\u0131 art\u0131racaklar\u0131n\u0131 ifade ederek, \u201cUzun vadeli planlarla T\u00fcrkiye\u2019deyiz\u201d dedi. Wilo T\u00fcrkiye Genel M\u00fcd\u00fcr\u00fc Erc\u00fcment Yal\u00e7\u0131n ise 2017\u2019de in\u015faat sekt\u00f6r\u00fcn\u00fcn \u00fczerinde bir b\u00fcy\u00fcme ba\u015far\u0131s\u0131 g\u00f6sterdiklerini belirtti. <\/strong><\/p>\n<p>Wilo \u00e7at\u0131s\u0131 alt\u0131nda hizmet veren yetkili sat\u0131c\u0131lar, Wilo\u2019nun d\u00fczenledi\u011fi 12. Hedef Payla\u015f\u0131m Toplant\u0131s\u0131\u2019nda bir araya geldi. 35 bayiden 200\u2019e yak\u0131n ki\u015finin kat\u0131l\u0131m\u0131yla ger\u00e7ekle\u015fen toplant\u0131da 2017 y\u0131l\u0131n\u0131n de\u011ferlendirilmesi yap\u0131l\u0131rken, 2018 y\u0131l\u0131n\u0131n hedefleri ve yol haritas\u0131 payla\u015f\u0131ld\u0131. \u00d6zel konuk olarak <img loading=\"lazy\" class=\"alignright size-medium wp-image-71216\" src=\"https:\/\/www.enerjigazetesi.ist\/wp-content\/uploads\/2018\/01\/wilo-2018-yilinda-iz-birakacak-cozumlere-odaklandi-300x150.jpg\" alt=\"\" width=\"300\" height=\"150\" srcset=\"https:\/\/www.enerjigazetesi.ist\/wp-content\/uploads\/2018\/01\/wilo-2018-yilinda-iz-birakacak-cozumlere-odaklandi-300x150.jpg 300w, https:\/\/www.enerjigazetesi.ist\/wp-content\/uploads\/2018\/01\/wilo-2018-yilinda-iz-birakacak-cozumlere-odaklandi-768x384.jpg 768w, https:\/\/www.enerjigazetesi.ist\/wp-content\/uploads\/2018\/01\/wilo-2018-yilinda-iz-birakacak-cozumlere-odaklandi-500x250.jpg 500w, https:\/\/www.enerjigazetesi.ist\/wp-content\/uploads\/2018\/01\/wilo-2018-yilinda-iz-birakacak-cozumlere-odaklandi-80x40.jpg 80w, https:\/\/www.enerjigazetesi.ist\/wp-content\/uploads\/2018\/01\/wilo-2018-yilinda-iz-birakacak-cozumlere-odaklandi.jpg 1000w\" sizes=\"(max-width: 300px) 100vw, 300px\" \/>toplant\u0131ya kat\u0131lan Wilo SE K\u0131demli Ba\u015fkan Yard\u0131mc\u0131s\u0131 ve MEA B\u00f6lge M\u00fcd\u00fcr\u00fc Thomas Kubbe a\u00e7\u0131l\u0131\u015f konu\u015fmas\u0131n\u0131 ger\u00e7ekle\u015ftirdi.<\/p>\n<p>Thomas Kubbe, Wilo\u2019nun d\u00fcnyadaki en b\u00fcy\u00fck pompa tedarik\u00e7ilerinden biri oldu\u011funu belirterek, \u015firketin yenilik\u00e7i \u00fcr\u00fcn ve uygulamalarla her ge\u00e7en y\u0131l bu konumunu g\u00fc\u00e7lendirdi\u011fini s\u00f6yledi. Wilo\u2019nun 100 \u00fclkede aktif oldu\u011funu ifade eden Kubbe, 50\u2019den fazla \u00fclkede kendi \u015firketleriyle var olduklar\u0131n\u0131, 10 farkl\u0131 \u00fclkede 17 fabrika kurduklar\u0131n\u0131 dile getirdi.<\/p>\n<p><strong>\u201c\u0130lk\u201dleri yaratan marka<\/strong><\/p>\n<p>Wilo\u2019nun sekt\u00f6rde d\u00f6n\u00fcm noktas\u0131 olan katma de\u011ferli \u00fcr\u00fcnlerin mucidi oldu\u011funu vurgulayan Kubbe s\u00f6zlerine \u015f\u00f6yle devam etti: \u201c1872 y\u0131l\u0131nda sirk\u00fclasyon pompas\u0131n\u0131 icat eden Wilo, 1984 y\u0131l\u0131nda da ilk elektronik pompay\u0131 piyasaya sundu. \u0130\u00e7inde bulundu\u011fumuz dijital \u00e7a\u011f\u0131n ilk ak\u0131ll\u0131 pompas\u0131 olan Stratos Maxo\u2019yu sekt\u00f6re kazand\u0131ran marka yine Wilo oldu. Suyun dahil oldu\u011fu her yere ula\u015fmak ve hayata de\u011fer katmak i\u00e7in pompalar\u0131m\u0131z\u0131 devaml\u0131 g\u00fc\u00e7lendiriyoruz. \u0130lk elektronik pompam\u0131z zaman\u0131nda nas\u0131l bir mihenk ta\u015f\u0131 olduysa enerji verimlili\u011fi ve ba\u011flant\u0131 \u00f6zellikleri a\u00e7\u0131s\u0131ndan benzersiz bir \u00fcr\u00fcn olan Strotos Maxo da ayn\u0131 \u015fekilde bir mihenk ta\u015f\u0131 olacak.\u201d<\/p>\n<p>T\u00fcrkiye\u2019de bina teknolojilerinden, su ve at\u0131k su y\u00f6netimi uygulamalar\u0131na kadar t\u00fcm segmentlerde hizmet verdiklerini belirten Thomas Kubbe, Wilo T\u00fcrkiye\u2019nin grubun i\u00e7indeki en ba\u015far\u0131l\u0131 10 \u00fclke aras\u0131nda yer ald\u0131\u011f\u0131n\u0131 vurgulad\u0131. Bu ba\u015far\u0131da bayi te\u015fkilat\u0131n\u0131n \u00f6nemli rol oynad\u0131\u011f\u0131n\u0131n alt\u0131n\u0131 \u00e7izen Kubbe, \u201cT\u00fcrkiye\u2019de b\u00fcy\u00fckl\u00fc k\u00fc\u00e7\u00fckl\u00fc t\u00fcm m\u00fc\u015fterilerimizin ald\u0131klar\u0131 hizmetten mutlu oldu\u011funu g\u00f6r\u00fcyoruz. Burada olu\u015fturdu\u011fumuz ba\u015far\u0131l\u0131 bayi kurgusu, grubumuza ve sekt\u00f6r\u00fcn di\u011fer oyuncular\u0131na \u00f6rnek te\u015fkil ediyor\u201d dedi.<\/p>\n<p><strong>\u201cT\u00fcrkiye\u2019deki yat\u0131r\u0131mlar\u0131m\u0131z\u0131 derinle\u015ftirece\u011fiz\u201d<\/strong><\/p>\n<p>Wilo T\u00fcrkiye\u2019nin 26 y\u0131ld\u0131r \u00e7ok ba\u015far\u0131l\u0131 bir grafik \u00e7izdi\u011fini belirten Thomas Kubbe, \u201cBurada k\u00f6klerimizi daha da derinle\u015ftirmek ve yat\u0131r\u0131mlar\u0131m\u0131za devam etmek istiyoruz. \u00c7\u00fcnk\u00fc k\u0131sa vadeli de\u011fil uzun vadeli planlarla T\u00fcrkiye\u2019deyiz\u201d dedi.<\/p>\n<p><strong>Enerji verimlili\u011finde pompalar\u0131n rol\u00fc <\/strong><\/p>\n<p>Enerji verimlili\u011fi konusunun en \u00f6nemli g\u00fcndem maddeleri aras\u0131nda yer ald\u0131\u011f\u0131n\u0131 da s\u00f6yleyen Thomas Kubbe s\u00f6zlerine \u015f\u00f6yle devam etti: \u201cPompalar en \u00e7ok enerji t\u00fcketen cihazlar aras\u0131nda yer al\u0131yor. \u00d6te yandan en \u00e7ok tasarruf potansiyeli olan sistemler de yine pompalard\u0131r. D\u00fcnyadaki pompalar\u0131n y\u00fczde 80\u2019i maalesef verimsiz pompalar. Biz bu verimsiz tabloyu geli\u015ftirdi\u011fimiz teknolojilerle tersine \u00e7evirmeyi hedefliyoruz. Y\u00fczde 90\u2019a varan oranlarda enerji tasarrufu yapan pompalar\u0131m\u0131z var. Enerji verimli pompalarla d\u00fcnyan\u0131n toplam enerji t\u00fcketiminden y\u00fczde 4 tasarruf yapabiliriz.\u201d<\/p>\n<p><strong>Wilo 2017\u2019de b\u00fcy\u00fcmeye devam etti<\/strong><\/p>\n<p>Wilo T\u00fcrkiye Genel M\u00fcd\u00fcr\u00fc Erc\u00fcment Yal\u00e7\u0131n ise yapt\u0131\u011f\u0131 konu\u015fmada, in\u015faat sekt\u00f6r\u00fcn\u00fcn 2017\u2019de y\u00fczde 9.9 b\u00fcy\u00fcd\u00fc\u011f\u00fcn\u00fc, Wilo\u2019nun bu oran\u0131n da \u00fczerine \u00e7\u0131kan ba\u015far\u0131l\u0131 bir b\u00fcy\u00fcme performans\u0131 g\u00f6sterdi\u011fini s\u00f6yledi. Yal\u00e7\u0131n s\u00f6zlerine \u015f\u00f6yle devam etti: \u201c\u0130n\u015faat sekt\u00f6r\u00fc \u00fclkemizde ekonominin motoru olmaya devam ediyor. Talebin ve rekabetin y\u00fcksek oldu\u011fu bir sekt\u00f6rde hizmet veriyoruz. Yetkili bayilerimiz ve servislerimiz Wilo T\u00fcrkiye\u2019nin en kuvvetli kaslar\u0131n\u0131 olu\u015fturuyor. T\u00fcrkiye genelinde yetkili sat\u0131c\u0131 ve yetkili servislerimizle t\u00fcm m\u00fc\u015fterilerimizin 7\/24 yan\u0131nday\u0131z.\u201d<\/p>\n<p><strong>\u201cInitial Line projemizle perakende pazar\u0131nda ses getirdik\u201d<\/strong><\/p>\n<p>Erc\u00fcment Yal\u00e7\u0131n kat\u0131l\u0131mc\u0131lara Wilo\u2019nun yepyeni \u00fcr\u00fcn gam\u0131 Initial Line ile ilgili de bilgiler vererek \u015funlar\u0131 s\u00f6yledi: \u201cInitial Line projemizle perakende pazar\u0131na g\u00fc\u00e7l\u00fc bir giri\u015f yapma f\u0131rsat\u0131 bulduk. Pompa sistemleri sekt\u00f6r\u00fcnde premium \u00fcr\u00fcn \u00fcreten bir marka, ilk defa perakende pazar\u0131na, iddial\u0131 bir \u015fekilde girmi\u015f oldu. \u00dcr\u00fcn kalitemizden ve hizmetimizden taviz vermeden, daha rekabet\u00e7i fiyatlarla bu pazarda ses getirdik. Initial Line kategorisini yeni \u00fcr\u00fcnlerle geli\u015ftirmeye devam ediyoruz. \u015eu an bu seride 21 \u00fcr\u00fcn ve 57 model oldu. Bug\u00fcne kadar 100\u2019\u00fcn \u00fczerinde sat\u0131\u015f noktas\u0131na ula\u015ft\u0131k. 2018\u2019de daha b\u00fcy\u00fck hedeflerimiz var.\u201d<\/p>\n<p><strong>De\u011fi\u015fim pazar\u0131nda b\u00fcy\u00fcme hedefi<\/strong><\/p>\n<p>Erc\u00fcment Yal\u00e7\u0131n, bir di\u011fer \u00f6nemli proje olan enerji \u00e7\u00f6z\u00fcmleri projesinin 2017\u2019de ger\u00e7ekle\u015ftirdikleri b\u00fcy\u00fcmede itici g\u00fc\u00e7 oldu\u011funu ifade etti. Yal\u00e7\u0131n, bu proje kapsam\u0131nda tesislerin Wilo \u00fcr\u00fcnlerini kulland\u0131klar\u0131 takdirde ne kadar enerji tasarrufu sa\u011flayacaklar\u0131n\u0131 hesaplad\u0131klar\u0131 belirti. 2017\u2019de 100 proje ger\u00e7ekle\u015ftirdiklerini belirten Yal\u00e7\u0131n, \u201cWilo, \u00fccretsiz \u00f6l\u00e7\u00fcm hizmetini ve sonras\u0131nda elde edilecek enerji tasarrufu garantisini verebilen sekt\u00f6rdeki tek \u015firkettir\u201d dedi. 2018\u2019de enerji \u00e7\u00f6z\u00fcmleriyle de\u011fi\u015fim pazar\u0131nda b\u00fcy\u00fcmeyi hedeflediklerini belirten Yal\u00e7\u0131n, ayr\u0131ca kombi ve kazan sistemlerinde de pazar paylar\u0131n\u0131 art\u0131racaklar\u0131n\u0131 s\u00f6zlerine ekledi.<\/p>\n<p>2018\u2019de daha b\u00fcy\u00fck hedeflere ko\u015facaklar\u0131n\u0131 belirten Erc\u00fcment Yal\u00e7\u0131n, \u201cWilo ailesi olarak ba\u015far\u0131lar\u0131m\u0131zla, fikirlerimizle \u00e7evremizdeki insanlara ilham kayna\u011f\u0131 olmaya ve onlar\u0131n hayat\u0131na iz b\u0131rakmaya devam edece\u011fiz\u201d dedi.<\/p>\n<p>Wilo 12. Hedef Payla\u015f\u0131m Toplant\u0131s\u0131\u2019nda ayr\u0131ca ciro, performans, enerji \u00e7\u00f6z\u00fcmleri gibi konularda fark yaratan bayilere ba\u015far\u0131 \u00f6d\u00fclleri verildi.<\/p>","protected":false},"excerpt":{"rendered":"<p>Sorry, this entry is only available in Turkish. For the sake of viewer convenience, the content is shown below in the alternative language. You may click the link to switch the active language.Pompa ve pompa sistemleri sekt\u00f6r\u00fcn\u00fcn en b\u00fcy\u00fck markalar\u0131ndan biri olan Wilo, yetkili sat\u0131c\u0131lar\u0131 ile bir araya geldi\u011fi 12. Hedef Payla\u015f\u0131m Toplant\u0131s\u0131\u2019n\u0131 19 \u2013 [&hellip;]<\/p>\n","protected":false},"author":1,"featured_media":71216,"comment_status":"open","ping_status":"open","sticky":false,"template":"","format":"standard","meta":[],"categories":[53,52],"tags":[67,1009,12,36726,36728,36727,25866,793,1984],"views":632,"_links":{"self":[{"href":"https:\/\/www.enerjigazetesi.ist\/en\/wp-json\/wp\/v2\/posts\/71215"}],"collection":[{"href":"https:\/\/www.enerjigazetesi.ist\/en\/wp-json\/wp\/v2\/posts"}],"about":[{"href":"https:\/\/www.enerjigazetesi.ist\/en\/wp-json\/wp\/v2\/types\/post"}],"author":[{"embeddable":true,"href":"https:\/\/www.enerjigazetesi.ist\/en\/wp-json\/wp\/v2\/users\/1"}],"replies":[{"embeddable":true,"href":"https:\/\/www.enerjigazetesi.ist\/en\/wp-json\/wp\/v2\/comments?post=71215"}],"version-history":[{"count":1,"href":"https:\/\/www.enerjigazetesi.ist\/en\/wp-json\/wp\/v2\/posts\/71215\/revisions"}],"predecessor-version":[{"id":71217,"href":"https:\/\/www.enerjigazetesi.ist\/en\/wp-json\/wp\/v2\/posts\/71215\/revisions\/71217"}],"wp:featuredmedia":[{"embeddable":true,"href":"https:\/\/www.enerjigazetesi.ist\/en\/wp-json\/wp\/v2\/media\/71216"}],"wp:attachment":[{"href":"https:\/\/www.enerjigazetesi.ist\/en\/wp-json\/wp\/v2\/media?parent=71215"}],"wp:term":[{"taxonomy":"category","embeddable":true,"href":"https:\/\/www.enerjigazetesi.ist\/en\/wp-json\/wp\/v2\/categories?post=71215"},{"taxonomy":"post_tag","embeddable":true,"href":"https:\/\/www.enerjigazetesi.ist\/en\/wp-json\/wp\/v2\/tags?post=71215"}],"curies":[{"name":"wp","href":"https:\/\/api.w.org\/{rel}","templated":true}]}}