{"id":71201,"date":"2018-01-29T16:19:36","date_gmt":"2018-01-29T13:19:36","guid":{"rendered":"https:\/\/www.enerjigazetesi.ist\/?p=71201"},"modified":"2018-01-29T16:19:36","modified_gmt":"2018-01-29T13:19:36","slug":"tse-ruzgar-turbini-uretimi-alaninda-ilk-belgeyi-yerli-bir-firmaya-verdi","status":"publish","type":"post","link":"https:\/\/www.enerjigazetesi.ist\/en\/tse-ruzgar-turbini-uretimi-alaninda-ilk-belgeyi-yerli-bir-firmaya-verdi\/","title":{"rendered":"(Turkish) TSE R\u00fczgar T\u00fcrbini \u00dcretimi Alan\u0131nda \u0130lk Belgeyi Yerli Bir Firmaya Verdi!"},"content":{"rendered":"<p class=\"qtranxs-available-languages-message qtranxs-available-languages-message-en\">Sorry, this entry is only available in <a href=\"https:\/\/www.enerjigazetesi.ist\/tr\/wp-json\/wp\/v2\/posts\/71201\" class=\"qtranxs-available-language-link qtranxs-available-language-link-tr\" title=\"Turkish\">Turkish<\/a>. For the sake of viewer convenience, the content is shown below in the alternative language. You may click the link to switch the active language.<\/p><p><strong>Yerli ve Milli silahlar\u0131n g\u00fcndemde oldu\u011fu \u015fu g\u00fcnlerde, r\u00fczgar t\u00fcrbin \u00fcretimi alan\u0131nda, \u00a0T\u00fcrk Standartlar\u0131 Enstit\u00fcs\u00fc\u00a0(TSE)\u00a0yerli bir firma olan Northel Elektromekanik\u2019e, r\u00fczgar t\u00fcrbinlerinin standard\u0131n\u0131 belirleyen TS EN 61400-1 ve 22 belgesini verdi.<\/strong><\/p>\n<p>Northel Elektromekanik taraf\u0131ndan y\u00fczde 100 yerli teknoloji, tasar\u0131m ve t\u00fcm\u00fc yerli hammadde kullan\u0131larak \u00fcretilen 0,3 MW g\u00fcc\u00fcndeki <strong>POYRA P36\/300<\/strong>, TS EN 61400-1 ve 22 belgesini alan ilk milli <img loading=\"lazy\" class=\"alignleft size-medium wp-image-46905\" src=\"https:\/\/www.enerjigazetesi.ist\/wp-content\/uploads\/2015\/11\/alternatif-enerji-ruzgar-turbini-500x500_c-300x300.jpg\" alt=\"\" width=\"300\" height=\"300\" srcset=\"https:\/\/www.enerjigazetesi.ist\/wp-content\/uploads\/2015\/11\/alternatif-enerji-ruzgar-turbini-500x500_c-300x300.jpg 300w, https:\/\/www.enerjigazetesi.ist\/wp-content\/uploads\/2015\/11\/alternatif-enerji-ruzgar-turbini-500x500_c-150x150.jpg 150w, https:\/\/www.enerjigazetesi.ist\/wp-content\/uploads\/2015\/11\/alternatif-enerji-ruzgar-turbini-500x500_c-400x400.jpg 400w, https:\/\/www.enerjigazetesi.ist\/wp-content\/uploads\/2015\/11\/alternatif-enerji-ruzgar-turbini-500x500_c-50x50.jpg 50w, https:\/\/www.enerjigazetesi.ist\/wp-content\/uploads\/2015\/11\/alternatif-enerji-ruzgar-turbini-500x500_c.jpg 500w\" sizes=\"(max-width: 300px) 100vw, 300px\" \/>r\u00fczgar t\u00fcrbini oldu.<\/p>\n<p>RTP 01\/01 numaral\u0131 belge ile ilk milli ve yerli r\u00fczgar t\u00fcrbini belgelendirilirken, proje s\u00fcrecinde TSE ninde T\u00fcrk Akreditasyon Kurumu (T\u00dcRKAK) taraf\u0131ndan akredite edilmi\u015f olmas\u0131 sekt\u00f6r taraf\u0131ndan heyecan ile kar\u015f\u0131land\u0131. B\u00f6ylece, IEC, DIN, ISO gibi uluslararas\u0131 normlar ile denklik sa\u011flanm\u0131\u015f oldu.<\/p>\n<p><strong>T\u00fcrbin \u0130le Birlikte TSE&#8217;de \u00a0Akredite Oldu<\/strong><\/p>\n<p>2016 y\u0131l\u0131n\u0131n ilk \u00e7eyre\u011finde ba\u015flayan belgelendirme s\u00fcrecinde t\u00fcrbinin t\u00fcm par\u00e7alar\u0131n\u0131n tek tek onayland\u0131\u011f\u0131n\u0131 belirten Northel\u00a0Elektromekanik Ba\u015f Tasar\u0131mc\u0131s\u0131 ve Y\u00f6netim Kurulu Ba\u015fkan Yard\u0131mc\u0131s\u0131 Cem Yal\u00e7\u0131n, &#8221; Bir \u00fclkede tasarlanan ve \u00fcretime haz\u0131r duruma getirilen \u00fcr\u00fcnler o \u00fclkenin ulusal belgelendirme kurumlar\u0131 taraf\u0131ndan tasar\u0131m ve \u00fcretim s\u0131ras\u0131nda belgelenmi\u015fse o \u00fcr\u00fcn millidir. Bunun d\u0131\u015f\u0131ndaki \u00fcretimler lisansla \u00fcretilen yerli \u00fcretimlerdir. Bu ama\u00e7 do\u011frultusunda belgelendirme kurumlar\u0131m\u0131z belgelendirme yapacaklar\u0131 konularda uluslararas\u0131 akredite olmal\u0131d\u0131rlar. Milli belgelendirme kurumlar\u0131m\u0131zdan T\u00fcrk Loydu\u2019ndan sonra T\u00fcrk Standartlar\u0131 Enstit\u00fcs\u00fc de bu s\u00fcre\u00e7 sonunda T\u00dcRKAK taraf\u0131ndan akredite edilmi\u015ftir.<\/p>\n<p><strong>Enerjide Millile\u015fme \u00a0<\/strong><\/p>\n<p>Enerji Bakan\u0131 Berat\u00a0Albayrak&#8217;\u0131n\u00a0Enerjide Millile\u015fme vurgusunun sekt\u00f6r i\u00e7in derin bir anlam\u0131 oldu\u011funu belirten Cem Yal\u00e7\u0131n, &#8220;2003 y\u0131l\u0131ndan beri r\u00fczgar t\u00fcrbin tasar\u0131m\u0131 ve \u00fcretimi yap\u0131yoruz ancak bu s\u00fcre\u00e7te ilk defa Milli \u00fcretimin bu derece samimiyetle desteklendi\u011fini g\u00f6r\u00fcyoruz. Say\u0131n Bakan\u0131n hedeflemi\u015f oldu\u011fu MW ve \u00fczeri g\u00fc\u00e7lerde t\u00fcrbinlerin seri \u00fcretimine, 2019 y\u0131l\u0131 ilk yar\u0131s\u0131nda ba\u015flayacak \u015fekilde haz\u0131rlan\u0131yoruz. Alm\u0131\u015f oldu\u011fumuz belge ile sekt\u00f6r\u00fcn \u00f6n\u00fcndeki b\u00fcy\u00fck bir engeli de kald\u0131rd\u0131k. Yerli \u00fcretime verilen destek s\u00fcrd\u00fcr\u00fclebilir bir hal al\u0131rsa, \u00f6zellikle MW alt\u0131nda \u00fcretim yapan firma say\u0131s\u0131 da \u00e7o\u011falacakt\u0131r. Tar\u0131mda, belediyelerde, enerji kooperatiflerinde, kamu i\u015fletmelerindeki pazar b\u00fcy\u00fckl\u00fc\u011f\u00fc \u00fclkemizde onlarca t\u00fcrbin \u015firketine i\u015f sa\u011flayacak kapasitededir. Teknoloji bu alanlarda geli\u015fecektir. B\u00f6ylece bir\u00e7ok yerli firma Amerika Birle\u015fik Devletleri, Orta Amerika ve Afrika gibi d\u0131\u015f pazarlara da y\u00f6nelerek, enerji sekt\u00f6r\u00fcnde \u00fcr\u00fcn \u00e7e\u015fitli\u011fi sa\u011flanacak, \u00a0ihracat\u0131n da \u00f6n\u00fc a\u00e7\u0131lm\u0131\u015f olacakt\u0131r.&#8221; dedi.<\/p>","protected":false},"excerpt":{"rendered":"<p>Sorry, this entry is only available in Turkish. For the sake of viewer convenience, the content is shown below in the alternative language. You may click the link to switch the active language.Yerli ve Milli silahlar\u0131n g\u00fcndemde oldu\u011fu \u015fu g\u00fcnlerde, r\u00fczgar t\u00fcrbin \u00fcretimi alan\u0131nda, \u00a0T\u00fcrk Standartlar\u0131 Enstit\u00fcs\u00fc\u00a0(TSE)\u00a0yerli bir firma olan Northel Elektromekanik\u2019e, r\u00fczgar t\u00fcrbinlerinin standard\u0131n\u0131 [&hellip;]<\/p>\n","protected":false},"author":1,"featured_media":46905,"comment_status":"open","ping_status":"open","sticky":false,"template":"","format":"standard","meta":[],"categories":[53,50],"tags":[67,1009,36720,474,35002,24949,34960,324,36721,4163],"views":2967,"_links":{"self":[{"href":"https:\/\/www.enerjigazetesi.ist\/en\/wp-json\/wp\/v2\/posts\/71201"}],"collection":[{"href":"https:\/\/www.enerjigazetesi.ist\/en\/wp-json\/wp\/v2\/posts"}],"about":[{"href":"https:\/\/www.enerjigazetesi.ist\/en\/wp-json\/wp\/v2\/types\/post"}],"author":[{"embeddable":true,"href":"https:\/\/www.enerjigazetesi.ist\/en\/wp-json\/wp\/v2\/users\/1"}],"replies":[{"embeddable":true,"href":"https:\/\/www.enerjigazetesi.ist\/en\/wp-json\/wp\/v2\/comments?post=71201"}],"version-history":[{"count":1,"href":"https:\/\/www.enerjigazetesi.ist\/en\/wp-json\/wp\/v2\/posts\/71201\/revisions"}],"predecessor-version":[{"id":71202,"href":"https:\/\/www.enerjigazetesi.ist\/en\/wp-json\/wp\/v2\/posts\/71201\/revisions\/71202"}],"wp:featuredmedia":[{"embeddable":true,"href":"https:\/\/www.enerjigazetesi.ist\/en\/wp-json\/wp\/v2\/media\/46905"}],"wp:attachment":[{"href":"https:\/\/www.enerjigazetesi.ist\/en\/wp-json\/wp\/v2\/media?parent=71201"}],"wp:term":[{"taxonomy":"category","embeddable":true,"href":"https:\/\/www.enerjigazetesi.ist\/en\/wp-json\/wp\/v2\/categories?post=71201"},{"taxonomy":"post_tag","embeddable":true,"href":"https:\/\/www.enerjigazetesi.ist\/en\/wp-json\/wp\/v2\/tags?post=71201"}],"curies":[{"name":"wp","href":"https:\/\/api.w.org\/{rel}","templated":true}]}}