{"id":71198,"date":"2018-01-29T15:49:25","date_gmt":"2018-01-29T12:49:25","guid":{"rendered":"https:\/\/www.enerjigazetesi.ist\/?p=71198"},"modified":"2018-01-29T15:49:25","modified_gmt":"2018-01-29T12:49:25","slug":"abdden-cinli-ureticilere-anti-damping-vergisi-uygulamasi","status":"publish","type":"post","link":"https:\/\/www.enerjigazetesi.ist\/en\/abdden-cinli-ureticilere-anti-damping-vergisi-uygulamasi\/","title":{"rendered":"(Turkish) ABD&#8217;den \u00c7inli \u00dcreticilere Anti-Damping Vergisi Uygulamas\u0131"},"content":{"rendered":"<p class=\"qtranxs-available-languages-message qtranxs-available-languages-message-en\">Sorry, this entry is only available in <a href=\"https:\/\/www.enerjigazetesi.ist\/tr\/wp-json\/wp\/v2\/posts\/71198\" class=\"qtranxs-available-language-link qtranxs-available-language-link-tr\" title=\"Turkish\">Turkish<\/a>. For the sake of viewer convenience, the content is shown below in the alternative language. You may click the link to switch the active language.<\/p><p><strong>ABD Ba\u015fkan\u0131 Donald Trump taraf\u0131ndan \u00c7inli fotovoltaik h\u00fccre ve mod\u00fcl \u00fcreticileri aleyhine ba\u015flat\u0131lan soru\u015fturma hakk\u0131ndaki karar a\u00e7\u0131kland\u0131.<\/strong><\/p>\n<p>D\u00fcn T\u00fcrkiye saati ile gece yar\u0131s\u0131ndan sonra\u00a0a\u00e7\u0131klanan karara g\u00f6re\u00a0ABD, 2018\u2019den ba\u015flayarak \u00c7in\u2019den ithal edilen g\u00fcne\u015f h\u00fccreleri ve mod\u00fcllerine d\u00f6rt y\u0131l boyunca anti-damping vergileri uygulayacak.<\/p>\n<p><img loading=\"lazy\" class=\"alignright size-medium wp-image-71199\" src=\"https:\/\/www.enerjigazetesi.ist\/wp-content\/uploads\/2018\/01\/abdden-cinli-ureticilere-anti-damping-vergisi-uygulamasi-300x150.jpg\" alt=\"\" width=\"300\" height=\"150\" srcset=\"https:\/\/www.enerjigazetesi.ist\/wp-content\/uploads\/2018\/01\/abdden-cinli-ureticilere-anti-damping-vergisi-uygulamasi-300x150.jpg 300w, https:\/\/www.enerjigazetesi.ist\/wp-content\/uploads\/2018\/01\/abdden-cinli-ureticilere-anti-damping-vergisi-uygulamasi-500x250.jpg 500w, https:\/\/www.enerjigazetesi.ist\/wp-content\/uploads\/2018\/01\/abdden-cinli-ureticilere-anti-damping-vergisi-uygulamasi-80x40.jpg 80w, https:\/\/www.enerjigazetesi.ist\/wp-content\/uploads\/2018\/01\/abdden-cinli-ureticilere-anti-damping-vergisi-uygulamasi.jpg 640w\" sizes=\"(max-width: 300px) 100vw, 300px\" \/>2018 y\u0131l\u0131nda y\u00fczde 30 ile ba\u015flayacak anti-damping vergi oranlar\u0131, ikinci y\u0131l y\u00fczde 25, \u00fc\u00e7\u00fcnc\u00fc y\u0131l y\u00fczde 20 d\u00f6rd\u00fcnc\u00fc y\u0131l ise y\u00fczde 15 oran\u0131nda uygulanacak.<\/p>\n<p>Bununla birlikte d\u00fczenlemenin y\u00fcr\u00fcrl\u00fc\u011fe girmesinin ard\u0131ndan ger\u00e7ekle\u015fen ilk 2,5 GW\u2019l\u0131k ithalat bu y\u00fck\u00fcml\u00fcl\u00fckten muaf tutulacak.<\/p>\n<p>ABD Ticaret Temsilcili\u011fi taraf\u0131ndan a\u00e7\u0131klanan kararda halihaz\u0131rda ABD g\u00fcne\u015f enerjisi pazar\u0131ndaki h\u00fccrelerin y\u00fczde 60\u2019\u0131n\u0131n mod\u00fcllerin ise y\u00fczde 71\u2019inin \u00c7inli firmalar taraf\u0131ndan \u00fcretildi\u011fi bilgisi verildi. Yap\u0131lan a\u00e7\u0131klamada 2012-2016 y\u0131llar\u0131 aras\u0131nda ABD\u2019nin g\u00fcne\u015f pili ve mod\u00fcl\u00fc ithalat\u0131n\u0131n y\u00fczde 500 oran\u0131nda artarken, fiyatlar\u0131n y\u00fczde 60 oran\u0131nda geriledi\u011fi, ayn\u0131 zamanda bu d\u00f6nemde ABD\u2019li \u00fcreticilerin \u00e7o\u011funun yerli \u00fcretimi durdurdu\u011fu, tesislerini ba\u015fka \u00fclkelere kayd\u0131rd\u0131\u011f\u0131 veya iflaslar\u0131n\u0131 ilan etti\u011fi ifade edildi.<\/p>","protected":false},"excerpt":{"rendered":"<p>Sorry, this entry is only available in Turkish. For the sake of viewer convenience, the content is shown below in the alternative language. You may click the link to switch the active language.ABD Ba\u015fkan\u0131 Donald Trump taraf\u0131ndan \u00c7inli fotovoltaik h\u00fccre ve mod\u00fcl \u00fcreticileri aleyhine ba\u015flat\u0131lan soru\u015fturma hakk\u0131ndaki karar a\u00e7\u0131kland\u0131. D\u00fcn T\u00fcrkiye saati ile gece yar\u0131s\u0131ndan [&hellip;]<\/p>\n","protected":false},"author":1,"featured_media":71199,"comment_status":"open","ping_status":"open","sticky":false,"template":"","format":"standard","meta":[],"categories":[53,49,18007],"tags":[1198,6076,36719,23416,23133,23131],"views":749,"_links":{"self":[{"href":"https:\/\/www.enerjigazetesi.ist\/en\/wp-json\/wp\/v2\/posts\/71198"}],"collection":[{"href":"https:\/\/www.enerjigazetesi.ist\/en\/wp-json\/wp\/v2\/posts"}],"about":[{"href":"https:\/\/www.enerjigazetesi.ist\/en\/wp-json\/wp\/v2\/types\/post"}],"author":[{"embeddable":true,"href":"https:\/\/www.enerjigazetesi.ist\/en\/wp-json\/wp\/v2\/users\/1"}],"replies":[{"embeddable":true,"href":"https:\/\/www.enerjigazetesi.ist\/en\/wp-json\/wp\/v2\/comments?post=71198"}],"version-history":[{"count":1,"href":"https:\/\/www.enerjigazetesi.ist\/en\/wp-json\/wp\/v2\/posts\/71198\/revisions"}],"predecessor-version":[{"id":71200,"href":"https:\/\/www.enerjigazetesi.ist\/en\/wp-json\/wp\/v2\/posts\/71198\/revisions\/71200"}],"wp:featuredmedia":[{"embeddable":true,"href":"https:\/\/www.enerjigazetesi.ist\/en\/wp-json\/wp\/v2\/media\/71199"}],"wp:attachment":[{"href":"https:\/\/www.enerjigazetesi.ist\/en\/wp-json\/wp\/v2\/media?parent=71198"}],"wp:term":[{"taxonomy":"category","embeddable":true,"href":"https:\/\/www.enerjigazetesi.ist\/en\/wp-json\/wp\/v2\/categories?post=71198"},{"taxonomy":"post_tag","embeddable":true,"href":"https:\/\/www.enerjigazetesi.ist\/en\/wp-json\/wp\/v2\/tags?post=71198"}],"curies":[{"name":"wp","href":"https:\/\/api.w.org\/{rel}","templated":true}]}}