{"id":71155,"date":"2018-01-28T14:47:45","date_gmt":"2018-01-28T11:47:45","guid":{"rendered":"https:\/\/www.enerjigazetesi.ist\/?p=71155"},"modified":"2018-01-28T14:49:28","modified_gmt":"2018-01-28T11:49:28","slug":"11-ab-uyesi-ulke-2020-yili-yenilenebilir-enerji-hedefini-tutturdu","status":"publish","type":"post","link":"https:\/\/www.enerjigazetesi.ist\/en\/11-ab-uyesi-ulke-2020-yili-yenilenebilir-enerji-hedefini-tutturdu\/","title":{"rendered":"(Turkish) 11 AB \u00dcyesi \u00dclke 2020 Y\u0131l\u0131 Yenilenebilir Enerji Hedefini Tutturdu"},"content":{"rendered":"<p class=\"qtranxs-available-languages-message qtranxs-available-languages-message-en\">Sorry, this entry is only available in <a href=\"https:\/\/www.enerjigazetesi.ist\/tr\/wp-json\/wp\/v2\/posts\/71155\" class=\"qtranxs-available-language-link qtranxs-available-language-link-tr\" title=\"Turkish\">Turkish<\/a>. For the sake of viewer convenience, the content is shown below in the alternative language. You may click the link to switch the active language.<\/p><p><strong><img loading=\"lazy\" class=\"wp-image-44623 alignright\" src=\"https:\/\/www.enerjigazetesi.ist\/wp-content\/uploads\/2015\/09\/dunya-enerji-ihtiyacinin-tamami-yenilenebilir-enerjiden-karsilanabilir.jpg\" alt=\"\" width=\"257\" height=\"257\" srcset=\"https:\/\/www.enerjigazetesi.ist\/wp-content\/uploads\/2015\/09\/dunya-enerji-ihtiyacinin-tamami-yenilenebilir-enerjiden-karsilanabilir.jpg 300w, https:\/\/www.enerjigazetesi.ist\/wp-content\/uploads\/2015\/09\/dunya-enerji-ihtiyacinin-tamami-yenilenebilir-enerjiden-karsilanabilir-150x150.jpg 150w, https:\/\/www.enerjigazetesi.ist\/wp-content\/uploads\/2015\/09\/dunya-enerji-ihtiyacinin-tamami-yenilenebilir-enerjiden-karsilanabilir-50x50.jpg 50w\" sizes=\"(max-width: 257px) 100vw, 257px\" \/>Eurostat taraf\u0131ndan AB \u00fcyesi \u00fclkelerde br\u00fct son enerji t\u00fcketiminde yenilenebilir enerji kaynaklar\u0131n\u0131n paylar\u0131yla ilgili veriler yay\u0131mland\u0131.<\/strong><\/p>\n<p>Yay\u0131mlanan verilere g\u00f6re 28 \u00fcye \u00fclkeden 11\u2019i 2020 yenilenebilir enerji hedefini yakalad\u0131. Hedefine ula\u015fan \u00fclkeler en b\u00fcy\u00fck hedef s\u0131ralamas\u0131na g\u00f6re ise \u015fu \u015fekildedir: \u0130sve\u00e7, Finlandiya, Danimarka, Estonya, H\u0131rvatistan, Litvanya, Romanya, Bulgaristan, \u0130talya, \u00c7ek Cumhuriyeti ve Macaristan.<\/p>\n<p>Yenilenebilir enerji pay\u0131 yakla\u015f\u0131k y\u00fczde 54 olan \u0130sve\u00e7 enerjisinin yar\u0131s\u0131ndan fazlas\u0131n\u0131 temiz kaynaklardan sa\u011flayan tek \u00fclke olurken onu y\u00fczde 38.7 pay ile Finlandiya ve y\u00fczde 32.2 payla Danimarka takip etmektedir.<\/p>","protected":false},"excerpt":{"rendered":"<p>Sorry, this entry is only available in Turkish. For the sake of viewer convenience, the content is shown below in the alternative language. You may click the link to switch the active language.Eurostat taraf\u0131ndan AB \u00fcyesi \u00fclkelerde br\u00fct son enerji t\u00fcketiminde yenilenebilir enerji kaynaklar\u0131n\u0131n paylar\u0131yla ilgili veriler yay\u0131mland\u0131. Yay\u0131mlanan verilere g\u00f6re 28 \u00fcye \u00fclkeden 11\u2019i [&hellip;]<\/p>\n","protected":false},"author":1,"featured_media":44623,"comment_status":"open","ping_status":"open","sticky":false,"template":"","format":"standard","meta":[],"categories":[51,53,49,50,18007],"tags":[1192,63,35376,1009,23311,23416,24949,105,26829],"views":1310,"_links":{"self":[{"href":"https:\/\/www.enerjigazetesi.ist\/en\/wp-json\/wp\/v2\/posts\/71155"}],"collection":[{"href":"https:\/\/www.enerjigazetesi.ist\/en\/wp-json\/wp\/v2\/posts"}],"about":[{"href":"https:\/\/www.enerjigazetesi.ist\/en\/wp-json\/wp\/v2\/types\/post"}],"author":[{"embeddable":true,"href":"https:\/\/www.enerjigazetesi.ist\/en\/wp-json\/wp\/v2\/users\/1"}],"replies":[{"embeddable":true,"href":"https:\/\/www.enerjigazetesi.ist\/en\/wp-json\/wp\/v2\/comments?post=71155"}],"version-history":[{"count":1,"href":"https:\/\/www.enerjigazetesi.ist\/en\/wp-json\/wp\/v2\/posts\/71155\/revisions"}],"predecessor-version":[{"id":71156,"href":"https:\/\/www.enerjigazetesi.ist\/en\/wp-json\/wp\/v2\/posts\/71155\/revisions\/71156"}],"wp:featuredmedia":[{"embeddable":true,"href":"https:\/\/www.enerjigazetesi.ist\/en\/wp-json\/wp\/v2\/media\/44623"}],"wp:attachment":[{"href":"https:\/\/www.enerjigazetesi.ist\/en\/wp-json\/wp\/v2\/media?parent=71155"}],"wp:term":[{"taxonomy":"category","embeddable":true,"href":"https:\/\/www.enerjigazetesi.ist\/en\/wp-json\/wp\/v2\/categories?post=71155"},{"taxonomy":"post_tag","embeddable":true,"href":"https:\/\/www.enerjigazetesi.ist\/en\/wp-json\/wp\/v2\/tags?post=71155"}],"curies":[{"name":"wp","href":"https:\/\/api.w.org\/{rel}","templated":true}]}}