{"id":71124,"date":"2018-01-26T12:21:56","date_gmt":"2018-01-26T09:21:56","guid":{"rendered":"https:\/\/www.enerjigazetesi.ist\/?p=71124"},"modified":"2018-01-26T12:21:56","modified_gmt":"2018-01-26T09:21:56","slug":"nukleer-sanayi-buyuyor-100den-fazla-reaktor-planlaniyor","status":"publish","type":"post","link":"https:\/\/www.enerjigazetesi.ist\/en\/nukleer-sanayi-buyuyor-100den-fazla-reaktor-planlaniyor\/","title":{"rendered":"(Turkish) N\u00fckleer Sanayi B\u00fcy\u00fcyor: 100&#8217;den Fazla Reakt\u00f6r Planlan\u0131yor!"},"content":{"rendered":"<p class=\"qtranxs-available-languages-message qtranxs-available-languages-message-en\">Sorry, this entry is only available in <a href=\"https:\/\/www.enerjigazetesi.ist\/tr\/wp-json\/wp\/v2\/posts\/71124\" class=\"qtranxs-available-language-link qtranxs-available-language-link-tr\" title=\"Turkish\">Turkish<\/a>. For the sake of viewer convenience, the content is shown below in the alternative language. You may click the link to switch the active language.<\/p><p><strong>N\u00fckleer sanayi d\u00fcnyada kurulmas\u0131 planlanan 100&#8217;den fazla yeni reakt<\/strong><strong>\u00f6<\/strong><strong>rle h\u0131zla b\u00fcy\u00fcmeye devam ediyor. T\u00fcrk firmalar\u0131n\u0131 <\/strong><strong>da <\/strong><strong>\u00f6<\/strong><strong>nemli f\u0131rsatlar bekleyen n\u00fckleer sanayiyi masaya yat\u0131rmak \u00fczere Uluslararas\u0131 N\u00fckleer Santraller Zirvesi ve Fuar\u0131, 6-7 Mart 2018\u2019de \u0130stanbul\u2019<\/strong><strong>da d<\/strong><strong>\u00fczenlenecek. T\u00fcrkiye, Ortado\u011fu ve Afrika\u2019n\u0131n en kapsaml\u0131 n\u00fckleer etkinli\u011fi olan Zirve, n\u00fckleer sanayinin en <\/strong><strong>\u00f6<\/strong><strong>nemli oyuncular\u0131ndan olu\u015fan yakla\u015f\u0131k bin temsilciyi a\u011f\u0131rlayacak<\/strong><\/p>\n<p>Uluslararas\u0131 N\u00fckleer Santraller Zirvesi ve Fuar\u0131, 6-7 Mart 2018 tarihlerinde be\u015finci kez kap\u0131lar\u0131n\u0131 \u0130stanbul\u2019da a\u00e7\u0131yor. Zirveye reakt\u00f6r i\u015fleten ve santral in\u015faat\u0131 yapan uluslararas\u0131 firmalarla T\u00fcrkiye, <img loading=\"lazy\" class=\"alignleft size-medium wp-image-71125\" src=\"https:\/\/www.enerjigazetesi.ist\/wp-content\/uploads\/2018\/01\/nuclear-power-plant-300x200.jpg\" alt=\"\" width=\"300\" height=\"200\" srcset=\"https:\/\/www.enerjigazetesi.ist\/wp-content\/uploads\/2018\/01\/nuclear-power-plant-300x200.jpg 300w, https:\/\/www.enerjigazetesi.ist\/wp-content\/uploads\/2018\/01\/nuclear-power-plant-768x512.jpg 768w, https:\/\/www.enerjigazetesi.ist\/wp-content\/uploads\/2018\/01\/nuclear-power-plant-500x334.jpg 500w, https:\/\/www.enerjigazetesi.ist\/wp-content\/uploads\/2018\/01\/nuclear-power-plant-75x50.jpg 75w, https:\/\/www.enerjigazetesi.ist\/wp-content\/uploads\/2018\/01\/nuclear-power-plant.jpg 1000w\" sizes=\"(max-width: 300px) 100vw, 300px\" \/>Ortado\u011fu ve Afrika\u2019daki n\u00fckleer projelerinin bir par\u00e7as\u0131 olmak isteyen kurulu\u015flar kat\u0131lacak. Bu y\u0131l Zirve\u2019nin ilgi \u00e7eken ba\u015fl\u0131klar\u0131ndan biri de g\u00fcncel n\u00fckleer ara\u015ft\u0131rmalar ve n\u00fckleer teknolojinin gelece\u011fi olacak.<\/p>\n<p><strong>N\u00fckleer sanayi son 3 y\u0131<\/strong><strong>lda rekor k<\/strong><strong>\u0131rd\u0131<\/strong><\/p>\n<p>N\u00fckleer sanayinin alt sekt\u00f6rleriyle birlikte t\u00fcm d\u00fcnyada b\u00fcy\u00fcd\u00fc\u011f\u00fcn\u00fc belirten <strong>V. Uluslararas\u0131 N\u00fckleer Santraller Zirvesi ve N\u00fc<\/strong><strong>kleer M<\/strong><strong>\u00fchendisler Derne\u011fi Ba\u015fkan\u0131\u00a0 Dr. Erol \u00c7ubuk<\/strong><strong>\u00e7<\/strong><strong>u<\/strong>, t\u00fcm d\u00fcnyadaki aktif reakt\u00f6r say\u0131s\u0131n\u0131n 448\u2019e ula\u015ft\u0131\u011f\u0131na dikkat \u00e7ekti. ABD\u2019nin sahip oldu\u011fu 99 reakt\u00f6rle n\u00fckleer sanayi alan\u0131nda liderli\u011fi elinde tuttu\u011fun s\u00f6yleyen Erol \u00c7ubuk\u00e7u, Fransa\u2019da 58, \u00c7in\u2019de 38 ve Rusya\u2019da da 35 n\u00fckleer reakt\u00f6r\u00fcn aktif oldu\u011funu ifade etti. Japonlar\u0131n 2011&#8217;deki kazadan sonra reakt\u00f6rlerini yeniden \u00e7al\u0131\u015ft\u0131rmak i\u00e7in faaliyetlerini s\u00fcrd\u00fcrd\u00fcklerini s\u00f6yleyen \u00c7ubuk\u00e7u, 2015 y\u0131l\u0131nda 10 ve 2016 y\u0131l\u0131nda yine 10 \u00fcnitenin daha devreye al\u0131nd\u0131\u011f\u0131na dikkat \u00e7ekerek bunun 1990\u2019lardan bu yana bir rekor oldu\u011funu s\u00f6yledi. Ayn\u0131 y\u0131llarda toplam 11 reakt\u00f6r \u00fcnitesinin \u00f6mr\u00fcn\u00fc tamamlad\u0131\u011f\u0131 i\u00e7in tamamen kapat\u0131ld\u0131\u011f\u0131n\u0131 belirten \u00c7ubuk\u00e7u, n\u00fckleer projelerin say\u0131s\u0131ndaki art\u0131\u015f\u0131n yan\u0131 s\u0131ra, Almanya ve Japonya&#8217;da n\u00fckleer santrallerin gelecekleri ile ilgili y\u00fcr\u00fct\u00fclen \u00e7al\u0131\u015fmalar\u0131n da yak\u0131ndan takip edilmesi gerekti\u011fini belirtti.<\/p>\n<p>Uluslararas\u0131 N\u00fckleer Santraller Zirvesi\u2019nde hem reakt\u00f6r i\u015fleten hem de bir santral in\u015faat\u0131nda olmas\u0131 gereken pompadan vanaya, kablodan boruya t\u00fcm alt sekt\u00f6rlerin temsilcilerinin yer alaca\u011f\u0131n\u0131 ifade eden \u00c7ubuk\u00e7u, Zirve g\u00fcndeminde pop\u00fcler ve g\u00fcncel konular\u0131n yan\u0131 s\u0131ra, durdurulan n\u00fckleer in\u015faatlar\u0131nda ya\u015fanan sorunlar\u0131n da masaya yat\u0131r\u0131laca\u011f\u0131n\u0131 ve b\u00f6ylelikle n\u00fckleer sekt\u00f6r\u00fcnde tart\u0131\u015f\u0131lmayan bir ba\u015fl\u0131k b\u0131rakmak istemediklerini a\u00e7\u0131klad\u0131.<\/p>\n<p>Pullman \u0130stanbul Convention Center\u2019da ger\u00e7ekle\u015fecek 5. Uluslararas\u0131 N\u00fckleer Santraller Zirvesi hakk\u0131nda detayl\u0131 bilgi almak i\u00e7in <a href=\"http:\/\/www.nuclearpowerplantssummit.com\/\">www.nuclearpowerplantssummit.com<\/a> internet adresi ziyaret edilebilir.<\/p>\n<p><strong>Ayr\u0131nt\u0131l\u0131 bilgi i<\/strong><strong>\u00e7<\/strong><strong>in: <\/strong><strong>Derya Adin \/ <\/strong><a href=\"mailto:deryaadin@gmail.com\"><strong>deryaadin@gmail.com<\/strong><\/a><strong> \/ 0533 399 52 95 <\/strong>ileti\u015fim bilgilerinden irtibata ge\u00e7ebilirsiniz.<\/p>","protected":false},"excerpt":{"rendered":"<p>Sorry, this entry is only available in Turkish. For the sake of viewer convenience, the content is shown below in the alternative language. You may click the link to switch the active language.N\u00fckleer sanayi d\u00fcnyada kurulmas\u0131 planlanan 100&#8217;den fazla yeni reakt\u00f6rle h\u0131zla b\u00fcy\u00fcmeye devam ediyor. T\u00fcrk firmalar\u0131n\u0131 da \u00f6nemli f\u0131rsatlar bekleyen n\u00fckleer sanayiyi masaya yat\u0131rmak [&hellip;]<\/p>\n","protected":false},"author":1,"featured_media":71125,"comment_status":"open","ping_status":"open","sticky":false,"template":"","format":"standard","meta":[],"categories":[53,43],"tags":[36686,36688,67,1009,23134,25480,5408,34930,36687],"views":990,"_links":{"self":[{"href":"https:\/\/www.enerjigazetesi.ist\/en\/wp-json\/wp\/v2\/posts\/71124"}],"collection":[{"href":"https:\/\/www.enerjigazetesi.ist\/en\/wp-json\/wp\/v2\/posts"}],"about":[{"href":"https:\/\/www.enerjigazetesi.ist\/en\/wp-json\/wp\/v2\/types\/post"}],"author":[{"embeddable":true,"href":"https:\/\/www.enerjigazetesi.ist\/en\/wp-json\/wp\/v2\/users\/1"}],"replies":[{"embeddable":true,"href":"https:\/\/www.enerjigazetesi.ist\/en\/wp-json\/wp\/v2\/comments?post=71124"}],"version-history":[{"count":1,"href":"https:\/\/www.enerjigazetesi.ist\/en\/wp-json\/wp\/v2\/posts\/71124\/revisions"}],"predecessor-version":[{"id":71126,"href":"https:\/\/www.enerjigazetesi.ist\/en\/wp-json\/wp\/v2\/posts\/71124\/revisions\/71126"}],"wp:featuredmedia":[{"embeddable":true,"href":"https:\/\/www.enerjigazetesi.ist\/en\/wp-json\/wp\/v2\/media\/71125"}],"wp:attachment":[{"href":"https:\/\/www.enerjigazetesi.ist\/en\/wp-json\/wp\/v2\/media?parent=71124"}],"wp:term":[{"taxonomy":"category","embeddable":true,"href":"https:\/\/www.enerjigazetesi.ist\/en\/wp-json\/wp\/v2\/categories?post=71124"},{"taxonomy":"post_tag","embeddable":true,"href":"https:\/\/www.enerjigazetesi.ist\/en\/wp-json\/wp\/v2\/tags?post=71124"}],"curies":[{"name":"wp","href":"https:\/\/api.w.org\/{rel}","templated":true}]}}