{"id":71105,"date":"2018-01-26T10:08:48","date_gmt":"2018-01-26T07:08:48","guid":{"rendered":"https:\/\/www.enerjigazetesi.ist\/?p=71105"},"modified":"2018-01-26T10:08:48","modified_gmt":"2018-01-26T07:08:48","slug":"ck-camlibel-elektrike-3-oracle-enerji-zirvesinden-odul","status":"publish","type":"post","link":"https:\/\/www.enerjigazetesi.ist\/en\/ck-camlibel-elektrike-3-oracle-enerji-zirvesinden-odul\/","title":{"rendered":"(Turkish) CK \u00c7aml\u0131bel Elektrik\u2019e 3. Oracle Enerji Zirvesi\u2019nden \u00d6d\u00fcl!"},"content":{"rendered":"<p class=\"qtranxs-available-languages-message qtranxs-available-languages-message-en\">Sorry, this entry is only available in <a href=\"https:\/\/www.enerjigazetesi.ist\/tr\/wp-json\/wp\/v2\/posts\/71105\" class=\"qtranxs-available-language-link qtranxs-available-language-link-tr\" title=\"Turkish\">Turkish<\/a>. For the sake of viewer convenience, the content is shown below in the alternative language. You may click the link to switch the active language.<\/p><p><strong>Bu y\u0131l \u00fc\u00e7\u00fcnc\u00fcs\u00fc d\u00fczenlenen Oracle Enerji Zirvesi\u2019nde, \u2018Enerji Sekt\u00f6r\u00fc Dijital D\u00f6n\u00fc\u015f\u00fcm \u00d6d\u00fclleri\u2019 sahiplerini buldu. M\u00fc\u015fteri odakl\u0131 d\u00f6n\u00fc\u015f\u00fcme imza atan CK \u00c7aml\u0131bel Elektrik, \u2018EBS Projesi\u2019 ile \u00f6d\u00fcle lay\u0131k g\u00f6r\u00fcld\u00fc.<img loading=\"lazy\" class=\"alignright wp-image-71106 size-medium\" src=\"https:\/\/www.enerjigazetesi.ist\/wp-content\/uploads\/2018\/01\/ck-camlibel-elektrike-3-oracle-enerji-zirvesinden-odul-300x200.jpg\" alt=\"\" width=\"300\" height=\"200\" srcset=\"https:\/\/www.enerjigazetesi.ist\/wp-content\/uploads\/2018\/01\/ck-camlibel-elektrike-3-oracle-enerji-zirvesinden-odul-300x200.jpg 300w, https:\/\/www.enerjigazetesi.ist\/wp-content\/uploads\/2018\/01\/ck-camlibel-elektrike-3-oracle-enerji-zirvesinden-odul-500x334.jpg 500w, https:\/\/www.enerjigazetesi.ist\/wp-content\/uploads\/2018\/01\/ck-camlibel-elektrike-3-oracle-enerji-zirvesinden-odul-75x50.jpg 75w, https:\/\/www.enerjigazetesi.ist\/wp-content\/uploads\/2018\/01\/ck-camlibel-elektrike-3-oracle-enerji-zirvesinden-odul.jpg 752w\" sizes=\"(max-width: 300px) 100vw, 300px\" \/><\/strong><\/p>\n<p>Yakla\u015f\u0131k 400\u2019den fazla sekt\u00f6r y\u00f6neticisinin kat\u0131l\u0131m\u0131yla d\u00fczenlenen 3. Oracle Enerji Zirvesi\u2019nde, elektrik perakende sekt\u00f6r\u00fcn\u00fcn \u00f6nc\u00fc \u015firketlerinden CK \u00c7aml\u0131bel Elektrik \u2018Dijital D\u00f6n\u00fc\u015f\u00fcm \u00d6d\u00fcl\u00fc\u2019n\u00fcn sahibi oldu. 17 Ocak tarihinde \u0130stanbul\u2019da ger\u00e7ekle\u015ftirilen zirvede elektrik, su ve do\u011falgaz \u015firketlerinin dijitalle\u015fme ve ak\u0131ll\u0131 \u015febeke y\u00f6netimi yat\u0131r\u0131mlar\u0131 konular\u0131 ele al\u0131nd\u0131. Enerji sekt\u00f6r\u00fcn\u00fcn y\u00f6neticilerinin bulu\u015ftu\u011fu toplant\u0131da m\u00fc\u015fteri odakl\u0131 d\u00f6n\u00fc\u015f\u00fcme att\u0131\u011f\u0131 imza ile \u00f6ne \u00e7\u0131kan ve Entegre Bili\u015fim Sistemleri Program\u0131\u2019n\u0131 (EBS) devreye alan CK \u00c7aml\u0131bel Elektrik, \u2018Oracle Enerji Sekt\u00f6r\u00fc Dijital D\u00f6n\u00fc\u015f\u00fcm \u00d6d\u00fcl\u00fc\u2019ne lay\u0131k g\u00f6r\u00fcld\u00fc.<\/p>\n<p><strong>M\u00dc\u015eTER\u0130 ODAKLI S\u00dcRE\u00c7LER\u0130M\u0130Z\u0130 D\u00d6N\u00dc\u015eT\u00dcRD\u00dcK<\/strong><\/p>\n<p><strong>CK \u00c7aml\u0131bel Elektrik Genel M\u00fcd\u00fcr\u00fc \u0130brahim Yal\u00e7\u0131n Tekin<\/strong>, \u201cBize \u00f6d\u00fcl getiren EBS projesiyle \u015firketimiz b\u00fcnyesinde y\u00fcr\u00fct\u00fclen i\u015f s\u00fcre\u00e7leri h\u0131z kazand\u0131, raporlama anlam\u0131nda b\u00fcy\u00fck fayda sa\u011fland\u0131. EBS projesinin ba\u015flang\u0131c\u0131ndan bug\u00fcne kadar grup nezdinde kullan\u0131lan insan kaynaklar\u0131, muhasebe-finans, sat\u0131n alma, m\u00fc\u015fteri y\u00f6netimi, varl\u0131k y\u00f6netimi \u00fcr\u00fcnleri ile birlikte raporlamada kullan\u0131lan \u00fcr\u00fcnlerin tamam\u0131 Oracle \u00fcr\u00fcn\u00fc. Elektrik perakende \u015firketi olarak m\u00fc\u015fteri odakl\u0131 olarak t\u00fcm s\u00fcre\u00e7lerimizi d\u00f6n\u00fc\u015ft\u00fcrmeyi hedefledik ve bunda da ba\u015far\u0131l\u0131 olduk. Bu \u00f6d\u00fcl de elde etti\u011fimiz ba\u015far\u0131n\u0131n sonucu\u201d diye konu\u015ftu.<\/p>","protected":false},"excerpt":{"rendered":"<p>Sorry, this entry is only available in Turkish. For the sake of viewer convenience, the content is shown below in the alternative language. You may click the link to switch the active language.Bu y\u0131l \u00fc\u00e7\u00fcnc\u00fcs\u00fc d\u00fczenlenen Oracle Enerji Zirvesi\u2019nde, \u2018Enerji Sekt\u00f6r\u00fc Dijital D\u00f6n\u00fc\u015f\u00fcm \u00d6d\u00fclleri\u2019 sahiplerini buldu. M\u00fc\u015fteri odakl\u0131 d\u00f6n\u00fc\u015f\u00fcme imza atan CK \u00c7aml\u0131bel Elektrik, \u2018EBS [&hellip;]<\/p>\n","protected":false},"author":1,"featured_media":71106,"comment_status":"open","ping_status":"open","sticky":false,"template":"","format":"standard","meta":[],"categories":[51,53],"tags":[36311,36675,67,1009,26410,36676],"views":723,"_links":{"self":[{"href":"https:\/\/www.enerjigazetesi.ist\/en\/wp-json\/wp\/v2\/posts\/71105"}],"collection":[{"href":"https:\/\/www.enerjigazetesi.ist\/en\/wp-json\/wp\/v2\/posts"}],"about":[{"href":"https:\/\/www.enerjigazetesi.ist\/en\/wp-json\/wp\/v2\/types\/post"}],"author":[{"embeddable":true,"href":"https:\/\/www.enerjigazetesi.ist\/en\/wp-json\/wp\/v2\/users\/1"}],"replies":[{"embeddable":true,"href":"https:\/\/www.enerjigazetesi.ist\/en\/wp-json\/wp\/v2\/comments?post=71105"}],"version-history":[{"count":1,"href":"https:\/\/www.enerjigazetesi.ist\/en\/wp-json\/wp\/v2\/posts\/71105\/revisions"}],"predecessor-version":[{"id":71107,"href":"https:\/\/www.enerjigazetesi.ist\/en\/wp-json\/wp\/v2\/posts\/71105\/revisions\/71107"}],"wp:featuredmedia":[{"embeddable":true,"href":"https:\/\/www.enerjigazetesi.ist\/en\/wp-json\/wp\/v2\/media\/71106"}],"wp:attachment":[{"href":"https:\/\/www.enerjigazetesi.ist\/en\/wp-json\/wp\/v2\/media?parent=71105"}],"wp:term":[{"taxonomy":"category","embeddable":true,"href":"https:\/\/www.enerjigazetesi.ist\/en\/wp-json\/wp\/v2\/categories?post=71105"},{"taxonomy":"post_tag","embeddable":true,"href":"https:\/\/www.enerjigazetesi.ist\/en\/wp-json\/wp\/v2\/tags?post=71105"}],"curies":[{"name":"wp","href":"https:\/\/api.w.org\/{rel}","templated":true}]}}