{"id":71091,"date":"2018-01-25T16:47:48","date_gmt":"2018-01-25T13:47:48","guid":{"rendered":"https:\/\/www.enerjigazetesi.ist\/?p=71091"},"modified":"2018-01-25T16:48:25","modified_gmt":"2018-01-25T13:48:25","slug":"catida-elektrik-uretimi-turkiyenin-enerji-faturasini-yuzde-5-dusurecek","status":"publish","type":"post","link":"https:\/\/www.enerjigazetesi.ist\/en\/catida-elektrik-uretimi-turkiyenin-enerji-faturasini-yuzde-5-dusurecek\/","title":{"rendered":"(Turkish) \u00c7at\u0131da Elektrik \u00dcretimi T\u00fcrkiye\u2019nin Enerji Faturas\u0131n\u0131 Y\u00fczde 5 D\u00fc\u015f\u00fcrecek"},"content":{"rendered":"<p class=\"qtranxs-available-languages-message qtranxs-available-languages-message-en\">Sorry, this entry is only available in <a href=\"https:\/\/www.enerjigazetesi.ist\/tr\/wp-json\/wp\/v2\/posts\/71091\" class=\"qtranxs-available-language-link qtranxs-available-language-link-tr\" title=\"Turkish\">Turkish<\/a>. For the sake of viewer convenience, the content is shown below in the alternative language. You may click the link to switch the active language.<\/p><p><strong>Kamuoyunda \u2018\u00e7at\u0131 mevzuat\u0131\u2019 olarak bilinen y\u00f6netmelik ile \u00e7at\u0131ya kurulacak g\u00fcne\u015f panelleri ile vatanda\u015flar\u0131n kendi elektri\u011fini \u00fcretmesinin \u00f6n\u00fc a\u00e7\u0131ld\u0131. Enerji uzman\u0131 H\u00fcseyin Karata\u015f, g\u00fcne\u015f panellerinden yararlan\u0131larak elektrik \u00fcretilmesinin \u00fclkemizin <img loading=\"lazy\" class=\"alignright wp-image-38886 size-medium\" src=\"https:\/\/www.enerjigazetesi.ist\/wp-content\/uploads\/2015\/05\/gunes-enerjisi-elektrik-uretim-sisteminin-tasarlanmasi-ve-maliyet-hesabi-300x184.jpg\" alt=\"\" width=\"300\" height=\"184\" srcset=\"https:\/\/www.enerjigazetesi.ist\/wp-content\/uploads\/2015\/05\/gunes-enerjisi-elektrik-uretim-sisteminin-tasarlanmasi-ve-maliyet-hesabi-300x184.jpg 300w, https:\/\/www.enerjigazetesi.ist\/wp-content\/uploads\/2015\/05\/gunes-enerjisi-elektrik-uretim-sisteminin-tasarlanmasi-ve-maliyet-hesabi-500x306.jpg 500w, https:\/\/www.enerjigazetesi.ist\/wp-content\/uploads\/2015\/05\/gunes-enerjisi-elektrik-uretim-sisteminin-tasarlanmasi-ve-maliyet-hesabi-80x50.jpg 80w, https:\/\/www.enerjigazetesi.ist\/wp-content\/uploads\/2015\/05\/gunes-enerjisi-elektrik-uretim-sisteminin-tasarlanmasi-ve-maliyet-hesabi.jpg 978w\" sizes=\"(max-width: 300px) 100vw, 300px\" \/>ve\u00a0hanelerin hayr\u0131na olaca\u011f\u0131n\u0131 dile getirdi.<\/strong><\/p>\n<p>Paneller ile hanelerin \u015febekeye ba\u011fl\u0131l\u0131ktan kurtulaca\u011f\u0131n\u0131 belirten Karata\u015f, \u201cG\u00fcne\u015ften yararlanmak \u00fclkemizin yarar\u0131na olur, enerji ithalat\u0131m\u0131z\u0131 frenler. Enerji i\u00e7in her sene 50 milyar dolar \u00f6d\u00fcyoruz. Halbuki g\u00fcne\u015f panellerini kullanarak kendi elektri\u011fimizi \u00fcretirsek bu 50 milyar dolar\u0131n y\u00fczde 5\u2019i yani 2,5 milyar dolarl\u0131k bir k\u0131sm\u0131 elimizde kal\u0131r\u201d ifadelerini kulland\u0131.<\/p>\n<p>Ayr\u0131ca Karata\u015f, g\u00fcne\u015f panellerinin aboneler i\u00e7in k\u00e2rl\u0131 olaca\u011f\u0131na da vurgu yaparken, \u201cDiyelim ki bir panele 10 bin lira \u00f6dediniz. Evin enerji t\u00fcketimine katk\u0131 sunacak olan panel, 3 veya 4 senede kendini amorti eder\u201d dedi.<\/p>","protected":false},"excerpt":{"rendered":"<p>Sorry, this entry is only available in Turkish. For the sake of viewer convenience, the content is shown below in the alternative language. You may click the link to switch the active language.Kamuoyunda \u2018\u00e7at\u0131 mevzuat\u0131\u2019 olarak bilinen y\u00f6netmelik ile \u00e7at\u0131ya kurulacak g\u00fcne\u015f panelleri ile vatanda\u015flar\u0131n kendi elektri\u011fini \u00fcretmesinin \u00f6n\u00fc a\u00e7\u0131ld\u0131. Enerji uzman\u0131 H\u00fcseyin Karata\u015f, g\u00fcne\u015f [&hellip;]<\/p>\n","protected":false},"author":1,"featured_media":38886,"comment_status":"open","ping_status":"open","sticky":false,"template":"","format":"standard","meta":[],"categories":[53,49,18007],"tags":[1229,19,67,1009,94,148,13,23416,23133,108,23131,105],"views":902,"_links":{"self":[{"href":"https:\/\/www.enerjigazetesi.ist\/en\/wp-json\/wp\/v2\/posts\/71091"}],"collection":[{"href":"https:\/\/www.enerjigazetesi.ist\/en\/wp-json\/wp\/v2\/posts"}],"about":[{"href":"https:\/\/www.enerjigazetesi.ist\/en\/wp-json\/wp\/v2\/types\/post"}],"author":[{"embeddable":true,"href":"https:\/\/www.enerjigazetesi.ist\/en\/wp-json\/wp\/v2\/users\/1"}],"replies":[{"embeddable":true,"href":"https:\/\/www.enerjigazetesi.ist\/en\/wp-json\/wp\/v2\/comments?post=71091"}],"version-history":[{"count":1,"href":"https:\/\/www.enerjigazetesi.ist\/en\/wp-json\/wp\/v2\/posts\/71091\/revisions"}],"predecessor-version":[{"id":71092,"href":"https:\/\/www.enerjigazetesi.ist\/en\/wp-json\/wp\/v2\/posts\/71091\/revisions\/71092"}],"wp:featuredmedia":[{"embeddable":true,"href":"https:\/\/www.enerjigazetesi.ist\/en\/wp-json\/wp\/v2\/media\/38886"}],"wp:attachment":[{"href":"https:\/\/www.enerjigazetesi.ist\/en\/wp-json\/wp\/v2\/media?parent=71091"}],"wp:term":[{"taxonomy":"category","embeddable":true,"href":"https:\/\/www.enerjigazetesi.ist\/en\/wp-json\/wp\/v2\/categories?post=71091"},{"taxonomy":"post_tag","embeddable":true,"href":"https:\/\/www.enerjigazetesi.ist\/en\/wp-json\/wp\/v2\/tags?post=71091"}],"curies":[{"name":"wp","href":"https:\/\/api.w.org\/{rel}","templated":true}]}}