{"id":71087,"date":"2018-01-25T16:41:02","date_gmt":"2018-01-25T13:41:02","guid":{"rendered":"https:\/\/www.enerjigazetesi.ist\/?p=71087"},"modified":"2018-01-25T16:41:43","modified_gmt":"2018-01-25T13:41:43","slug":"cw-enerji-gunes-panelleriyle-elektrik-ihtiyacinin-yuzde-40ini-karsiliyor","status":"publish","type":"post","link":"https:\/\/www.enerjigazetesi.ist\/en\/cw-enerji-gunes-panelleriyle-elektrik-ihtiyacinin-yuzde-40ini-karsiliyor\/","title":{"rendered":"(Turkish) CW Enerji, G\u00fcne\u015f \u0130le Elektrik \u0130htiyac\u0131n\u0131n Y\u00fczde 40\u2019\u0131n\u0131 Kar\u015f\u0131l\u0131yor"},"content":{"rendered":"<p class=\"qtranxs-available-languages-message qtranxs-available-languages-message-en\">Sorry, this entry is only available in <a href=\"https:\/\/www.enerjigazetesi.ist\/tr\/wp-json\/wp\/v2\/posts\/71087\" class=\"qtranxs-available-language-link qtranxs-available-language-link-tr\" title=\"Turkish\">Turkish<\/a>. For the sake of viewer convenience, the content is shown below in the alternative language. You may click the link to switch the active language.<\/p><p><strong>Antalya Organize Sanayi B\u00f6lgesi\u2019nde 2010 y\u0131l\u0131ndan beri g\u00fcne\u015f paneli \u00fcreten CW Enerji, fabrikas\u0131n\u0131n \u00e7at\u0131s\u0131na kurdu\u011fu panellerle harcad\u0131\u011f\u0131 elektri\u011fin y\u00fczde 40\u2019\u0131n\u0131 kar\u015f\u0131l\u0131yor.<\/strong><\/p>\n<p><span id=\"more-97368\"><\/span>CW Enerji Y\u00f6netim Kurulu Ba\u015fkan\u0131 Tar\u0131k Sarvan, panel sekt\u00f6r\u00fcnde, T\u00fcrkiye\u2019nin bu alandaki ilk 500\u2019e giren firmalar aras\u0131nda yer ald\u0131klar\u0131n\u0131 s\u00f6yledi. Sarvan, 12 bin metrekarelik alanda \u00fcretim yapt\u0131klar\u0131n\u0131 <img loading=\"lazy\" class=\"alignleft wp-image-71088 size-medium\" src=\"https:\/\/www.enerjigazetesi.ist\/wp-content\/uploads\/2018\/01\/cw-enerji-gunes-panelleriyle-elektrik-ihtiyacinin-yuzde-40ini-karsiliyor-300x150.jpg\" alt=\"\" width=\"300\" height=\"150\" srcset=\"https:\/\/www.enerjigazetesi.ist\/wp-content\/uploads\/2018\/01\/cw-enerji-gunes-panelleriyle-elektrik-ihtiyacinin-yuzde-40ini-karsiliyor-300x150.jpg 300w, https:\/\/www.enerjigazetesi.ist\/wp-content\/uploads\/2018\/01\/cw-enerji-gunes-panelleriyle-elektrik-ihtiyacinin-yuzde-40ini-karsiliyor-500x250.jpg 500w, https:\/\/www.enerjigazetesi.ist\/wp-content\/uploads\/2018\/01\/cw-enerji-gunes-panelleriyle-elektrik-ihtiyacinin-yuzde-40ini-karsiliyor-80x40.jpg 80w, https:\/\/www.enerjigazetesi.ist\/wp-content\/uploads\/2018\/01\/cw-enerji-gunes-panelleriyle-elektrik-ihtiyacinin-yuzde-40ini-karsiliyor.jpg 696w\" sizes=\"(max-width: 300px) 100vw, 300px\" \/>belirterek, \u201d2018 y\u0131l\u0131nda, 47 bin metrekarelik alanda, Avrupa\u2019n\u0131n en b\u00fcy\u00fck panel \u00fcretim hatt\u0131n\u0131 kuraca\u011f\u0131z. G\u00fcne\u015fin oldu\u011fu her yerde var\u0131z. 12 \u00fclkeye ihracat\u0131m\u0131z var. Bu y\u0131l, say\u0131y\u0131 20 \u00fclkeye \u00e7\u0131karaca\u011f\u0131z\u201d dedi.<\/p>\n<p>G\u00fcne\u015ften enerji elde etmenin her y\u00f6ntemi \u00fczerinde \u00e7al\u0131\u015ft\u0131klar\u0131n\u0131 kaydeden Sarvan, \u015febekenin olmad\u0131\u011f\u0131 yerlerde g\u00fcne\u015ften enerjiyi al\u0131p, ak\u00fclere depo edebilecekleri teknolojiler \u00fcrettiklerini s\u00f6yledi. Da\u011fa giden \u00e7oban\u0131n k\u00fc\u00e7\u00fck panel ve ak\u00fc ile ak\u015fam lambas\u0131n\u0131 yak\u0131p, televizyon izleyebilece\u011fi teknolojiyi de \u00fcrettiklerini aktaran Sarvan, yak\u0131n gelecekte T\u00fcrkiye\u2019de bir\u00e7ok \u00e7at\u0131da g\u00fcne\u015f paneli yer alaca\u011f\u0131n\u0131 dile getirdi. Sarvan, \u201dAlmanya\u2019da, her 5 evden 3\u2019\u00fcn\u00fcn \u00e7at\u0131s\u0131nda g\u00fcne\u015f paneli var. Almanya, bu hale 10 y\u0131lda geldi. T\u00fcrkiye\u2019de de 5 y\u0131l sonra bir\u00e7ok evin \u00e7at\u0131s\u0131nda bu durumu g\u00f6rebilece\u011fiz\u201d diye konu\u015ftu.<\/p>\n<p>G\u00fcne\u015f tarlalar\u0131 da kurduklar\u0131n\u0131 belirten Tar\u0131k Sarvan, g\u00fcne\u015f tarlalar\u0131n\u0131n \u00e7ift\u00e7ili\u011fi engellemeyecek alanlarda kurulan santraller oldu\u011funu s\u00f6yledi. G\u00fcne\u015f tarlalar\u0131n\u0131n elektrik t\u00fcketimi fazla olan ve yat\u0131r\u0131m yapmak isteyenlerin tercihi oldu\u011funu kaydeden Sarvan, \u201dHerkes bu yat\u0131r\u0131m\u0131 yapabilir. T\u00fcrkiye\u2019de hi\u00e7bir bitkinin ye\u015fermedi\u011fi arazi say\u0131s\u0131 \u00e7ok fazla. G\u00fcne\u015f tarlalar\u0131n\u0131 T\u00fcrkiye\u2019nin her b\u00f6lgesine yapmak m\u00fcmk\u00fcn\u201d dedi.<\/p>\n<p>Tar\u0131k Sarvan, fabrika olarak yeni \u00fcr\u00fcnleri olan teknolojik kiremitleri de tan\u0131tarak, \u015funlar\u0131 s\u00f6yledi: \u201dM\u00fchendislerimiz, normal kiremit yerine \u2018y\u00fczy\u0131l\u0131n kiremidi\u2019 olarak nitelendirdi\u011fi kiremitleri yap\u0131yor. Bu kiremitler, direkt g\u00fcne\u015f ile muhatap oluyor. Kiremitler, izolasyonu sa\u011flarken, mevcut kiremitlerden daha ba\u015far\u0131l\u0131. \u0130\u00e7eriye nem, r\u00fczgar, sis almayan bir kiremit geli\u015ftirdik. D\u0131\u015f y\u00fczeyinden de elektrik \u00fcretebiliyoruz. Yeni y\u0131lda, seri \u00fcretimine ba\u015flayaca\u011f\u0131z. Testler bitti. Deneme amac\u0131yla kendi garaj\u0131m\u0131z\u0131 bu kiremitlerle yapt\u0131k\u201d dedi.<\/p>","protected":false},"excerpt":{"rendered":"<p>Sorry, this entry is only available in Turkish. For the sake of viewer convenience, the content is shown below in the alternative language. You may click the link to switch the active language.Antalya Organize Sanayi B\u00f6lgesi\u2019nde 2010 y\u0131l\u0131ndan beri g\u00fcne\u015f paneli \u00fcreten CW Enerji, fabrikas\u0131n\u0131n \u00e7at\u0131s\u0131na kurdu\u011fu panellerle harcad\u0131\u011f\u0131 elektri\u011fin y\u00fczde 40\u2019\u0131n\u0131 kar\u015f\u0131l\u0131yor. CW Enerji [&hellip;]<\/p>\n","protected":false},"author":1,"featured_media":71088,"comment_status":"open","ping_status":"open","sticky":false,"template":"","format":"standard","meta":[],"categories":[53,49,18007],"tags":[36674,34548,34868,68,67,1009,2326,23416,2569,142,23131],"views":1018,"_links":{"self":[{"href":"https:\/\/www.enerjigazetesi.ist\/en\/wp-json\/wp\/v2\/posts\/71087"}],"collection":[{"href":"https:\/\/www.enerjigazetesi.ist\/en\/wp-json\/wp\/v2\/posts"}],"about":[{"href":"https:\/\/www.enerjigazetesi.ist\/en\/wp-json\/wp\/v2\/types\/post"}],"author":[{"embeddable":true,"href":"https:\/\/www.enerjigazetesi.ist\/en\/wp-json\/wp\/v2\/users\/1"}],"replies":[{"embeddable":true,"href":"https:\/\/www.enerjigazetesi.ist\/en\/wp-json\/wp\/v2\/comments?post=71087"}],"version-history":[{"count":2,"href":"https:\/\/www.enerjigazetesi.ist\/en\/wp-json\/wp\/v2\/posts\/71087\/revisions"}],"predecessor-version":[{"id":71090,"href":"https:\/\/www.enerjigazetesi.ist\/en\/wp-json\/wp\/v2\/posts\/71087\/revisions\/71090"}],"wp:featuredmedia":[{"embeddable":true,"href":"https:\/\/www.enerjigazetesi.ist\/en\/wp-json\/wp\/v2\/media\/71088"}],"wp:attachment":[{"href":"https:\/\/www.enerjigazetesi.ist\/en\/wp-json\/wp\/v2\/media?parent=71087"}],"wp:term":[{"taxonomy":"category","embeddable":true,"href":"https:\/\/www.enerjigazetesi.ist\/en\/wp-json\/wp\/v2\/categories?post=71087"},{"taxonomy":"post_tag","embeddable":true,"href":"https:\/\/www.enerjigazetesi.ist\/en\/wp-json\/wp\/v2\/tags?post=71087"}],"curies":[{"name":"wp","href":"https:\/\/api.w.org\/{rel}","templated":true}]}}