{"id":71047,"date":"2018-01-24T12:01:15","date_gmt":"2018-01-24T09:01:15","guid":{"rendered":"https:\/\/www.enerjigazetesi.ist\/?p=71047"},"modified":"2018-01-24T12:01:15","modified_gmt":"2018-01-24T09:01:15","slug":"turkiyenin-konutta-ilk-sertifikali-pasif-binasinda-rehau-imzasi","status":"publish","type":"post","link":"https:\/\/www.enerjigazetesi.ist\/en\/turkiyenin-konutta-ilk-sertifikali-pasif-binasinda-rehau-imzasi\/","title":{"rendered":"(Turkish) T\u00fcrkiye\u2019nin Konutta \u0130lk Sertifikal\u0131 Pasif Binas\u0131\u2019nda REHAU \u0130mzas\u0131&#8230;"},"content":{"rendered":"<p class=\"qtranxs-available-languages-message qtranxs-available-languages-message-en\">Sorry, this entry is only available in <a href=\"https:\/\/www.enerjigazetesi.ist\/tr\/wp-json\/wp\/v2\/posts\/71047\" class=\"qtranxs-available-language-link qtranxs-available-language-link-tr\" title=\"Turkish\">Turkish<\/a>. For the sake of viewer convenience, the content is shown below in the alternative language. You may click the link to switch the active language.<\/p><p><strong>S\u0131f\u0131r Enerji ve Pasif Ev Derne\u011fi (SEPEV), Etimesgut\u2019taki 250 metrekarelik bir villay\u0131 \u201dPasif Ev \u201de d\u00f6n\u00fc\u015ft\u00fcrd\u00fc. Alman Pasif ev Enstit\u00fcs\u00fc taraf\u0131ndan sertifikaland\u0131r\u0131lan bina, \u201cKonut\u201d kategorisinde T\u00fcrkiye\u2019nin sertifikal\u0131 ilk Pasif Binas\u0131 olma \u00f6zelli\u011fini ta\u015f\u0131rken, projenin yerden \u0131s\u0131tma-so\u011futma sistemlerinin ve pencerelerinin sponsorlu\u011funu enerji verimli yap\u0131lar\u0131n tercihi REHAU \u00fcstlendi. <\/strong><\/p>\n<p>REHAU, projede GENEO \u00fcr\u00fcn ailesinin, \u00fc\u00e7 caml\u0131, \u00fcst\u00fcn yal\u0131t\u0131ml\u0131 pencereleri ve yerden \u0131s\u0131tma sisteminde ise REHAU Rautherm S borular\u0131 kullan\u0131ld\u0131. Benzer yap\u0131lara oranla y\u00fczde 90\u2019\u0131n \u00fczerinde enerji verimli olan Pasif Ev Projesi, yenilenebilir enerji teknolojileriyle \u201cyakla\u015f\u0131k s\u0131f\u0131r enerji\u201d ile \u0131s\u0131t\u0131l\u0131yor <img loading=\"lazy\" class=\"alignleft size-medium wp-image-71048\" src=\"https:\/\/www.enerjigazetesi.ist\/wp-content\/uploads\/2018\/01\/turkiyenin-konutta-ilk-sertifikali-pasif-binasinda-rehau-imzasi-300x246.jpg\" alt=\"\" width=\"300\" height=\"246\" srcset=\"https:\/\/www.enerjigazetesi.ist\/wp-content\/uploads\/2018\/01\/turkiyenin-konutta-ilk-sertifikali-pasif-binasinda-rehau-imzasi-300x246.jpg 300w, https:\/\/www.enerjigazetesi.ist\/wp-content\/uploads\/2018\/01\/turkiyenin-konutta-ilk-sertifikali-pasif-binasinda-rehau-imzasi-488x400.jpg 488w, https:\/\/www.enerjigazetesi.ist\/wp-content\/uploads\/2018\/01\/turkiyenin-konutta-ilk-sertifikali-pasif-binasinda-rehau-imzasi-61x50.jpg 61w, https:\/\/www.enerjigazetesi.ist\/wp-content\/uploads\/2018\/01\/turkiyenin-konutta-ilk-sertifikali-pasif-binasinda-rehau-imzasi.jpg 682w\" sizes=\"(max-width: 300px) 100vw, 300px\" \/>ve so\u011futuluyor.<\/p>\n<p><strong>REHAU GENEO Pencere Sistemleri Pasif Ev Standartlar\u0131na Tam Uyumluluk Sa\u011fl\u0131yor<\/strong><\/p>\n<p>GENEO pencere sistemleriyle \u0131s\u0131 yal\u0131t\u0131m\u0131, ses yal\u0131t\u0131m\u0131 ve h\u0131rs\u0131zl\u0131\u011fa kar\u015f\u0131 koruma \u00f6zellikleriyle \u00f6n plana \u00e7\u0131k\u0131yor. Bulundu\u011fu binan\u0131n cephesiyle ba\u011flant\u0131l\u0131 olan enerji t\u00fcketiminin \u00f6n\u00fcne ge\u00e7mek i\u00e7in bol \u0131\u015f\u0131kl\u0131 tasar\u0131ma ra\u011fmen \u00fcst\u00fcn performans ve verimlilik sa\u011flayan GENEO, b\u00fcy\u00fck y\u00fczeyli cam mimarilerini dahi en iyi enerji verimlili\u011fi, ses yal\u0131t\u0131m\u0131, h\u0131rs\u0131zl\u0131k emniyeti ve konfor gibi avantajlarla bir araya getiriyor. Renk ve tasar\u0131m se\u00e7enekleriyle de estetik a\u00e7\u0131dan hedef kitleye hitap eden GENEO, Pasif Ev standartlar\u0131na tam uyumluluk sa\u011fl\u0131yor.<\/p>\n<p><strong>\u0130htiya\u00e7lar\u0131 birebir kar\u015f\u0131layan RAUTHERM S<\/strong><br \/>\nREHAU \u2019nun RAUTHERM S sistemi \u0131s\u0131tma ve so\u011futma i\u00e7in denenmi\u015f ve test edilmi\u015f ve \u00e7ok y\u00f6nl\u00fc bir aksesuar yelpazesine sahip g\u00fcvenilir bir sistemdir. Sistemin temelini REHAU \u2019nun sundu\u011fu RAUTHERM S borusu ile kombinasyon halinde bask\u0131 kovan\u0131 birle\u015ftirme tekni\u011fi olu\u015fturmaktad\u0131r. RAUTHERM S borular\u0131 dayan\u0131kl\u0131, bas\u0131nca dayan\u0131kl\u0131, oksijen ge\u00e7irmezdir ve y\u00fcksek g\u00fcvenlik paylar\u0131na sahiptir. PE-Xa malzemesi \u2013yani, y\u00fcksek yo\u011funluklu \u00e7apraz ba\u011fl\u0131 polietilen\u2013 bu y\u00fcksek performanslar\u0131 kolayla\u015ft\u0131rmaktad\u0131r.<\/p>\n<p>Pasif Ev Projesi\u2019nin mimari tasar\u0131m ve uygulamalar\u0131 Ekho Mimarl\u0131k taraf\u0131ndan yap\u0131l\u0131rken, mekanik tasar\u0131m ve uygulamalar\u0131 ise Gentem M\u00fchendislik taraf\u0131ndan y\u00fcr\u00fct\u00fcld\u00fc.<\/p>","protected":false},"excerpt":{"rendered":"<p>Sorry, this entry is only available in Turkish. For the sake of viewer convenience, the content is shown below in the alternative language. You may click the link to switch the active language.S\u0131f\u0131r Enerji ve Pasif Ev Derne\u011fi (SEPEV), Etimesgut\u2019taki 250 metrekarelik bir villay\u0131 \u201dPasif Ev \u201de d\u00f6n\u00fc\u015ft\u00fcrd\u00fc. Alman Pasif ev Enstit\u00fcs\u00fc taraf\u0131ndan sertifikaland\u0131r\u0131lan bina, [&hellip;]<\/p>\n","protected":false},"author":1,"featured_media":71048,"comment_status":"open","ping_status":"open","sticky":false,"template":"","format":"standard","meta":[],"categories":[53,52],"tags":[67,1009,36656,4633,36655,22267,11477],"views":1357,"_links":{"self":[{"href":"https:\/\/www.enerjigazetesi.ist\/en\/wp-json\/wp\/v2\/posts\/71047"}],"collection":[{"href":"https:\/\/www.enerjigazetesi.ist\/en\/wp-json\/wp\/v2\/posts"}],"about":[{"href":"https:\/\/www.enerjigazetesi.ist\/en\/wp-json\/wp\/v2\/types\/post"}],"author":[{"embeddable":true,"href":"https:\/\/www.enerjigazetesi.ist\/en\/wp-json\/wp\/v2\/users\/1"}],"replies":[{"embeddable":true,"href":"https:\/\/www.enerjigazetesi.ist\/en\/wp-json\/wp\/v2\/comments?post=71047"}],"version-history":[{"count":1,"href":"https:\/\/www.enerjigazetesi.ist\/en\/wp-json\/wp\/v2\/posts\/71047\/revisions"}],"predecessor-version":[{"id":71049,"href":"https:\/\/www.enerjigazetesi.ist\/en\/wp-json\/wp\/v2\/posts\/71047\/revisions\/71049"}],"wp:featuredmedia":[{"embeddable":true,"href":"https:\/\/www.enerjigazetesi.ist\/en\/wp-json\/wp\/v2\/media\/71048"}],"wp:attachment":[{"href":"https:\/\/www.enerjigazetesi.ist\/en\/wp-json\/wp\/v2\/media?parent=71047"}],"wp:term":[{"taxonomy":"category","embeddable":true,"href":"https:\/\/www.enerjigazetesi.ist\/en\/wp-json\/wp\/v2\/categories?post=71047"},{"taxonomy":"post_tag","embeddable":true,"href":"https:\/\/www.enerjigazetesi.ist\/en\/wp-json\/wp\/v2\/tags?post=71047"}],"curies":[{"name":"wp","href":"https:\/\/api.w.org\/{rel}","templated":true}]}}