{"id":70975,"date":"2018-01-21T12:48:15","date_gmt":"2018-01-21T09:48:15","guid":{"rendered":"https:\/\/www.enerjigazetesi.ist\/?p=70975"},"modified":"2018-01-21T12:48:35","modified_gmt":"2018-01-21T09:48:35","slug":"elektrik-santralleri-icin-kapasite-mekanizmasi-yonetmeligi-yayimlandi","status":"publish","type":"post","link":"https:\/\/www.enerjigazetesi.ist\/en\/elektrik-santralleri-icin-kapasite-mekanizmasi-yonetmeligi-yayimlandi\/","title":{"rendered":"(Turkish) Elektrik Santralleri \u0130\u00e7in Kapasite Mekanizmas\u0131 Y\u00f6netmeli\u011fi Yay\u0131mland\u0131"},"content":{"rendered":"<p class=\"qtranxs-available-languages-message qtranxs-available-languages-message-en\">Sorry, this entry is only available in <a href=\"https:\/\/www.enerjigazetesi.ist\/tr\/wp-json\/wp\/v2\/posts\/70975\" class=\"qtranxs-available-language-link qtranxs-available-language-link-tr\" title=\"Turkish\">Turkish<\/a>. For the sake of viewer convenience, the content is shown below in the alternative language. You may click the link to switch the active language.<\/p><p><strong>Elektrik piyasas\u0131nda kapasite mekanizmas\u0131 y\u00f6netmeli\u011fi Resmi Gazete\u2019de bug\u00fcn yay\u0131mlanarak y\u00fcr\u00fcrl\u00fc\u011fe girdi. Y\u00f6netmelikle, elektrik piyasas\u0131nda arz g\u00fcvenli\u011finin temini i\u00e7in gerekli yedek kapasite de d\u00e2hil olmak \u00fczere yeterli kurulu g\u00fc\u00e7 kapasitesi olu\u015fturulacak ve uzun d\u00f6nemli sistem g\u00fcvenli\u011finin temini i\u00e7in g\u00fcvenilir kurulu g\u00fc\u00e7 kapasitesinin korunmas\u0131 amac\u0131yla TE\u0130A\u015e taraf\u0131ndan i\u015fletilecek olan kapasite <img loading=\"lazy\" class=\"alignleft size-medium wp-image-5499\" src=\"https:\/\/www.enerjigazetesi.ist\/wp-content\/uploads\/2013\/01\/elektrik-santrali-vergi-muafiyeti-300x166.jpg\" alt=\"\" width=\"300\" height=\"166\" srcset=\"https:\/\/www.enerjigazetesi.ist\/wp-content\/uploads\/2013\/01\/elektrik-santrali-vergi-muafiyeti-300x166.jpg 300w, https:\/\/www.enerjigazetesi.ist\/wp-content\/uploads\/2013\/01\/elektrik-santrali-vergi-muafiyeti-80x44.jpg 80w, https:\/\/www.enerjigazetesi.ist\/wp-content\/uploads\/2013\/01\/elektrik-santrali-vergi-muafiyeti.jpg 400w\" sizes=\"(max-width: 300px) 100vw, 300px\" \/>mekanizmas\u0131na ili\u015fkin kurallar belirlendi.<\/strong><span id=\"more-97199\"><\/span><\/p>\n<p class=\"Metin\">2018 y\u0131l\u0131nda kapasite mekanizmas\u0131ndan yararlanacak tesislere ili\u015fkin ba\u015fvurular\u00a0<span class=\"GramE\">31\/1\/2018<\/span>\u00a0tarihine kadar Sistem \u0130\u015fletmecisine yap\u0131lacak. Sistem \u0130\u015fletmecisi yap\u0131lan ba\u015fvurular\u0131 de\u011ferlendirerek 2018 y\u0131l\u0131nda kapasite mekanizmas\u0131ndan yararlanacak tesisleri en ge\u00e7\u00a0<span class=\"GramE\">15\/2\/2018<\/span>\u00a0g\u00fcn\u00fc internet sitesinden duyuracak. S\u00f6z konusu tesisler\u00a0<span class=\"GramE\">1\/1\/2018<\/span>\u00a0tarihinden itibaren kapasite mekanizmas\u0131na d\u00e2hil edilecek. 2018 y\u0131l\u0131nda yap\u0131lacak kapasite \u00f6demelerine esas y\u0131ll\u0131k b\u00fct\u00e7eye ve b\u00fct\u00e7enin y\u0131l i\u00e7erisindeki fatura d\u00f6nemlerine da\u011f\u0131l\u0131m\u0131na dair \u00f6neri, T\u00fcrkiye Elektrik \u0130letim Anonim \u015eirketi TE\u0130A\u015e taraf\u0131ndan\u00a0<span class=\"GramE\">31\/1\/2018<\/span>\u00a0tarihine kadar sunulacak.<\/p>\n<p><strong>Detayl\u0131 Bilgi \u0130\u00e7in<\/strong><a href=\"http:\/\/http\/\/WWW.RESMIGAZETE.GOV.TR\/ESKILER\/2018\/01\/20180120-23.HTM\"><strong>: http:\/\/www.resmigazete.gov.tr\/eskiler\/2018\/01\/20180120-23.htm<\/strong><\/a><\/p>","protected":false},"excerpt":{"rendered":"<p>Sorry, this entry is only available in Turkish. For the sake of viewer convenience, the content is shown below in the alternative language. You may click the link to switch the active language.Elektrik piyasas\u0131nda kapasite mekanizmas\u0131 y\u00f6netmeli\u011fi Resmi Gazete\u2019de bug\u00fcn yay\u0131mlanarak y\u00fcr\u00fcrl\u00fc\u011fe girdi. Y\u00f6netmelikle, elektrik piyasas\u0131nda arz g\u00fcvenli\u011finin temini i\u00e7in gerekli yedek kapasite de d\u00e2hil [&hellip;]<\/p>\n","protected":false},"author":1,"featured_media":34112,"comment_status":"open","ping_status":"open","sticky":false,"template":"","format":"standard","meta":[],"categories":[51,53],"tags":[2495,67,1009,36623,2705],"views":1614,"_links":{"self":[{"href":"https:\/\/www.enerjigazetesi.ist\/en\/wp-json\/wp\/v2\/posts\/70975"}],"collection":[{"href":"https:\/\/www.enerjigazetesi.ist\/en\/wp-json\/wp\/v2\/posts"}],"about":[{"href":"https:\/\/www.enerjigazetesi.ist\/en\/wp-json\/wp\/v2\/types\/post"}],"author":[{"embeddable":true,"href":"https:\/\/www.enerjigazetesi.ist\/en\/wp-json\/wp\/v2\/users\/1"}],"replies":[{"embeddable":true,"href":"https:\/\/www.enerjigazetesi.ist\/en\/wp-json\/wp\/v2\/comments?post=70975"}],"version-history":[{"count":1,"href":"https:\/\/www.enerjigazetesi.ist\/en\/wp-json\/wp\/v2\/posts\/70975\/revisions"}],"predecessor-version":[{"id":70976,"href":"https:\/\/www.enerjigazetesi.ist\/en\/wp-json\/wp\/v2\/posts\/70975\/revisions\/70976"}],"wp:featuredmedia":[{"embeddable":true,"href":"https:\/\/www.enerjigazetesi.ist\/en\/wp-json\/wp\/v2\/media\/34112"}],"wp:attachment":[{"href":"https:\/\/www.enerjigazetesi.ist\/en\/wp-json\/wp\/v2\/media?parent=70975"}],"wp:term":[{"taxonomy":"category","embeddable":true,"href":"https:\/\/www.enerjigazetesi.ist\/en\/wp-json\/wp\/v2\/categories?post=70975"},{"taxonomy":"post_tag","embeddable":true,"href":"https:\/\/www.enerjigazetesi.ist\/en\/wp-json\/wp\/v2\/tags?post=70975"}],"curies":[{"name":"wp","href":"https:\/\/api.w.org\/{rel}","templated":true}]}}