{"id":70895,"date":"2018-01-17T16:09:15","date_gmt":"2018-01-17T13:09:15","guid":{"rendered":"https:\/\/www.enerjigazetesi.ist\/?p=70895"},"modified":"2018-01-17T16:09:15","modified_gmt":"2018-01-17T13:09:15","slug":"almanya-2020de-enerji-politikasinda-degisiklige-gidiyor","status":"publish","type":"post","link":"https:\/\/www.enerjigazetesi.ist\/en\/almanya-2020de-enerji-politikasinda-degisiklige-gidiyor\/","title":{"rendered":"(Turkish) Almanya 2020\u2019de Enerji Politikas\u0131nda De\u011fi\u015fikli\u011fe Gidiyor!"},"content":{"rendered":"<p class=\"qtranxs-available-languages-message qtranxs-available-languages-message-en\">Sorry, this entry is only available in <a href=\"https:\/\/www.enerjigazetesi.ist\/tr\/wp-json\/wp\/v2\/posts\/70895\" class=\"qtranxs-available-language-link qtranxs-available-language-link-tr\" title=\"Turkish\">Turkish<\/a>. For the sake of viewer convenience, the content is shown below in the alternative language. You may click the link to switch the active language.<\/p><p><strong>I\u015f\u0131klar Yap\u0131 \u00dcr\u00fcnleri, Mimar Sinan G\u00fczel Sanatlar \u00dcniversitesi ve Yap\u0131 Uygulama ve Ara\u015ft\u0131rma Merkezi (YUAM) ortakl\u0131\u011f\u0131yla d\u00fczenlenen \u201cYap\u0131larda G\u00fcvenlik ve Konfor Duvarla Ba\u015flar\u201d etkinli\u011fi i\u00e7in \u0130stanbul\u2019a gelen Almanya Tu\u011flac\u0131lar Derne\u011fi Ba\u015fkan\u0131 Dr. Dieter Figge, Almanya\u2019n\u0131n 2020 y\u0131l\u0131 itibariyle enerji kullan\u0131m\u0131nda de\u011fi\u015fikli\u011fe gitmeye haz\u0131rland\u0131\u011f\u0131n\u0131 a\u00e7\u0131klad\u0131. Almanya\u2019da gaz ve petrol ile \u0131s\u0131nma devrinin iki y\u0131l i\u00e7inde sonlanaca\u011f\u0131n\u0131 belirten Figge, dolay\u0131s\u0131yla binalarda kullan\u0131lan yap\u0131 malzemelerinin daha b\u00fcy\u00fck \u00f6nem ta\u015f\u0131maya ba\u015flad\u0131\u011f\u0131n\u0131 ifade etti.<\/strong><\/p>\n<p>Mimar Sinan G\u00fczel Sanatlar \u00dcniversitesi\u2019nde ger\u00e7ekle\u015ftirilen etkinlikte 300\u2019e yak\u0131n mimar, m\u00fchendis ve profesyonele hitap eden Almanya Tu\u011flac\u0131lar Derne\u011fi Ba\u015fkan\u0131 Dr. Dieter Figge, k\u00fcresel \u0131s\u0131nma kar\u015f\u0131s\u0131nda <img loading=\"lazy\" class=\"alignright size-medium wp-image-70896\" src=\"https:\/\/www.enerjigazetesi.ist\/wp-content\/uploads\/2018\/01\/almanya-2020de-enerji-politikasinda-degisiklige-gidiyor-300x200.jpg\" alt=\"\" width=\"300\" height=\"200\" srcset=\"https:\/\/www.enerjigazetesi.ist\/wp-content\/uploads\/2018\/01\/almanya-2020de-enerji-politikasinda-degisiklige-gidiyor-300x200.jpg 300w, https:\/\/www.enerjigazetesi.ist\/wp-content\/uploads\/2018\/01\/almanya-2020de-enerji-politikasinda-degisiklige-gidiyor-500x333.jpg 500w, https:\/\/www.enerjigazetesi.ist\/wp-content\/uploads\/2018\/01\/almanya-2020de-enerji-politikasinda-degisiklige-gidiyor-75x50.jpg 75w, https:\/\/www.enerjigazetesi.ist\/wp-content\/uploads\/2018\/01\/almanya-2020de-enerji-politikasinda-degisiklige-gidiyor.jpg 702w\" sizes=\"(max-width: 300px) 100vw, 300px\" \/>yap\u0131lar\u0131n de\u011fi\u015fim g\u00f6stermek zorunda oldu\u011funu belirtti.<\/p>\n<p>Almanya\u2019n\u0131n iki y\u0131l i\u00e7inde petrol ve gaz ile \u00e7al\u0131\u015fan \u0131s\u0131nma \u00fcr\u00fcnlerini kullanmay\u0131 b\u0131rakaca\u011f\u0131n\u0131 a\u00e7\u0131klayan Figge, bu y\u00fczden ba\u015fta tu\u011fla olmak \u00fczere \u0131s\u0131y\u0131 i\u00e7eride tutan yap\u0131 malzemelerinin \u00e7ok daha fazla kullan\u0131lmaya ba\u015flayaca\u011f\u0131n\u0131 s\u00f6yledi.<\/p>\n<p>T\u00fcrkiye ekonomisinde enerji harcamalar\u0131n\u0131n fazla yer tutmas\u0131 nedeniyle \u0131s\u0131 yal\u0131t\u0131m\u0131na daha fazla \u00f6nem verilmesi gerekti\u011finin alt\u0131n\u0131 \u00e7izen Figge, buna ra\u011fmen yeni binalardaki tu\u011fla kullan\u0131m oranlar\u0131n\u0131n yetersiz olmas\u0131na anlam veremedi\u011fini belirtti.<\/p>\n<p>Almanya, Bel\u00e7ika ve Hollanda gibi Avrupa \u00fclkelerinde tu\u011fla kullan\u0131m oranlar\u0131n\u0131n y\u00fczde 45-48 aral\u0131\u011f\u0131nda oldu\u011funu s\u00f6yleyen Figge, <em>\u201cA\u00e7\u0131k\u00e7as\u0131, in\u015faat\u0131n fazla oldu\u011fu T\u00fcrkiye\u2019de oranlar\u0131n daha y\u00fcksek olmas\u0131n\u0131 bekliyordum. \u00c7\u00fcnk\u00fc tu\u011flan\u0131n anavatan\u0131 buras\u0131d\u0131r, Mezopotamya\u2019d\u0131r.\u201d<\/em> dedi.<\/p>\n<p><strong>Yeni Yap\u0131lar Birer Kimyasal Kutuya D\u00f6n\u00fc\u015f\u00fcyor!<\/strong><\/p>\n<p>Konu\u015fmas\u0131nda tu\u011flan\u0131n anne kuca\u011f\u0131 kadar s\u0131cak ve samimi oldu\u011funu s\u00f6yleyen Figge, <em>\u201cTu\u011fla ayn\u0131 zamanda i\u00e7indeki kil nedeniyle neredeyse yenilebilecek kadar do\u011fald\u0131r. Ancak yap\u0131 \u00fcreticileri i\u00e7inde petrol, plastik t\u00fcrevleri olan malzemeleri daha fazla tercih ediyorlar. Ortaya \u00e7\u0131kan yap\u0131lar yani evlerimiz, ofislerimiz do\u011fall\u0131ktan uzak, kimyasal kutulara d\u00f6n\u00fc\u015f\u00fcyor\u201d<\/em> uyar\u0131s\u0131nda bulundu.<\/p>\n<p><strong>\u00dclke Ekonomisi i\u00e7in Tu\u011fla Te\u015fvik Edilmeli!<\/strong><\/p>\n<p>Y\u00fcksek yap\u0131larda bas\u0131n\u00e7 g\u00fcc\u00fc nedeniyle betonun tercih edildi\u011fine de\u011finen Figge, 10 kata kadar olan yap\u0131larda tu\u011fla kullan\u0131m\u0131n\u0131n te\u015fvik edilmesinin \u00fclkelerin ekonomilerine olumlu y\u00f6nde yans\u0131yaca\u011f\u0131n\u0131 i\u015faret etti.<\/p>\n<p>Tu\u011flan\u0131n geleneksel de\u011fil modern bir yap\u0131 malzemesi oldu\u011funu da belirten Dr. Figge, T\u00fcrkiye\u2019nin sahip oldu\u011fu toprak kalitesine vurgu yaparak, <em>\u201cT\u00fcrkler ge\u00e7mi\u015ften gelen el sanat\u0131 becerileriyle tu\u011flay\u0131 olduk\u00e7a ba\u015far\u0131l\u0131 yorumluyor.\u201d<\/em> dedi.<\/p>","protected":false},"excerpt":{"rendered":"<p>Sorry, this entry is only available in Turkish. For the sake of viewer convenience, the content is shown below in the alternative language. You may click the link to switch the active language.I\u015f\u0131klar Yap\u0131 \u00dcr\u00fcnleri, Mimar Sinan G\u00fczel Sanatlar \u00dcniversitesi ve Yap\u0131 Uygulama ve Ara\u015ft\u0131rma Merkezi (YUAM) ortakl\u0131\u011f\u0131yla d\u00fczenlenen \u201cYap\u0131larda G\u00fcvenlik ve Konfor Duvarla Ba\u015flar\u201d [&hellip;]<\/p>\n","protected":false},"author":1,"featured_media":70896,"comment_status":"open","ping_status":"open","sticky":false,"template":"","format":"standard","meta":[],"categories":[53],"tags":[929,36594,67,1009,165,1471],"views":1102,"_links":{"self":[{"href":"https:\/\/www.enerjigazetesi.ist\/en\/wp-json\/wp\/v2\/posts\/70895"}],"collection":[{"href":"https:\/\/www.enerjigazetesi.ist\/en\/wp-json\/wp\/v2\/posts"}],"about":[{"href":"https:\/\/www.enerjigazetesi.ist\/en\/wp-json\/wp\/v2\/types\/post"}],"author":[{"embeddable":true,"href":"https:\/\/www.enerjigazetesi.ist\/en\/wp-json\/wp\/v2\/users\/1"}],"replies":[{"embeddable":true,"href":"https:\/\/www.enerjigazetesi.ist\/en\/wp-json\/wp\/v2\/comments?post=70895"}],"version-history":[{"count":1,"href":"https:\/\/www.enerjigazetesi.ist\/en\/wp-json\/wp\/v2\/posts\/70895\/revisions"}],"predecessor-version":[{"id":70897,"href":"https:\/\/www.enerjigazetesi.ist\/en\/wp-json\/wp\/v2\/posts\/70895\/revisions\/70897"}],"wp:featuredmedia":[{"embeddable":true,"href":"https:\/\/www.enerjigazetesi.ist\/en\/wp-json\/wp\/v2\/media\/70896"}],"wp:attachment":[{"href":"https:\/\/www.enerjigazetesi.ist\/en\/wp-json\/wp\/v2\/media?parent=70895"}],"wp:term":[{"taxonomy":"category","embeddable":true,"href":"https:\/\/www.enerjigazetesi.ist\/en\/wp-json\/wp\/v2\/categories?post=70895"},{"taxonomy":"post_tag","embeddable":true,"href":"https:\/\/www.enerjigazetesi.ist\/en\/wp-json\/wp\/v2\/tags?post=70895"}],"curies":[{"name":"wp","href":"https:\/\/api.w.org\/{rel}","templated":true}]}}