{"id":70808,"date":"2018-01-14T22:15:16","date_gmt":"2018-01-14T19:15:16","guid":{"rendered":"https:\/\/www.enerjigazetesi.ist\/?p=70808"},"modified":"2018-01-14T22:16:01","modified_gmt":"2018-01-14T19:16:01","slug":"banaz-ilcesinde-tum-cami-ve-okullara-gunes-enerjisi-sistemi-kurulacak","status":"publish","type":"post","link":"https:\/\/www.enerjigazetesi.ist\/en\/banaz-ilcesinde-tum-cami-ve-okullara-gunes-enerjisi-sistemi-kurulacak\/","title":{"rendered":"(Turkish) Banaz \u0130l\u00e7esinde T\u00fcm Cami ve Okullara G\u00fcne\u015f Enerjisi Sistemi Kurulacak"},"content":{"rendered":"<p class=\"qtranxs-available-languages-message qtranxs-available-languages-message-en\">Sorry, this entry is only available in <a href=\"https:\/\/www.enerjigazetesi.ist\/tr\/wp-json\/wp\/v2\/posts\/70808\" class=\"qtranxs-available-language-link qtranxs-available-language-link-tr\" title=\"Turkish\">Turkish<\/a>. For the sake of viewer convenience, the content is shown below in the alternative language. You may click the link to switch the active language.<\/p><p><strong>T\u00fcrkiye\u2019nin enerjide d\u0131\u015fa ba\u011f\u0131ml\u0131l\u0131ktan kurtar\u0131lmas\u0131 hedefi i\u00e7in merkezi kamu y\u00f6netim organlar\u0131n\u0131n yerel birimleri de g\u00fcne\u015fe dayal\u0131 enerji projeleri geli\u015ftirmek \u00fczere harekete ge\u00e7ti. Bunlardan biri de U\u015fak Banaz Kaymakam\u0131 \u0130rfan Demir\u00f6z oldu.<\/strong><\/p>\n<p><strong><img loading=\"lazy\" class=\"alignleft size-medium wp-image-70809\" src=\"https:\/\/www.enerjigazetesi.ist\/wp-content\/uploads\/2018\/01\/banaz-ilcesinde-tum-cami-ve-okullara-gunes-enerjisi-sistemi-kurulacak-300x200.jpg\" alt=\"\" width=\"300\" height=\"200\" srcset=\"https:\/\/www.enerjigazetesi.ist\/wp-content\/uploads\/2018\/01\/banaz-ilcesinde-tum-cami-ve-okullara-gunes-enerjisi-sistemi-kurulacak.jpg 300w, https:\/\/www.enerjigazetesi.ist\/wp-content\/uploads\/2018\/01\/banaz-ilcesinde-tum-cami-ve-okullara-gunes-enerjisi-sistemi-kurulacak-75x50.jpg 75w\" sizes=\"(max-width: 300px) 100vw, 300px\" \/>F\u0130NANSMAN AB VE DEVLETTEN<\/strong><\/p>\n<p>Yaz\u0131da, Zafer Kalk\u0131nma Ajans\u0131n\u0131n \u00c7evre ve Enerji altyap\u0131 Mali Destek Program\u0131 a\u00e7\u0131k \u00e7a\u011fr\u0131lar\u0131n\u0131n yay\u0131mland\u0131\u011f\u0131n\u0131 belirten \u0130rfan Demir\u00f6z, hayata ge\u00e7irilmek istenen projelerin en ge\u00e7 1 Mart 2018 tarihine kadar haz\u0131rlanmas\u0131 gerekti\u011fini hat\u0131rlatt\u0131. Demir\u00f6z, bu kapsamda Banaz K\u00f6ylere Hizmet G\u00f6t\u00fcrme Birli\u011fi\u2019nin e\u015f finansman orta\u011f\u0131 g\u00f6sterilerek g\u00fcne\u015f ve jeotermal enerjiye dayal\u0131 \u0131s\u0131tma ve elektrik \u00fcretim projeleri geli\u015ftirilmesini talep etti.<\/p>\n<p><strong>OKULLARI G\u00dcNE\u015eLE ISITMA<\/strong><\/p>\n<p>Kaymakam Demir\u00f6z\u2019\u00fcn talimat\u0131na g\u00f6re, il\u00e7e s\u0131n\u0131rlar\u0131 i\u00e7indeki t\u00fcm merkez ve k\u00f6y okullar\u0131n\u0131n y\u00f6neticileri, okullar\u0131n \u00e7evre ayd\u0131nlatmas\u0131 ve s\u0131cak su ihtiyac\u0131n\u0131 kar\u015f\u0131lamaya y\u00f6nelik g\u00fcne\u015f enerji tesisi projeleri geli\u015ftirecek.<\/p>\n<p><strong>CAM\u0130LER G\u00dcNE\u015eLE ISINACAK<\/strong><\/p>\n<p>\u0130l\u00e7e merkezi ile k\u00f6ylerdeki t\u00fcm camilere g\u00fcne\u015f enerjili \u0131s\u0131tma tesisi kurulmas\u0131na y\u00f6nelik projeler geli\u015ftirilmesi konusunda da m\u00fcft\u00fcl\u00fck personeli ile imamlar g\u00f6revlendirildi.<\/p>\n<p>Kaynak: <a href=\"http:\/\/www.enerjigunlugu.net\/icerik\/25651\/banazda-tum-cami-ve-okullara-gunes-enerjisi-.html\" target=\"_blank\" rel=\"noopener\">Enerji G\u00fcnl\u00fc\u011f\u00fc<\/a> \/ Mehmet KARA<\/p>","protected":false},"excerpt":{"rendered":"<p>Sorry, this entry is only available in Turkish. For the sake of viewer convenience, the content is shown below in the alternative language. You may click the link to switch the active language.T\u00fcrkiye\u2019nin enerjide d\u0131\u015fa ba\u011f\u0131ml\u0131l\u0131ktan kurtar\u0131lmas\u0131 hedefi i\u00e7in merkezi kamu y\u00f6netim organlar\u0131n\u0131n yerel birimleri de g\u00fcne\u015fe dayal\u0131 enerji projeleri geli\u015ftirmek \u00fczere harekete ge\u00e7ti. Bunlardan [&hellip;]<\/p>\n","protected":false},"author":1,"featured_media":70809,"comment_status":"open","ping_status":"open","sticky":false,"template":"","format":"standard","meta":[],"categories":[53,49,18007],"tags":[36566,67,1009,227,23416,23131,36568,36567,803,7229,27551],"views":1659,"_links":{"self":[{"href":"https:\/\/www.enerjigazetesi.ist\/en\/wp-json\/wp\/v2\/posts\/70808"}],"collection":[{"href":"https:\/\/www.enerjigazetesi.ist\/en\/wp-json\/wp\/v2\/posts"}],"about":[{"href":"https:\/\/www.enerjigazetesi.ist\/en\/wp-json\/wp\/v2\/types\/post"}],"author":[{"embeddable":true,"href":"https:\/\/www.enerjigazetesi.ist\/en\/wp-json\/wp\/v2\/users\/1"}],"replies":[{"embeddable":true,"href":"https:\/\/www.enerjigazetesi.ist\/en\/wp-json\/wp\/v2\/comments?post=70808"}],"version-history":[{"count":2,"href":"https:\/\/www.enerjigazetesi.ist\/en\/wp-json\/wp\/v2\/posts\/70808\/revisions"}],"predecessor-version":[{"id":70811,"href":"https:\/\/www.enerjigazetesi.ist\/en\/wp-json\/wp\/v2\/posts\/70808\/revisions\/70811"}],"wp:featuredmedia":[{"embeddable":true,"href":"https:\/\/www.enerjigazetesi.ist\/en\/wp-json\/wp\/v2\/media\/70809"}],"wp:attachment":[{"href":"https:\/\/www.enerjigazetesi.ist\/en\/wp-json\/wp\/v2\/media?parent=70808"}],"wp:term":[{"taxonomy":"category","embeddable":true,"href":"https:\/\/www.enerjigazetesi.ist\/en\/wp-json\/wp\/v2\/categories?post=70808"},{"taxonomy":"post_tag","embeddable":true,"href":"https:\/\/www.enerjigazetesi.ist\/en\/wp-json\/wp\/v2\/tags?post=70808"}],"curies":[{"name":"wp","href":"https:\/\/api.w.org\/{rel}","templated":true}]}}