{"id":70805,"date":"2018-01-14T22:01:28","date_gmt":"2018-01-14T19:01:28","guid":{"rendered":"https:\/\/www.enerjigazetesi.ist\/?p=70805"},"modified":"2018-01-14T22:01:28","modified_gmt":"2018-01-14T19:01:28","slug":"tesla-artik-gunes-kiremiti-de-uretiyor","status":"publish","type":"post","link":"https:\/\/www.enerjigazetesi.ist\/en\/tesla-artik-gunes-kiremiti-de-uretiyor\/","title":{"rendered":"(Turkish) Tesla Art\u0131k G\u00fcne\u015f Kiremiti de \u00dcretiyor"},"content":{"rendered":"<p class=\"qtranxs-available-languages-message qtranxs-available-languages-message-en\">Sorry, this entry is only available in <a href=\"https:\/\/www.enerjigazetesi.ist\/tr\/wp-json\/wp\/v2\/posts\/70805\" class=\"qtranxs-available-language-link qtranxs-available-language-link-tr\" title=\"Turkish\">Turkish<\/a>. For the sake of viewer convenience, the content is shown below in the alternative language. You may click the link to switch the active language.<\/p><p><strong>Tesla taraf\u0131ndan kiremit \u015feklinde tasarlanan, daha ucuz, estetik ve \u00f6m\u00fcr boyu garantili<img loading=\"lazy\" class=\"alignright size-medium wp-image-70806\" src=\"https:\/\/www.enerjigazetesi.ist\/wp-content\/uploads\/2018\/01\/tesla-artik-gunes-kiremiti-de-uretiyor-300x200.jpg\" alt=\"\" width=\"300\" height=\"200\" srcset=\"https:\/\/www.enerjigazetesi.ist\/wp-content\/uploads\/2018\/01\/tesla-artik-gunes-kiremiti-de-uretiyor.jpg 300w, https:\/\/www.enerjigazetesi.ist\/wp-content\/uploads\/2018\/01\/tesla-artik-gunes-kiremiti-de-uretiyor-75x50.jpg 75w\" sizes=\"(max-width: 300px) 100vw, 300px\" \/> g\u00fcne\u015f panellerinin \u00fcretimine ba\u015fland\u0131.\u00a0<\/strong><\/p>\n<p>ABDli elektrikli otomobil ve teknoloji \u015firketi Tesla Motors Inc., 2017&#8217;nin ortas\u0131nda \u00fcretilmesi planlanan g\u00fcne\u015f kiremitlerinin \u00fcretimine ya\u015fanan gecikmenin ard\u0131ndan New York Buffalo\u2019daki fabrikalar\u0131nda ge\u00e7ti\u011fimiz ay ba\u015fland\u0131\u011f\u0131n\u0131 a\u00e7\u0131klad\u0131. Tesla ayr\u0131ca ge\u00e7ti\u011fimiz y\u0131l 1.000 dolarl\u0131k bir depozit yat\u0131rarak \u00fcr\u00fcn sipari\u015fi veren m\u00fc\u015fterilerin evlerini inceleme s\u00fcrecini ba\u015flatt\u0131\u011f\u0131n\u0131 da ifade etti.<\/p>\n<p>G\u00fcne\u015f Kiremitlerinin \u00f6n sipari\u015fleri almaya 2017 y\u0131l\u0131 May\u0131s ay\u0131nda ba\u015flayan Tesla\u2019n\u0131n g\u00fcne\u015f kiremitleri tipik bir \u00e7at\u0131ya k\u0131yasla \u00e7ok daha az maliyetli olacak.<\/p>","protected":false},"excerpt":{"rendered":"<p>Sorry, this entry is only available in Turkish. For the sake of viewer convenience, the content is shown below in the alternative language. You may click the link to switch the active language.Tesla taraf\u0131ndan kiremit \u015feklinde tasarlanan, daha ucuz, estetik ve \u00f6m\u00fcr boyu garantili g\u00fcne\u015f panellerinin \u00fcretimine ba\u015fland\u0131.\u00a0 ABDli elektrikli otomobil ve teknoloji \u015firketi Tesla [&hellip;]<\/p>\n","protected":false},"author":1,"featured_media":70806,"comment_status":"open","ping_status":"open","sticky":false,"template":"","format":"standard","meta":[],"categories":[53,49,18007],"tags":[68,67,1009,13,23416,36565,23131,19437,1854],"views":1099,"_links":{"self":[{"href":"https:\/\/www.enerjigazetesi.ist\/en\/wp-json\/wp\/v2\/posts\/70805"}],"collection":[{"href":"https:\/\/www.enerjigazetesi.ist\/en\/wp-json\/wp\/v2\/posts"}],"about":[{"href":"https:\/\/www.enerjigazetesi.ist\/en\/wp-json\/wp\/v2\/types\/post"}],"author":[{"embeddable":true,"href":"https:\/\/www.enerjigazetesi.ist\/en\/wp-json\/wp\/v2\/users\/1"}],"replies":[{"embeddable":true,"href":"https:\/\/www.enerjigazetesi.ist\/en\/wp-json\/wp\/v2\/comments?post=70805"}],"version-history":[{"count":1,"href":"https:\/\/www.enerjigazetesi.ist\/en\/wp-json\/wp\/v2\/posts\/70805\/revisions"}],"predecessor-version":[{"id":70807,"href":"https:\/\/www.enerjigazetesi.ist\/en\/wp-json\/wp\/v2\/posts\/70805\/revisions\/70807"}],"wp:featuredmedia":[{"embeddable":true,"href":"https:\/\/www.enerjigazetesi.ist\/en\/wp-json\/wp\/v2\/media\/70806"}],"wp:attachment":[{"href":"https:\/\/www.enerjigazetesi.ist\/en\/wp-json\/wp\/v2\/media?parent=70805"}],"wp:term":[{"taxonomy":"category","embeddable":true,"href":"https:\/\/www.enerjigazetesi.ist\/en\/wp-json\/wp\/v2\/categories?post=70805"},{"taxonomy":"post_tag","embeddable":true,"href":"https:\/\/www.enerjigazetesi.ist\/en\/wp-json\/wp\/v2\/tags?post=70805"}],"curies":[{"name":"wp","href":"https:\/\/api.w.org\/{rel}","templated":true}]}}