{"id":70778,"date":"2018-01-13T18:25:45","date_gmt":"2018-01-13T15:25:45","guid":{"rendered":"https:\/\/www.enerjigazetesi.ist\/?p=70778"},"modified":"2018-01-13T18:25:45","modified_gmt":"2018-01-13T15:25:45","slug":"sanliurfada-kacak-elektrik-kulanimi-ataturk-barajinin-uretiminden-fazla","status":"publish","type":"post","link":"https:\/\/www.enerjigazetesi.ist\/en\/sanliurfada-kacak-elektrik-kulanimi-ataturk-barajinin-uretiminden-fazla\/","title":{"rendered":"(Turkish) &#8221;\u015eanl\u0131urfa\u2019da Ka\u00e7ak Elektrik Kulan\u0131m\u0131 Atat\u00fcrk Baraj\u0131\u2019n\u0131n \u00dcretiminden Fazla&#8221;"},"content":{"rendered":"<p class=\"qtranxs-available-languages-message qtranxs-available-languages-message-en\">Sorry, this entry is only available in <a href=\"https:\/\/www.enerjigazetesi.ist\/tr\/wp-json\/wp\/v2\/posts\/70778\" class=\"qtranxs-available-language-link qtranxs-available-language-link-tr\" title=\"Turkish\">Turkish<\/a>. For the sake of viewer convenience, the content is shown below in the alternative language. You may click the link to switch the active language.<\/p><p><strong>G\u00fcneydo\u011fu\u2019da ka\u00e7ak elektrik kullan\u0131m\u0131n\u0131n artt\u0131\u011f\u0131n\u0131 savunan milletvekili Tahsin Tarhan, elektrik da\u011f\u0131t\u0131m \u015firketlerinin zor durumda oldu\u011funu dile getirdi.<\/strong><\/p>\n<p><span id=\"more-97022\"><img loading=\"lazy\" class=\"alignleft wp-image-45515 size-medium\" src=\"https:\/\/www.enerjigazetesi.ist\/wp-content\/uploads\/2015\/10\/elektrik-uretim-kapasitesindeki-artis-yavasladi-300x163.jpg\" alt=\"sanliurfada-kacak-elektrik-kulanimi-ataturk-barajinin-uretiminden-fazla\" width=\"300\" height=\"163\" srcset=\"https:\/\/www.enerjigazetesi.ist\/wp-content\/uploads\/2015\/10\/elektrik-uretim-kapasitesindeki-artis-yavasladi-300x163.jpg 300w, https:\/\/www.enerjigazetesi.ist\/wp-content\/uploads\/2015\/10\/elektrik-uretim-kapasitesindeki-artis-yavasladi-80x43.jpg 80w, https:\/\/www.enerjigazetesi.ist\/wp-content\/uploads\/2015\/10\/elektrik-uretim-kapasitesindeki-artis-yavasladi.jpg 460w\" sizes=\"(max-width: 300px) 100vw, 300px\" \/><\/span>Kocaeli Milletvekili Tahsin Tarhan, G\u00fcneydo\u011fu\u2019daki ka\u00e7ak elektrik kullan\u0131m\u0131yla ilgili bir soru \u00f6nergesi verdi. 2016 y\u0131l\u0131nda sadece \u015eanl\u0131urfa\u2019daki ka\u00e7ak elektrik kullan\u0131m\u0131n\u0131n Atat\u00fcrk Baraj\u0131\u2019n\u0131n \u00fcretti\u011finden daha fazla oldu\u011funa dikkat \u00e7eken CHP\u2019li Tarhan, elektrik da\u011f\u0131t\u0131m \u015firketlerinin de zor duruma d\u00fc\u015ft\u00fc\u011f\u00fcn\u00fc belirtti.<\/p>\n<p>Kocaeli Milletvekili Tahsin Tarhan\u2019\u0131n soru \u00f6nergesinde, \u015fu ifadelere yer verildi: \u201c2016 y\u0131l\u0131 verilerine g\u00f6re sadece \u015eanl\u0131urfa\u2019da kay\u0131p ka\u00e7ak elektrik miktar\u0131 Atat\u00fcrk Baraj\u0131\u2019n\u0131n \u00fcretti\u011finden daha fazla. G\u00f6r\u00fcnen o ki 2017 verileri daha da fazla olacak. Elektrik Da\u011f\u0131t\u0131m\u0131 \u00f6zelle\u015fince kay\u0131p ka\u00e7ak oran\u0131n\u0131n azalaca\u011f\u0131n\u0131 s\u00f6yleyenler bu konu ile ilgili nedense herhangi bir \u00f6nlem alm\u0131yor\u201d dedi.<\/p>","protected":false},"excerpt":{"rendered":"<p>Sorry, this entry is only available in Turkish. For the sake of viewer convenience, the content is shown below in the alternative language. You may click the link to switch the active language.G\u00fcneydo\u011fu\u2019da ka\u00e7ak elektrik kullan\u0131m\u0131n\u0131n artt\u0131\u011f\u0131n\u0131 savunan milletvekili Tahsin Tarhan, elektrik da\u011f\u0131t\u0131m \u015firketlerinin zor durumda oldu\u011funu dile getirdi. Kocaeli Milletvekili Tahsin Tarhan, G\u00fcneydo\u011fu\u2019daki ka\u00e7ak [&hellip;]<\/p>\n","protected":false},"author":1,"featured_media":45515,"comment_status":"open","ping_status":"open","sticky":false,"template":"","format":"standard","meta":[],"categories":[51,53],"tags":[34979,26353,67,1009,8635,2097],"views":918,"_links":{"self":[{"href":"https:\/\/www.enerjigazetesi.ist\/en\/wp-json\/wp\/v2\/posts\/70778"}],"collection":[{"href":"https:\/\/www.enerjigazetesi.ist\/en\/wp-json\/wp\/v2\/posts"}],"about":[{"href":"https:\/\/www.enerjigazetesi.ist\/en\/wp-json\/wp\/v2\/types\/post"}],"author":[{"embeddable":true,"href":"https:\/\/www.enerjigazetesi.ist\/en\/wp-json\/wp\/v2\/users\/1"}],"replies":[{"embeddable":true,"href":"https:\/\/www.enerjigazetesi.ist\/en\/wp-json\/wp\/v2\/comments?post=70778"}],"version-history":[{"count":1,"href":"https:\/\/www.enerjigazetesi.ist\/en\/wp-json\/wp\/v2\/posts\/70778\/revisions"}],"predecessor-version":[{"id":70779,"href":"https:\/\/www.enerjigazetesi.ist\/en\/wp-json\/wp\/v2\/posts\/70778\/revisions\/70779"}],"wp:featuredmedia":[{"embeddable":true,"href":"https:\/\/www.enerjigazetesi.ist\/en\/wp-json\/wp\/v2\/media\/45515"}],"wp:attachment":[{"href":"https:\/\/www.enerjigazetesi.ist\/en\/wp-json\/wp\/v2\/media?parent=70778"}],"wp:term":[{"taxonomy":"category","embeddable":true,"href":"https:\/\/www.enerjigazetesi.ist\/en\/wp-json\/wp\/v2\/categories?post=70778"},{"taxonomy":"post_tag","embeddable":true,"href":"https:\/\/www.enerjigazetesi.ist\/en\/wp-json\/wp\/v2\/tags?post=70778"}],"curies":[{"name":"wp","href":"https:\/\/api.w.org\/{rel}","templated":true}]}}