{"id":70769,"date":"2018-01-13T17:50:08","date_gmt":"2018-01-13T14:50:08","guid":{"rendered":"https:\/\/www.enerjigazetesi.ist\/?p=70769"},"modified":"2018-01-13T17:51:21","modified_gmt":"2018-01-13T14:51:21","slug":"hindistan-2030-yili-itibari-ile-sadece-elektrikli-otomobil-satacak","status":"publish","type":"post","link":"https:\/\/www.enerjigazetesi.ist\/en\/hindistan-2030-yili-itibari-ile-sadece-elektrikli-otomobil-satacak\/","title":{"rendered":"(Turkish) Hindistan 2030 Y\u0131l\u0131 \u0130tibari \u0130le Sadece Elektrikli Otomobil Satacak"},"content":{"rendered":"<p class=\"qtranxs-available-languages-message qtranxs-available-languages-message-en\">Sorry, this entry is only available in <a href=\"https:\/\/www.enerjigazetesi.ist\/tr\/wp-json\/wp\/v2\/posts\/70769\" class=\"qtranxs-available-language-link qtranxs-available-language-link-tr\" title=\"Turkish\">Turkish<\/a>. For the sake of viewer convenience, the content is shown below in the alternative language. You may click the link to switch the active language.<\/p><p><strong>H\u00fck\u00fcmetler elektrikli ara\u00e7 kullan\u0131m\u0131n\u0131n artmas\u0131na yasal d\u00fczenlemeler yapmaya ve te\u015fvikler vermeyi s\u00fcrd\u00fcr\u00fcrken, konuyla ilgili \u00f6nemli bir geli\u015fme de Hindistan\u2019dan geldi. \u00dclke y\u00f6netimi motorlu kara ta\u015f\u0131t sat\u0131\u015flar\u0131n\u0131n 2030 y\u0131l\u0131 itibari ile sadece elektrikli ara\u00e7larla s\u00fcrece\u011fini a\u00e7\u0131klad\u0131.<img loading=\"lazy\" class=\"alignright size-medium wp-image-4202\" src=\"https:\/\/www.enerjigazetesi.ist\/wp-content\/uploads\/2012\/12\/turkiye-elektrikli-otomobil-arac-satisi-2012-300x183.jpg\" alt=\"\" width=\"300\" height=\"183\" srcset=\"https:\/\/www.enerjigazetesi.ist\/wp-content\/uploads\/2012\/12\/turkiye-elektrikli-otomobil-arac-satisi-2012-300x183.jpg 300w, https:\/\/www.enerjigazetesi.ist\/wp-content\/uploads\/2012\/12\/turkiye-elektrikli-otomobil-arac-satisi-2012-80x48.jpg 80w, https:\/\/www.enerjigazetesi.ist\/wp-content\/uploads\/2012\/12\/turkiye-elektrikli-otomobil-arac-satisi-2012.jpg 490w\" sizes=\"(max-width: 300px) 100vw, 300px\" \/><\/strong><\/p>\n<p>Hindistan\u2019\u0131n elektrikli ara\u00e7 konusunda ald\u0131\u011f\u0131 karar\u0131, \u00fclkenin Enerji Bakan\u0131 a\u00e7\u0131klad\u0131. Bakan Piyush Goyal, a\u00e7\u0131klamas\u0131nda, \u00fclke pazar\u0131nda 2030 y\u0131l\u0131 itibariyle sat\u0131\u015fa sunulacak otomobillerin yaln\u0131zca elektrikli olaca\u011f\u0131n\u0131 ifade etti. Uygulaman\u0131n hayata ge\u00e7mesi ard\u0131ndan y\u00f6netimin bu ara\u00e7lara destek verece\u011fini belirtti. Desteklerin en az 2 y\u0131l s\u00fcrece\u011finin alt\u0131n\u0131 \u00e7izdi. 2 y\u0131ll\u0131k s\u00fcre\u00e7 sonras\u0131nda \u00fcretimin nakit yard\u0131m\u0131 olarak de\u011fil, talepler do\u011frultusunda \u015fekillenece\u011fini belirtti.<\/p>\n<p>Hindistan h\u00fck\u00fcmetince al\u0131nan bu karar, \u00fclkedeki \u00e7evreci sivil toplum kurulu\u015flar\u0131 taraf\u0131ndan sevin\u00e7le kar\u015f\u0131land\u0131. \u00c7evreciler 2030 y\u0131l\u0131nda ba\u015flayacak uygulama i\u00e7in \u015fimdiden sab\u0131rs\u0131zlan\u0131rken, petrol sekt\u00f6r\u00fc ise kara kara d\u00fc\u015f\u00fcnmeye ba\u015flad\u0131. \u00c7\u00fcnk\u00fc Hindistan H\u00fck\u00fcmeti elektrikli otomobil sat\u0131\u015f\u0131 yan\u0131nda fosil yak\u0131tlarla \u00e7al\u0131\u015fan ara\u00e7lar\u0131 da trafikten \u00e7ekmeyi planl\u0131yor.<\/p>","protected":false},"excerpt":{"rendered":"<p>Sorry, this entry is only available in Turkish. For the sake of viewer convenience, the content is shown below in the alternative language. You may click the link to switch the active language.H\u00fck\u00fcmetler elektrikli ara\u00e7 kullan\u0131m\u0131n\u0131n artmas\u0131na yasal d\u00fczenlemeler yapmaya ve te\u015fvikler vermeyi s\u00fcrd\u00fcr\u00fcrken, konuyla ilgili \u00f6nemli bir geli\u015fme de Hindistan\u2019dan geldi. \u00dclke y\u00f6netimi motorlu [&hellip;]<\/p>\n","protected":false},"author":1,"featured_media":4202,"comment_status":"open","ping_status":"open","sticky":false,"template":"","format":"standard","meta":[],"categories":[51,53],"tags":[215,67,1009,1800,982,36558,2522],"views":845,"_links":{"self":[{"href":"https:\/\/www.enerjigazetesi.ist\/en\/wp-json\/wp\/v2\/posts\/70769"}],"collection":[{"href":"https:\/\/www.enerjigazetesi.ist\/en\/wp-json\/wp\/v2\/posts"}],"about":[{"href":"https:\/\/www.enerjigazetesi.ist\/en\/wp-json\/wp\/v2\/types\/post"}],"author":[{"embeddable":true,"href":"https:\/\/www.enerjigazetesi.ist\/en\/wp-json\/wp\/v2\/users\/1"}],"replies":[{"embeddable":true,"href":"https:\/\/www.enerjigazetesi.ist\/en\/wp-json\/wp\/v2\/comments?post=70769"}],"version-history":[{"count":3,"href":"https:\/\/www.enerjigazetesi.ist\/en\/wp-json\/wp\/v2\/posts\/70769\/revisions"}],"predecessor-version":[{"id":70772,"href":"https:\/\/www.enerjigazetesi.ist\/en\/wp-json\/wp\/v2\/posts\/70769\/revisions\/70772"}],"wp:featuredmedia":[{"embeddable":true,"href":"https:\/\/www.enerjigazetesi.ist\/en\/wp-json\/wp\/v2\/media\/4202"}],"wp:attachment":[{"href":"https:\/\/www.enerjigazetesi.ist\/en\/wp-json\/wp\/v2\/media?parent=70769"}],"wp:term":[{"taxonomy":"category","embeddable":true,"href":"https:\/\/www.enerjigazetesi.ist\/en\/wp-json\/wp\/v2\/categories?post=70769"},{"taxonomy":"post_tag","embeddable":true,"href":"https:\/\/www.enerjigazetesi.ist\/en\/wp-json\/wp\/v2\/tags?post=70769"}],"curies":[{"name":"wp","href":"https:\/\/api.w.org\/{rel}","templated":true}]}}