{"id":70713,"date":"2018-01-11T16:05:40","date_gmt":"2018-01-11T13:05:40","guid":{"rendered":"https:\/\/www.enerjigazetesi.ist\/?p=70713"},"modified":"2018-01-11T16:05:40","modified_gmt":"2018-01-11T13:05:40","slug":"daikin-herkesi-enerji-verimliligi-yuksek-urunler-kullanmaya-cagiriyor","status":"publish","type":"post","link":"https:\/\/www.enerjigazetesi.ist\/en\/daikin-herkesi-enerji-verimliligi-yuksek-urunler-kullanmaya-cagiriyor\/","title":{"rendered":"(Turkish) Daikin Herkesi Enerji Verimlili\u011fi Y\u00fcksek \u00dcr\u00fcnler Kullanmaya \u00c7a\u011f\u0131r\u0131yor"},"content":{"rendered":"<p class=\"qtranxs-available-languages-message qtranxs-available-languages-message-en\">Sorry, this entry is only available in <a href=\"https:\/\/www.enerjigazetesi.ist\/tr\/wp-json\/wp\/v2\/posts\/70713\" class=\"qtranxs-available-language-link qtranxs-available-language-link-tr\" title=\"Turkish\">Turkish<\/a>. For the sake of viewer convenience, the content is shown below in the alternative language. You may click the link to switch the active language.<\/p><p><strong>\u0130klimlendirme sekt\u00f6r\u00fcn\u00fcn \u00f6nc\u00fc markas\u0131 Daikin\u2019in T\u00fcrkiye CEO\u2019su Hasan \u00d6nder, 11-18 Ocak 2018 tarihleri aras\u0131nda kutlanan Enerji Tasarrufu Haftas\u0131 nedeniyle bir a\u00e7\u0131klama yaparak, do\u011fal kaynaklar\u0131n ve \u00e7evrenin korunmas\u0131 i\u00e7in herkesi enerji verimlili\u011fi sa\u011flayan ve \u00e7evre dostu cihazlar kullanmaya davet etti. Daikin\u2019in k\u00fcresel \u0131s\u0131nmayla m\u00fccadele i\u00e7in \u00e7evreci gaz R32 kullan\u0131m\u0131n\u0131 te\u015fvik etti\u011fini vurgulayan \u00d6nder, 27 milyondan fazla sat\u0131lan R32\u2019li klimalar sayesinde karbondioksit e\u015fde\u011fer t\u00fcketiminde yakla\u015f\u0131k 47 milyon ton azalma oldu\u011funu belirtti.<\/strong><\/p>\n<p>Daikin T\u00fcrkiye CEO\u2019su Hasan \u00d6nder, Enerji Tasarrufu Haftas\u0131 nedeniyle yapt\u0131\u011f\u0131 a\u00e7\u0131klamada elektrik, su ve yak\u0131t verimlili\u011fi sa\u011flayan cihazlar\u0131n \u00e7evrenin korunmas\u0131na yapt\u0131\u011f\u0131 katk\u0131ya dikkat \u00e7ekerek, herkesi <img loading=\"lazy\" class=\"alignright size-medium wp-image-70714\" src=\"https:\/\/www.enerjigazetesi.ist\/wp-content\/uploads\/2018\/01\/daikin-herkesi-enerji-verimliligi-yuksek-urunler-kullanmaya-cagiriyor-300x226.jpg\" alt=\"\" width=\"300\" height=\"226\" srcset=\"https:\/\/www.enerjigazetesi.ist\/wp-content\/uploads\/2018\/01\/daikin-herkesi-enerji-verimliligi-yuksek-urunler-kullanmaya-cagiriyor-300x226.jpg 300w, https:\/\/www.enerjigazetesi.ist\/wp-content\/uploads\/2018\/01\/daikin-herkesi-enerji-verimliligi-yuksek-urunler-kullanmaya-cagiriyor.jpg 500w, https:\/\/www.enerjigazetesi.ist\/wp-content\/uploads\/2018\/01\/daikin-herkesi-enerji-verimliligi-yuksek-urunler-kullanmaya-cagiriyor-66x50.jpg 66w\" sizes=\"(max-width: 300px) 100vw, 300px\" \/>do\u011fa i\u00e7in \u00f6nce kendinden ba\u015flayarak bir ad\u0131m atmaya \u00e7a\u011f\u0131rd\u0131.<\/p>\n<p>\u0130klimlendirmede uzmanlar\u0131n sundu\u011fu do\u011fru \u00e7\u00f6z\u00fcmlerin ve cihazlar\u0131n tercih edilmesinin hem kullan\u0131c\u0131lar\u0131n b\u00fct\u00e7esine hem de T\u00fcrkiye ekonomisine olumlu katk\u0131 yapaca\u011f\u0131n\u0131 vurgulayan \u00d6nder, \u015funlara dikkat \u00e7ekti: \u201c\u0130nsan aktivitelerinin do\u011fal kaynaklar \u00fczerindeki olumsuz etkisi her ge\u00e7en g\u00fcn daha da art\u0131yor. Kaynaklar\u0131m\u0131z\u0131 bu h\u0131zla t\u00fcketmeye devam edersek, gelecek nesillerin sa\u011fl\u0131kl\u0131 ve temiz bir \u00e7evrede ya\u015famas\u0131 m\u00fcmk\u00fcn olmayacak. Enerji kaynaklar\u0131n\u0131n yanl\u0131\u015f ve verimsiz kullan\u0131lmas\u0131n\u0131n sebep oldu\u011fu kay\u0131plar\u0131n \u00f6n\u00fcne ge\u00e7mek i\u00e7in bir an \u00f6nce ad\u0131m at\u0131lmal\u0131. Daikin olarak \u00fcretimden t\u00fcketime t\u00fcm s\u00fcre\u00e7lerde \u00f6nceli\u011fi do\u011fan\u0131n korunmas\u0131na ve enerji verimlili\u011fine veriyoruz. Ar-Ge b\u00fct\u00e7emizin b\u00fcy\u00fck bir b\u00f6l\u00fcm\u00fcn\u00fc d\u00fc\u015f\u00fck enerji t\u00fcketimi ve karbon emisyonu sa\u011flayan iklimlendirme cihazlar\u0131 geli\u015ftirmeye ay\u0131r\u0131yoruz. K\u00fcresel \u0131s\u0131nma ile m\u00fccadeleyi \u00f6nceliklerimizden biri olarak kabul ediyoruz. Bu ama\u00e7la, sekt\u00f6rde ta\u015flar\u0131 yerinden oynatt\u0131\u011f\u0131 ve devrim niteli\u011finde oldu\u011fu i\u00e7in Reform 32 ad\u0131n\u0131 verdi\u011fimiz yeni nesil \u00e7evreci gaz R32\u2019nin iklimlendirme sekt\u00f6r\u00fc taraf\u0131ndan benimsenmesini te\u015fvik ediyoruz. Reform 32 ile \u00e7al\u0131\u015fan cihazlar\u0131m\u0131z\u0131 Avrupa ile e\u015f zamanl\u0131 olarak T\u00fcrkiye\u2019de piyasaya sunduk. D\u00fcnya \u00e7ap\u0131nda Reform 32\u2019li klimalar\u0131n \u00fcretilmesi ve bunlar\u0131n yayg\u0131nla\u015fmas\u0131 amac\u0131yla sahip oldu\u011fumuz 93 patenti \u00fccretsiz olarak sekt\u00f6r\u00fcn eri\u015fimine a\u00e7t\u0131k. Amac\u0131m\u0131z \u00e7evre dostu ve y\u00fcksek enerji verimlili\u011fi sunan bu gaz\u0131n sekt\u00f6r standard\u0131 haline gelmesi. Daikin\u2019in Reform 32 so\u011futucu ak\u0131\u015fkan kullanan klima ve \u0131s\u0131 pompas\u0131 sat\u0131\u015flar\u0131 52 \u00fclkede 10 milyon adedi a\u015fm\u0131\u015f durumda. Daikin\u2019in ve di\u011fer \u015firketlerin sat\u0131\u015f raporlar\u0131na g\u00f6re 27 milyon adetten fazla sat\u0131lan Reform 32\u2019li klima sayesinde CO2 (Karbondioksit) e\u015fde\u011fer t\u00fcketiminde yakla\u015f\u0131k 47 milyon ton azalma oldu\u011fu hesaplan\u0131yor.\u201d<\/p>\n<p>Do\u011fan\u0131n korunmas\u0131 i\u00e7in kullan\u0131c\u0131lar\u0131n ataca\u011f\u0131 en \u00f6nemli ad\u0131m\u0131n ise enerji verimlili\u011fi sa\u011flayan \u00fcr\u00fcnlerin tercih edilmesi oldu\u011funu vurgulayan \u00d6nder, \u015funlar\u0131 kaydetti: \u201c\u0130klimlendirme \u00fcr\u00fcnlerinin uzman deste\u011fi ile ya\u015fam alanlar\u0131n\u0131n gereksinimlerine uygun se\u00e7ilmesi ve bak\u0131mlar\u0131n\u0131n d\u00fczenli olarak ger\u00e7ekle\u015ftirilmesi halinde faturalar y\u00fczde 30 oran\u0131nda azalabilir. \u0130klimlendirmenin daha proje a\u015famas\u0131nda ele al\u0131nmas\u0131 halinde ise bu oran y\u00fczde 50\u2019ye ula\u015fabiliyor. Ak\u0131ll\u0131 teknolojiye sahip ve enerji verimlili\u011fi y\u00fcksek \u00fcr\u00fcnlerin tercih edilmesi aile b\u00fct\u00e7esine katk\u0131 sa\u011flarken, do\u011fay\u0131 da koruyor.\u201d<\/p>\n<p><strong>DAIKIN DO\u011eANIN KORUNMASINDA DA \u00d6NC\u00dc<\/strong><\/p>\n<p>Verimlili\u011fi ve uzun \u00f6mr\u00fcyle kullan\u0131c\u0131lar\u0131n b\u00fct\u00e7esini koruyan iklimlendirme cihazlar\u0131yla tan\u0131nan Daikin, do\u011fal kaynaklar\u0131n korunmas\u0131 y\u00f6n\u00fcnde att\u0131\u011f\u0131 ad\u0131mlarla da sekt\u00f6r\u00fcn\u00fcn \u00f6nc\u00fcs\u00fc olmaya devam ediyor. Bir yandan geli\u015ftirdi\u011fi d\u00fc\u015f\u00fck \u00e7evresel etkiye sahip \u00fcr\u00fcn ve sistemlerle Avrupa ve T\u00fcrkiye\u2019de sezonsal verimlili\u011fin \u00f6nc\u00fcl\u00fc\u011f\u00fcn\u00fc yapan Daikin, Reform 32 olarak adland\u0131rd\u0131\u011f\u0131 kullan\u0131c\u0131 ve \u00e7evre dostu so\u011futucu ak\u0131\u015fkan R32 gaz\u0131 kullanan cihazlar\u0131n t\u00fcm sekt\u00f6rde yayg\u0131nla\u015fmas\u0131 i\u00e7in b\u00fcy\u00fck \u00e7aba g\u00f6steriyor. T\u00fcm \u00fcretim s\u00fcre\u00e7lerinde \u2018daha az enerji kullan\u0131m\u0131-daha y\u00fcksek verimlilik\u2019 ilkesini benimseyen Daikin, sekt\u00f6r\u00fcne bu alanda da liderlik ediyor. Daikin, t\u00fcm d\u00fcnyada sera gaz\u0131 emisyonlar\u0131n\u0131n azalt\u0131lmas\u0131ndan \u00e7evresel fark\u0131ndal\u0131k e\u011fitimlerine, enerji tasarrufundan su t\u00fcketimine, at\u0131k y\u00f6netiminden tedarik ve lojistik y\u00f6netimine kadar her a\u015famada \u00e7evresel s\u00fcrd\u00fcr\u00fclebilirlik ilkelerini benimseyen \u00e7al\u0131\u015fmalar y\u00fcr\u00fct\u00fcyor.<\/p>\n<p>Ururu Sarara ve Emura gibi az elektrik t\u00fcketerek y\u00fcksek verimlilik de\u011ferlerine ula\u015fan klimalar\u0131yla sekt\u00f6r\u00fcnde fark yaratan Daikin, \u00e7evre dostu hibrit sistemlerin yayg\u0131nla\u015ft\u0131r\u0131lmas\u0131 konusunda da yat\u0131r\u0131mlar\u0131n\u0131 s\u00fcrd\u00fcr\u00fcyor. Daikin Altherma Hibrit Is\u0131 Pompas\u0131, d\u00fc\u015f\u00fck enerji kullan\u0131m\u0131 ve \u00e7evre dostu teknolojisi ile gelece\u011fin ihtiya\u00e7lar\u0131na bug\u00fcnden cevap veriyor.<\/p>\n<p>Daikin ayr\u0131ca \u201cBREEAM (BRE Environmental Assessment Method)\u201d sertifikas\u0131na sahip uzman kadrosuyla Avrupa\u2019da ve T\u00fcrkiye\u2019de ye\u015fil bina projelerinin s\u00fcrd\u00fcr\u00fclebilir HVAC-R \u00e7\u00f6z\u00fcmleri i\u00e7in dan\u0131\u015fmanl\u0131k hizmeti sunuyor<\/p>","protected":false},"excerpt":{"rendered":"<p>Sorry, this entry is only available in Turkish. For the sake of viewer convenience, the content is shown below in the alternative language. You may click the link to switch the active language.\u0130klimlendirme sekt\u00f6r\u00fcn\u00fcn \u00f6nc\u00fc markas\u0131 Daikin\u2019in T\u00fcrkiye CEO\u2019su Hasan \u00d6nder, 11-18 Ocak 2018 tarihleri aras\u0131nda kutlanan Enerji Tasarrufu Haftas\u0131 nedeniyle bir a\u00e7\u0131klama yaparak, do\u011fal [&hellip;]<\/p>\n","protected":false},"author":1,"featured_media":70714,"comment_status":"open","ping_status":"open","sticky":false,"template":"","format":"standard","meta":[],"categories":[53,52],"tags":[36538,2352,36540,3170,36541,67,1009,1715,12,36537,36539,36542,793],"views":789,"_links":{"self":[{"href":"https:\/\/www.enerjigazetesi.ist\/en\/wp-json\/wp\/v2\/posts\/70713"}],"collection":[{"href":"https:\/\/www.enerjigazetesi.ist\/en\/wp-json\/wp\/v2\/posts"}],"about":[{"href":"https:\/\/www.enerjigazetesi.ist\/en\/wp-json\/wp\/v2\/types\/post"}],"author":[{"embeddable":true,"href":"https:\/\/www.enerjigazetesi.ist\/en\/wp-json\/wp\/v2\/users\/1"}],"replies":[{"embeddable":true,"href":"https:\/\/www.enerjigazetesi.ist\/en\/wp-json\/wp\/v2\/comments?post=70713"}],"version-history":[{"count":1,"href":"https:\/\/www.enerjigazetesi.ist\/en\/wp-json\/wp\/v2\/posts\/70713\/revisions"}],"predecessor-version":[{"id":70715,"href":"https:\/\/www.enerjigazetesi.ist\/en\/wp-json\/wp\/v2\/posts\/70713\/revisions\/70715"}],"wp:featuredmedia":[{"embeddable":true,"href":"https:\/\/www.enerjigazetesi.ist\/en\/wp-json\/wp\/v2\/media\/70714"}],"wp:attachment":[{"href":"https:\/\/www.enerjigazetesi.ist\/en\/wp-json\/wp\/v2\/media?parent=70713"}],"wp:term":[{"taxonomy":"category","embeddable":true,"href":"https:\/\/www.enerjigazetesi.ist\/en\/wp-json\/wp\/v2\/categories?post=70713"},{"taxonomy":"post_tag","embeddable":true,"href":"https:\/\/www.enerjigazetesi.ist\/en\/wp-json\/wp\/v2\/tags?post=70713"}],"curies":[{"name":"wp","href":"https:\/\/api.w.org\/{rel}","templated":true}]}}