{"id":70690,"date":"2018-01-11T12:06:28","date_gmt":"2018-01-11T09:06:28","guid":{"rendered":"https:\/\/www.enerjigazetesi.ist\/?p=70690"},"modified":"2018-01-11T12:11:22","modified_gmt":"2018-01-11T09:11:22","slug":"iklim-alaninda-ortak-cabalarin-desteklenmesi-projesinde-gunder","status":"publish","type":"post","link":"https:\/\/www.enerjigazetesi.ist\/en\/iklim-alaninda-ortak-cabalarin-desteklenmesi-projesinde-gunder\/","title":{"rendered":"(Turkish) \u0130klim Alan\u0131nda Ortak \u00c7abalar\u0131n Desteklenmesi Projesi&#8217;nde G\u00dcNDER&#8230;"},"content":{"rendered":"<p class=\"qtranxs-available-languages-message qtranxs-available-languages-message-en\">Sorry, this entry is only available in <a href=\"https:\/\/www.enerjigazetesi.ist\/tr\/wp-json\/wp\/v2\/posts\/70690\" class=\"qtranxs-available-language-link qtranxs-available-language-link-tr\" title=\"Turkish\">Turkish<\/a>. For the sake of viewer convenience, the content is shown below in the alternative language. You may click the link to switch the active language.<\/p><p><strong>G\u00dcNDER, \u0130klim De\u011fi\u015fikli\u011fi Alan\u0131nda Ortak \u00c7abalar\u0131n Desteklenmesi Projesi Odak Grup Toplant\u0131s\u0131nda, \u0130klim de\u011fi\u015fikli\u011fi ile m\u00fccadelede e\u011fitim ve kapasite ihtiya\u00e7lar\u0131na y\u00f6nelik<img loading=\"lazy\" class=\"alignright size-medium wp-image-70691\" src=\"https:\/\/www.enerjigazetesi.ist\/wp-content\/uploads\/2018\/01\/iklim-alaninda-ortak-cabalarin-desteklenmesi-projesinde-gunder-300x169.jpeg\" alt=\"\" width=\"300\" height=\"169\" srcset=\"https:\/\/www.enerjigazetesi.ist\/wp-content\/uploads\/2018\/01\/iklim-alaninda-ortak-cabalarin-desteklenmesi-projesinde-gunder-300x169.jpeg 300w, https:\/\/www.enerjigazetesi.ist\/wp-content\/uploads\/2018\/01\/iklim-alaninda-ortak-cabalarin-desteklenmesi-projesinde-gunder-768x432.jpeg 768w, https:\/\/www.enerjigazetesi.ist\/wp-content\/uploads\/2018\/01\/iklim-alaninda-ortak-cabalarin-desteklenmesi-projesinde-gunder-1024x576.jpeg 1024w, https:\/\/www.enerjigazetesi.ist\/wp-content\/uploads\/2018\/01\/iklim-alaninda-ortak-cabalarin-desteklenmesi-projesinde-gunder-500x281.jpeg 500w, https:\/\/www.enerjigazetesi.ist\/wp-content\/uploads\/2018\/01\/iklim-alaninda-ortak-cabalarin-desteklenmesi-projesinde-gunder-80x45.jpeg 80w, https:\/\/www.enerjigazetesi.ist\/wp-content\/uploads\/2018\/01\/iklim-alaninda-ortak-cabalarin-desteklenmesi-projesinde-gunder.jpeg 1600w\" sizes=\"(max-width: 300px) 100vw, 300px\" \/> \u00e7al\u0131\u015fmalar\u0131 de\u011ferlendirdi.<\/strong><\/p>\n<p>G\u00fcnder, T\u00fcrkiye\u2019de iklim de\u011fi\u015fikli\u011fi ile m\u00fccadelenin g\u00fc\u00e7lendirilmesi i\u00e7in kamuoyu fark\u0131ndal\u0131\u011f\u0131n\u0131 ve payda\u015f kapasitesinin artt\u0131r\u0131lmas\u0131n\u0131 ama\u00e7layan \u201c\u0130klim De\u011fi\u015fikli\u011fi Alan\u0131nda Ortak \u00c7abalar\u0131n Desteklenmesi Projesi\u201d (\u0130klim-\u0130N) kapsam\u0131nda, 09 Ocak 2018, 10:00-16:00 saatleri aras\u0131nda, Ankara Point Otel de d\u00fczenlenen \u201cOdak Grup Toplant\u0131s\u0131\u201d ndayd\u0131.<\/p>\n<p>Toplant\u0131n\u0131n amac\u0131 ile T\u00fcrkiye\u2019de iklim de\u011fi\u015fikli\u011fi ile m\u00fccadelede e\u011fitim ve kapasite ihtiya\u00e7lar\u0131 i\u00e7in farkl\u0131 hedeflere odaklanan hibe faydalan\u0131c\u0131lar\u0131n\u0131n g\u00f6r\u00fc\u015f ve yorumlar\u0131 al\u0131narak s\u00f6z konusu yorumlar\u0131n haz\u0131rlanacak olan\u00a0E\u011fitim \u0130htiya\u00e7 Analiz Raporu\u2019na yans\u0131t\u0131lmas\u0131 \u00f6ng\u00f6r\u00fclmektedir.<\/p>","protected":false},"excerpt":{"rendered":"<p>Sorry, this entry is only available in Turkish. For the sake of viewer convenience, the content is shown below in the alternative language. You may click the link to switch the active language.G\u00dcNDER, \u0130klim De\u011fi\u015fikli\u011fi Alan\u0131nda Ortak \u00c7abalar\u0131n Desteklenmesi Projesi Odak Grup Toplant\u0131s\u0131nda, \u0130klim de\u011fi\u015fikli\u011fi ile m\u00fccadelede e\u011fitim ve kapasite ihtiya\u00e7lar\u0131na y\u00f6nelik \u00e7al\u0131\u015fmalar\u0131 de\u011ferlendirdi. G\u00fcnder, [&hellip;]<\/p>\n","protected":false},"author":1,"featured_media":70691,"comment_status":"open","ping_status":"open","sticky":false,"template":"","format":"standard","meta":[],"categories":[53,49,18007],"tags":[67,1009,1382,36527,36526,36528],"views":611,"_links":{"self":[{"href":"https:\/\/www.enerjigazetesi.ist\/en\/wp-json\/wp\/v2\/posts\/70690"}],"collection":[{"href":"https:\/\/www.enerjigazetesi.ist\/en\/wp-json\/wp\/v2\/posts"}],"about":[{"href":"https:\/\/www.enerjigazetesi.ist\/en\/wp-json\/wp\/v2\/types\/post"}],"author":[{"embeddable":true,"href":"https:\/\/www.enerjigazetesi.ist\/en\/wp-json\/wp\/v2\/users\/1"}],"replies":[{"embeddable":true,"href":"https:\/\/www.enerjigazetesi.ist\/en\/wp-json\/wp\/v2\/comments?post=70690"}],"version-history":[{"count":5,"href":"https:\/\/www.enerjigazetesi.ist\/en\/wp-json\/wp\/v2\/posts\/70690\/revisions"}],"predecessor-version":[{"id":70696,"href":"https:\/\/www.enerjigazetesi.ist\/en\/wp-json\/wp\/v2\/posts\/70690\/revisions\/70696"}],"wp:featuredmedia":[{"embeddable":true,"href":"https:\/\/www.enerjigazetesi.ist\/en\/wp-json\/wp\/v2\/media\/70691"}],"wp:attachment":[{"href":"https:\/\/www.enerjigazetesi.ist\/en\/wp-json\/wp\/v2\/media?parent=70690"}],"wp:term":[{"taxonomy":"category","embeddable":true,"href":"https:\/\/www.enerjigazetesi.ist\/en\/wp-json\/wp\/v2\/categories?post=70690"},{"taxonomy":"post_tag","embeddable":true,"href":"https:\/\/www.enerjigazetesi.ist\/en\/wp-json\/wp\/v2\/tags?post=70690"}],"curies":[{"name":"wp","href":"https:\/\/api.w.org\/{rel}","templated":true}]}}