{"id":70663,"date":"2018-01-10T12:08:22","date_gmt":"2018-01-10T09:08:22","guid":{"rendered":"https:\/\/www.enerjigazetesi.ist\/?p=70663"},"modified":"2018-01-10T12:08:22","modified_gmt":"2018-01-10T09:08:22","slug":"barajlarin-suyunun-azalmasi-elektrik-fiyatlarini-artiracak","status":"publish","type":"post","link":"https:\/\/www.enerjigazetesi.ist\/en\/barajlarin-suyunun-azalmasi-elektrik-fiyatlarini-artiracak\/","title":{"rendered":"(Turkish) Barajlar\u0131n Suyunun Azalmas\u0131 Elektrik Fiyatlar\u0131n\u0131 Art\u0131racak"},"content":{"rendered":"<p class=\"qtranxs-available-languages-message qtranxs-available-languages-message-en\">Sorry, this entry is only available in <a href=\"https:\/\/www.enerjigazetesi.ist\/tr\/wp-json\/wp\/v2\/posts\/70663\" class=\"qtranxs-available-language-link qtranxs-available-language-link-tr\" title=\"Turkish\">Turkish<\/a>. For the sake of viewer convenience, the content is shown below in the alternative language. You may click the link to switch the active language.<\/p><p><strong>T\u00fcrkiye, uzun y\u0131llar\u0131n en kurak k\u0131\u015flar\u0131ndan birini ya\u015f\u0131yor. Kurakl\u0131k nedeniyle T\u00fcrkiye\u2019nin en \u00f6nemli barajlar\u0131 Keban, Karakaya ve Atat\u00fcrk\u2019te su seviyelerinde d\u00fc\u015f\u00fc\u015f ya\u015fand\u0131. <img loading=\"lazy\" class=\"alignleft size-medium wp-image-53192\" src=\"https:\/\/www.enerjigazetesi.ist\/wp-content\/uploads\/2016\/05\/eroglu-barajlarin-doluluk-orani-mayis-yagmurlari-ile-kapanacak-300x173.jpg\" alt=\"\" width=\"300\" height=\"173\" srcset=\"https:\/\/www.enerjigazetesi.ist\/wp-content\/uploads\/2016\/05\/eroglu-barajlarin-doluluk-orani-mayis-yagmurlari-ile-kapanacak-300x173.jpg 300w, https:\/\/www.enerjigazetesi.ist\/wp-content\/uploads\/2016\/05\/eroglu-barajlarin-doluluk-orani-mayis-yagmurlari-ile-kapanacak-500x288.jpg 500w, https:\/\/www.enerjigazetesi.ist\/wp-content\/uploads\/2016\/05\/eroglu-barajlarin-doluluk-orani-mayis-yagmurlari-ile-kapanacak-80x46.jpg 80w, https:\/\/www.enerjigazetesi.ist\/wp-content\/uploads\/2016\/05\/eroglu-barajlarin-doluluk-orani-mayis-yagmurlari-ile-kapanacak.jpg 696w\" sizes=\"(max-width: 300px) 100vw, 300px\" \/>Barajlardaki miktarlar\u0131 korumak amac\u0131yla suya dayal\u0131 elektrik \u00fcretimi k\u0131s\u0131l\u0131rken, do\u011falgaz\u0131n pay\u0131 g\u00f6rece art\u0131r\u0131ld\u0131.<\/strong><\/p>\n<p>Gazete Habert\u00fcrk\u2019ten Olcay Aydilek\u2019in haberine g\u00f6re kurakl\u0131k, verilere de net olarak yans\u0131yor. Barajlara, 2016 y\u0131l\u0131nda 63.7 milyar metrek\u00fcp su geldi. 2017 y\u0131l\u0131nda su miktar\u0131, y\u00fczde 26.5 oran\u0131nda azald\u0131 ve 46.6 milyar metrek\u00fcp oldu. Su miktar\u0131ndaki bu kritik durum, elektrik \u00fcretim planlamas\u0131n\u0131 da olduk\u00e7a etkiledi.<\/p>\n<p>Enerji y\u00f6netimi barajlar\u0131 dikkate alarak elektrik \u00fcretiminde suyun pay\u0131n\u0131 d\u00fc\u015f\u00fcrd\u00fc. 2016 y\u0131l\u0131nda suyun elektrik \u00fcretiminde pay\u0131 y\u00fczde 24.8 oldu. 2017 y\u0131l\u0131nda kurakl\u0131k nedeni ile barajlardan elektrik \u00fcretiminde frene bas\u0131lm\u0131\u015f olundu. Ge\u00e7ti\u011fimiz y\u0131l suyun elektrik \u00fcretiminde pay\u0131 y\u00fczde 19.8\u2019e d\u00fc\u015ft\u00fc. Bu y\u0131l da geride kalan 10 g\u00fcnde, sudan olabildi\u011fince az elektrik \u00fcretimi yap\u0131ld\u0131.<\/p>\n<p>&nbsp;<\/p>","protected":false},"excerpt":{"rendered":"<p>Sorry, this entry is only available in Turkish. For the sake of viewer convenience, the content is shown below in the alternative language. You may click the link to switch the active language.T\u00fcrkiye, uzun y\u0131llar\u0131n en kurak k\u0131\u015flar\u0131ndan birini ya\u015f\u0131yor. Kurakl\u0131k nedeniyle T\u00fcrkiye\u2019nin en \u00f6nemli barajlar\u0131 Keban, Karakaya ve Atat\u00fcrk\u2019te su seviyelerinde d\u00fc\u015f\u00fc\u015f ya\u015fand\u0131. Barajlardaki [&hellip;]<\/p>\n","protected":false},"author":1,"featured_media":53192,"comment_status":"open","ping_status":"open","sticky":false,"template":"","format":"standard","meta":[],"categories":[53,47],"tags":[36518,1162,343,19,67,1009,154,20622,34926,26043,36001,70,26044],"views":2065,"_links":{"self":[{"href":"https:\/\/www.enerjigazetesi.ist\/en\/wp-json\/wp\/v2\/posts\/70663"}],"collection":[{"href":"https:\/\/www.enerjigazetesi.ist\/en\/wp-json\/wp\/v2\/posts"}],"about":[{"href":"https:\/\/www.enerjigazetesi.ist\/en\/wp-json\/wp\/v2\/types\/post"}],"author":[{"embeddable":true,"href":"https:\/\/www.enerjigazetesi.ist\/en\/wp-json\/wp\/v2\/users\/1"}],"replies":[{"embeddable":true,"href":"https:\/\/www.enerjigazetesi.ist\/en\/wp-json\/wp\/v2\/comments?post=70663"}],"version-history":[{"count":1,"href":"https:\/\/www.enerjigazetesi.ist\/en\/wp-json\/wp\/v2\/posts\/70663\/revisions"}],"predecessor-version":[{"id":70664,"href":"https:\/\/www.enerjigazetesi.ist\/en\/wp-json\/wp\/v2\/posts\/70663\/revisions\/70664"}],"wp:featuredmedia":[{"embeddable":true,"href":"https:\/\/www.enerjigazetesi.ist\/en\/wp-json\/wp\/v2\/media\/53192"}],"wp:attachment":[{"href":"https:\/\/www.enerjigazetesi.ist\/en\/wp-json\/wp\/v2\/media?parent=70663"}],"wp:term":[{"taxonomy":"category","embeddable":true,"href":"https:\/\/www.enerjigazetesi.ist\/en\/wp-json\/wp\/v2\/categories?post=70663"},{"taxonomy":"post_tag","embeddable":true,"href":"https:\/\/www.enerjigazetesi.ist\/en\/wp-json\/wp\/v2\/tags?post=70663"}],"curies":[{"name":"wp","href":"https:\/\/api.w.org\/{rel}","templated":true}]}}