{"id":70647,"date":"2018-01-10T11:31:58","date_gmt":"2018-01-10T08:31:58","guid":{"rendered":"https:\/\/www.enerjigazetesi.ist\/?p=70647"},"modified":"2018-01-10T11:32:27","modified_gmt":"2018-01-10T08:32:27","slug":"yasanan-petrol-krizine-ragmen-opec-uretimi-artirmayacak","status":"publish","type":"post","link":"https:\/\/www.enerjigazetesi.ist\/en\/yasanan-petrol-krizine-ragmen-opec-uretimi-artirmayacak\/","title":{"rendered":"(Turkish) &#8221;Ya\u015fanan Petrol Krizine Ra\u011fmen, OPEC \u00dcretimi Art\u0131rmayacak\u201d"},"content":{"rendered":"<p class=\"qtranxs-available-languages-message qtranxs-available-languages-message-en\">Sorry, this entry is only available in <a href=\"https:\/\/www.enerjigazetesi.ist\/tr\/wp-json\/wp\/v2\/posts\/70647\" class=\"qtranxs-available-language-link qtranxs-available-language-link-tr\" title=\"Turkish\">Turkish<\/a>. For the sake of viewer convenience, the content is shown below in the alternative language. You may click the link to switch the active language.<\/p><p><strong>Petrol \u0130hra\u00e7 Eden \u00dclkeler \u00d6rg\u00fct\u00fc\u2019nden (OPEC) \u00fcst d\u00fczey bir yetkili taraf\u0131ndan kurumun petrol arz\u0131nda k\u0131sa vadeli sorunlara tepki vermeyece\u011fi a\u00e7\u0131kland\u0131. Yetkili, \u201c\u0130ran ve Venezuela\u2019daki petrol arz\u0131nda sorun ya\u015fansa bile, OPEC \u00fcretimi art\u0131rmayacak\u201d dedi.<\/strong><\/p>\n<p><strong><img loading=\"lazy\" class=\"alignleft size-medium wp-image-40408\" src=\"https:\/\/www.enerjigazetesi.ist\/wp-content\/uploads\/2015\/06\/opecin-geliri-1-trilyon-dolarin-altina-dustu-300x150.jpg\" alt=\"\" width=\"300\" height=\"150\" srcset=\"https:\/\/www.enerjigazetesi.ist\/wp-content\/uploads\/2015\/06\/opecin-geliri-1-trilyon-dolarin-altina-dustu-300x150.jpg 300w, https:\/\/www.enerjigazetesi.ist\/wp-content\/uploads\/2015\/06\/opecin-geliri-1-trilyon-dolarin-altina-dustu-500x251.jpg 500w, https:\/\/www.enerjigazetesi.ist\/wp-content\/uploads\/2015\/06\/opecin-geliri-1-trilyon-dolarin-altina-dustu-80x40.jpg 80w, https:\/\/www.enerjigazetesi.ist\/wp-content\/uploads\/2015\/06\/opecin-geliri-1-trilyon-dolarin-altina-dustu.jpg 863w\" sizes=\"(max-width: 300px) 100vw, 300px\" \/><\/strong>OPEC\u2019in \u0130ran\u2019daki protestolar\u0131 ve Venezuela\u2019daki ekonomik krizi yak\u0131ndan takip etti\u011fini belirten yetkili, buna kar\u015f\u0131n ciddi ve uzun vadeli bir sorun olmad\u0131\u011f\u0131 s\u00fcrece petrol k\u0131s\u0131nt\u0131lar\u0131n\u0131 s\u00fcrd\u00fcrmeye ba\u011fl\u0131 kalacaklar\u0131n\u0131 dile getirdi. Venezuela\u2019daki kriz \u00fclkenin petrol \u00fcretiminin azalmas\u0131na yol a\u00e7m\u0131\u015f, ancak \u0130ran\u2019daki protestolar\u0131n petrol \u00fczerindeki etkisi s\u0131n\u0131rl\u0131 olmu\u015ftu.<\/p>\n<p>Yetkili, petrol \u00fcretiminde bir aydan daha uzun s\u00fcre boyunca, g\u00fcnl\u00fck 1 milyon varil d\u00fc\u015f\u00fc\u015f ya\u015fanmas\u0131 ve talebin kar\u015f\u0131lanamamas\u0131 halinde, OPEC\u2019in mevcut politikas\u0131nda de\u011fi\u015fikli\u011fe gidebilece\u011fini s\u00f6yledi. OPEC yetkilisi ayr\u0131ca, petrol piyasas\u0131n\u0131n yeniden dengeye oturmaya ba\u015flad\u0131\u011f\u0131n\u0131, ancak k\u00fcresel petrol stokunun hala be\u015f y\u0131ll\u0131k ortalaman\u0131n \u00fczerinde oldu\u011funu vurgulad\u0131.<\/p>","protected":false},"excerpt":{"rendered":"<p>Sorry, this entry is only available in Turkish. For the sake of viewer convenience, the content is shown below in the alternative language. You may click the link to switch the active language.Petrol \u0130hra\u00e7 Eden \u00dclkeler \u00d6rg\u00fct\u00fc\u2019nden (OPEC) \u00fcst d\u00fczey bir yetkili taraf\u0131ndan kurumun petrol arz\u0131nda k\u0131sa vadeli sorunlara tepki vermeyece\u011fi a\u00e7\u0131kland\u0131. Yetkili, \u201c\u0130ran ve [&hellip;]<\/p>\n","protected":false},"author":1,"featured_media":40408,"comment_status":"open","ping_status":"open","sticky":false,"template":"","format":"standard","meta":[],"categories":[53,44],"tags":[67,1009,36511,1377,19874,2451,34935,2388,26602,887,34937,34936,16731],"views":782,"_links":{"self":[{"href":"https:\/\/www.enerjigazetesi.ist\/en\/wp-json\/wp\/v2\/posts\/70647"}],"collection":[{"href":"https:\/\/www.enerjigazetesi.ist\/en\/wp-json\/wp\/v2\/posts"}],"about":[{"href":"https:\/\/www.enerjigazetesi.ist\/en\/wp-json\/wp\/v2\/types\/post"}],"author":[{"embeddable":true,"href":"https:\/\/www.enerjigazetesi.ist\/en\/wp-json\/wp\/v2\/users\/1"}],"replies":[{"embeddable":true,"href":"https:\/\/www.enerjigazetesi.ist\/en\/wp-json\/wp\/v2\/comments?post=70647"}],"version-history":[{"count":2,"href":"https:\/\/www.enerjigazetesi.ist\/en\/wp-json\/wp\/v2\/posts\/70647\/revisions"}],"predecessor-version":[{"id":70649,"href":"https:\/\/www.enerjigazetesi.ist\/en\/wp-json\/wp\/v2\/posts\/70647\/revisions\/70649"}],"wp:featuredmedia":[{"embeddable":true,"href":"https:\/\/www.enerjigazetesi.ist\/en\/wp-json\/wp\/v2\/media\/40408"}],"wp:attachment":[{"href":"https:\/\/www.enerjigazetesi.ist\/en\/wp-json\/wp\/v2\/media?parent=70647"}],"wp:term":[{"taxonomy":"category","embeddable":true,"href":"https:\/\/www.enerjigazetesi.ist\/en\/wp-json\/wp\/v2\/categories?post=70647"},{"taxonomy":"post_tag","embeddable":true,"href":"https:\/\/www.enerjigazetesi.ist\/en\/wp-json\/wp\/v2\/tags?post=70647"}],"curies":[{"name":"wp","href":"https:\/\/api.w.org\/{rel}","templated":true}]}}