{"id":70633,"date":"2018-01-09T17:28:20","date_gmt":"2018-01-09T14:28:20","guid":{"rendered":"https:\/\/www.enerjigazetesi.ist\/?p=70633"},"modified":"2018-01-09T17:29:31","modified_gmt":"2018-01-09T14:29:31","slug":"enerji-tasarrufu-icin-pasif-evleri-yayginlastirmaliyiz","status":"publish","type":"post","link":"https:\/\/www.enerjigazetesi.ist\/en\/enerji-tasarrufu-icin-pasif-evleri-yayginlastirmaliyiz\/","title":{"rendered":"(Turkish) Enerji Tasarrufu \u0130\u00e7in Pasif Evleri Yayg\u0131nla\u015ft\u0131rmal\u0131y\u0131z"},"content":{"rendered":"<p class=\"qtranxs-available-languages-message qtranxs-available-languages-message-en\">Sorry, this entry is only available in <a href=\"https:\/\/www.enerjigazetesi.ist\/tr\/wp-json\/wp\/v2\/posts\/70633\" class=\"qtranxs-available-language-link qtranxs-available-language-link-tr\" title=\"Turkish\">Turkish<\/a>. For the sake of viewer convenience, the content is shown below in the alternative language. You may click the link to switch the active language.<\/p><p><strong>Artan enerji ihtiyac\u0131 ve enerji kaynaklar\u0131n\u0131n bilin\u00e7siz kullan\u0131m\u0131, d\u00fcnyam\u0131z ve gelece\u011fimiz i\u00e7in ciddi bir tehlike olu\u015fturuyor. Bu duruma dikkat \u00e7ekmek i\u00e7in de \u00fclkemizde her y\u0131l Ocak ay\u0131n\u0131n ikinci haftas\u0131 \u2018Enerji Tasarrufu Haftas\u0131\u2019 olarak kutlan\u0131yor.<\/strong><\/p>\n<p>\u00dcretti\u011fi \u00fcr\u00fcnlerle t\u00fcm d\u00fcnyada \u0131s\u0131 yal\u0131t\u0131m\u0131 alan\u0131nda enerji tasarrufu sa\u011flayan <strong>Austrotherm<\/strong>\u2019in <strong>T\u00fcrkiye Pazarlama ve \u0130\u015f Geli\u015ftirme M\u00fcd\u00fcr\u00fc Tolga Celayer<\/strong> konuyla ilgili \u015fu a\u00e7\u0131klamalarda <img loading=\"lazy\" class=\"alignleft size-medium wp-image-70634\" src=\"https:\/\/www.enerjigazetesi.ist\/wp-content\/uploads\/2018\/01\/enerji-tasarrufu-icin-pasif-evleri-yayginlastirmaliyiz-300x200.jpg\" alt=\"\" width=\"300\" height=\"200\" srcset=\"https:\/\/www.enerjigazetesi.ist\/wp-content\/uploads\/2018\/01\/enerji-tasarrufu-icin-pasif-evleri-yayginlastirmaliyiz-300x200.jpg 300w, https:\/\/www.enerjigazetesi.ist\/wp-content\/uploads\/2018\/01\/enerji-tasarrufu-icin-pasif-evleri-yayginlastirmaliyiz-500x333.jpg 500w, https:\/\/www.enerjigazetesi.ist\/wp-content\/uploads\/2018\/01\/enerji-tasarrufu-icin-pasif-evleri-yayginlastirmaliyiz-75x50.jpg 75w, https:\/\/www.enerjigazetesi.ist\/wp-content\/uploads\/2018\/01\/enerji-tasarrufu-icin-pasif-evleri-yayginlastirmaliyiz.jpg 696w\" sizes=\"(max-width: 300px) 100vw, 300px\" \/>bulundu. T\u00fcrkiye gibi enerji ihtiyac\u0131n\u0131n %75\u2019ini ithal eden bir \u00fclke i\u00e7in enerji tasarrufu \u00e7ok \u00f6nemli bir konu. 2016\u2019da enerji ithalat\u0131 i\u00e7in 27 milyar dolar harcad\u0131k ve ithal etti\u011fimiz enerjinin %35\u2019ini yani 9.5 milyar dolar\u0131n\u0131 binalarda kulland\u0131k. Bu \u00e7ok ciddi bir oran.<\/p>\n<p>T\u00fcrkiye\u2019de yakla\u015f\u0131k 20 milyon bina olmas\u0131na ra\u011fmen, bunun 16 milyona yak\u0131n\u0131nda \u0131s\u0131 yal\u0131t\u0131m\u0131 olmad\u0131\u011f\u0131na dikkat \u00e7eken <strong>Celayer,<\/strong> \u201cVerilere g\u00f6re, yal\u0131t\u0131ms\u0131z binalarda metrekare ba\u015f\u0131na y\u0131ll\u0131k \u0131s\u0131nma harcamas\u0131, Almanya\u2019ya oranla T\u00fcrkiye\u2019de \u00fc\u00e7 kat daha fazla. Yeni kanunlar ve konut sakinlerinin bu konuda bilin\u00e7lenmesi ile bu oran\u0131 azaltmam\u0131z gerekiyor. Is\u0131 yal\u0131t\u0131m\u0131 ile binalardaki enerji kayb\u0131n\u0131n %40-50\u2019sini engelleyebilir, y\u0131ll\u0131k \u0131s\u0131nma giderlerimizde ciddi miktarda tasarruf edebiliriz. Ayr\u0131ca, enerji tasarruflu binalardan ba\u015fka, enerji verimli \u0131s\u0131tma ve so\u011futma yapmak da \u00e7ok \u00f6nemli\u201d dedi.<\/p>\n<p><strong>\u2018Faturalar\u0131 y\u00fczde 40 d\u00fc\u015f\u00fcrmenin yolu: Is\u0131 yal\u0131t\u0131m\u2019<\/strong><\/p>\n<p>Is\u0131 yal\u0131t\u0131m\u0131 konusunda sadece kentsel d\u00f6n\u00fc\u015f\u00fcm s\u00fcrecinde olan ki\u015filerin de\u011fil, hali haz\u0131rda \u0131s\u0131 yal\u0131t\u0131ms\u0131z evlerde ya\u015fayan konut sakinlerinin de bu konuya \u00f6ncelik vermesi gerekti\u011fine de\u011finen<strong> Pazarlama ve \u0130\u015f Geli\u015ftirme M\u00fcd\u00fcr\u00fc Tolga Celayer<\/strong>, yal\u0131t\u0131m\u0131n d\u00fczg\u00fcn ve kaliteli bir \u015fekilde yap\u0131lm\u0131\u015f olmas\u0131ndan emin olunmas\u0131 durumunda, bunun yans\u0131mas\u0131n\u0131 faturalarda ciddi \u015fekilde g\u00f6rebilece\u011fini ve y\u0131lda %40 oran\u0131nda az fatura \u00f6denebilece\u011fini belirtti.<\/p>\n<p><strong>\u2018Pasif evlere odaklanmal\u0131y\u0131z\u2019<\/strong><\/p>\n<p>\u2018Art\u0131k pasif evlere odaklanmal\u0131, \u00f6rneklerini h\u0131zla \u00e7o\u011faltmal\u0131y\u0131z\u2019 diyen <strong>Celayer<\/strong>, \u201c<strong>S\u0131f\u0131r Enerji ve Pasif Ev Derne\u011fi (SEPEV) <\/strong>taraf\u0131ndan Ankara Etimesgut\u2019ta hayata ge\u00e7irilen, Astrotherm\u2019in ana \u0131s\u0131 yal\u0131t\u0131m \u00fcr\u00fcnleriyle ana sponsoru oldu\u011fu <strong>T\u00fcrkiye\u2019nin ilk Pasif Evi<\/strong>, kulland\u0131\u011f\u0131 enerji miktar\u0131yla g\u00fcn\u00fcm\u00fcz konutlar\u0131na oranla \u0131s\u0131tma ve so\u011futmada y\u00fczde 90\u2019a yak\u0131n enerji verimli olarak tasarland\u0131. T\u00fcm \u0131s\u0131 yal\u0131t\u0131m\u0131n\u0131 \u00fcstlendi\u011fimiz Pasif Ev\u2019in <strong>uygulamas\u0131nda kullan\u0131lan Austrotherm EPS Plus, i\u00e7erdi\u011fi grafit katk\u0131 sayesinde g\u00fcne\u015f \u0131\u015f\u0131nlar\u0131n\u0131 hem emerek hem de yans\u0131tarak \u0131s\u0131 yal\u0131t\u0131m\u0131 sa\u011flad\u0131. \u00dclkemizde pasif ev maalesef uzak bir kavram gibi alg\u0131lan\u0131yor olsa da, gecikmeden \u00f6rneklerini \u00e7o\u011faltmal\u0131, sekt\u00f6r olarak pasif evleri yayg\u0131nla\u015ft\u0131rmal\u0131y\u0131z\u2019 dedi. <\/strong><\/p>\n<p><strong>Austrotherm Bilin\u00e7lendirme Projesi: Sekt\u00f6rde bir ilk olan AustroTALK<\/strong><\/p>\n<p>Son t\u00fcketicinin enerji tasarrufu konusunda s\u00fcrekli bilgilendirilmesinin \u00f6nemine dikkat \u00e7eken <strong>Austrotherm Pazarlama ve \u0130\u015f Geli\u015ftirme M\u00fcd\u00fcr\u00fc Tolga Celayer<\/strong> \u201cBu yakla\u015f\u0131mla, yal\u0131t\u0131m sekt\u00f6r\u00fcnde bir ilk olarak, AustroTALK ba\u015fl\u0131\u011f\u0131 alt\u0131nda ayda iki kez canl\u0131 webinar\u2019lar ger\u00e7ekle\u015ftiriyoruz. Kat\u0131l\u0131mc\u0131lar\u0131n bilgisayar ekran\u0131 ba\u015f\u0131ndan veya telefon ya da tabletlerinden kolayca kat\u0131labilece\u011fi ve sorular\u0131n\u0131 da online ortamda sorabildi\u011fi AustroTALK\u2019larda, konusunda uzman konuklar\u0131m\u0131z \u0131s\u0131 yal\u0131t\u0131m\u0131, mantolama, enerji kimlik belgesi gibi \u00f6nemli konularda bilgi payla\u015f\u0131m\u0131nda bulunuyorlar. Sekt\u00f6rde benzeri olmayan bu uygulama i\u00e7in web sitemiz \u00fczerinden herkes kat\u0131l\u0131mc\u0131 olarak ba\u015fvurabilir, telefon ve tabletlerinizden kat\u0131lmak i\u00e7in ise IOS ve Android tabanl\u0131 telefonlar\u0131n\u0131za Adobe Connect uygulamas\u0131n\u0131 indirerek her yerden AustroTALK\u2019lara ba\u011flanabilir, takip edebilirler\u201d dedi.<\/p>\n<p><strong>\u2018Mantolamada 3 yeni \u0131s\u0131 yal\u0131t\u0131m levhas\u0131 se\u00e7ene\u011fi\u2019 <\/strong><\/p>\n<p>Austrotherm, 2017 y\u0131l\u0131nda sekt\u00f6re, \u0131s\u0131 kay\u0131plar\u0131n\u0131 ve y\u00fcksek yak\u0131t giderlerini minimuma indiren yeni \u00fcr\u00fcnler sundu. Pazar\u0131n talep ve beklentilerine g\u00f6re geli\u015ftirilen <strong>Austrotherm EPS PREMIUM,<\/strong> <strong>Austrotherm EPS PLUS <\/strong>ve<strong> Austrotherm EPS FASSADE <\/strong>\u00fcr\u00fcnlerinden olu\u015fan yeni serisi ile marka, mantolamada istenen \u00f6zelliklere g\u00f6re \u00fcr\u00fcn se\u00e7me imkan\u0131n\u0131 m\u00fcmk\u00fcn k\u0131ld\u0131<\/p>","protected":false},"excerpt":{"rendered":"<p>Sorry, this entry is only available in Turkish. For the sake of viewer convenience, the content is shown below in the alternative language. You may click the link to switch the active language.Artan enerji ihtiyac\u0131 ve enerji kaynaklar\u0131n\u0131n bilin\u00e7siz kullan\u0131m\u0131, d\u00fcnyam\u0131z ve gelece\u011fimiz i\u00e7in ciddi bir tehlike olu\u015fturuyor. Bu duruma dikkat \u00e7ekmek i\u00e7in de \u00fclkemizde [&hellip;]<\/p>\n","protected":false},"author":1,"featured_media":70634,"comment_status":"open","ping_status":"open","sticky":false,"template":"","format":"standard","meta":[],"categories":[53,52],"tags":[36502,67,1009,26559,380,7519,36503,793],"views":933,"_links":{"self":[{"href":"https:\/\/www.enerjigazetesi.ist\/en\/wp-json\/wp\/v2\/posts\/70633"}],"collection":[{"href":"https:\/\/www.enerjigazetesi.ist\/en\/wp-json\/wp\/v2\/posts"}],"about":[{"href":"https:\/\/www.enerjigazetesi.ist\/en\/wp-json\/wp\/v2\/types\/post"}],"author":[{"embeddable":true,"href":"https:\/\/www.enerjigazetesi.ist\/en\/wp-json\/wp\/v2\/users\/1"}],"replies":[{"embeddable":true,"href":"https:\/\/www.enerjigazetesi.ist\/en\/wp-json\/wp\/v2\/comments?post=70633"}],"version-history":[{"count":1,"href":"https:\/\/www.enerjigazetesi.ist\/en\/wp-json\/wp\/v2\/posts\/70633\/revisions"}],"predecessor-version":[{"id":70635,"href":"https:\/\/www.enerjigazetesi.ist\/en\/wp-json\/wp\/v2\/posts\/70633\/revisions\/70635"}],"wp:featuredmedia":[{"embeddable":true,"href":"https:\/\/www.enerjigazetesi.ist\/en\/wp-json\/wp\/v2\/media\/70634"}],"wp:attachment":[{"href":"https:\/\/www.enerjigazetesi.ist\/en\/wp-json\/wp\/v2\/media?parent=70633"}],"wp:term":[{"taxonomy":"category","embeddable":true,"href":"https:\/\/www.enerjigazetesi.ist\/en\/wp-json\/wp\/v2\/categories?post=70633"},{"taxonomy":"post_tag","embeddable":true,"href":"https:\/\/www.enerjigazetesi.ist\/en\/wp-json\/wp\/v2\/tags?post=70633"}],"curies":[{"name":"wp","href":"https:\/\/api.w.org\/{rel}","templated":true}]}}