{"id":70583,"date":"2018-01-08T10:48:12","date_gmt":"2018-01-08T07:48:12","guid":{"rendered":"https:\/\/www.enerjigazetesi.ist\/?p=70583"},"modified":"2018-01-08T10:48:12","modified_gmt":"2018-01-08T07:48:12","slug":"elektrik-ve-dogalgaz-faturalarina-yeni-detaylar-ilave-edilecek","status":"publish","type":"post","link":"https:\/\/www.enerjigazetesi.ist\/en\/elektrik-ve-dogalgaz-faturalarina-yeni-detaylar-ilave-edilecek\/","title":{"rendered":"(Turkish) Elektrik ve Do\u011falgaz Faturalar\u0131na Yeni Detaylar \u0130lave Edilecek"},"content":{"rendered":"<p class=\"qtranxs-available-languages-message qtranxs-available-languages-message-en\">Sorry, this entry is only available in <a href=\"https:\/\/www.enerjigazetesi.ist\/tr\/wp-json\/wp\/v2\/posts\/70583\" class=\"qtranxs-available-language-link qtranxs-available-language-link-tr\" title=\"Turkish\">Turkish<\/a>. For the sake of viewer convenience, the content is shown below in the alternative language. You may click the link to switch the active language.<\/p><p><strong>Ulusal Enerji Verimlili\u011fi Eylem Plan\u0131 kapsam\u0131nda t\u00fcketicilerin bilin\u00e7lendirilmesi ve daha \u00f6nceki t\u00fcketimleriyle <img loading=\"lazy\" class=\"alignleft size-medium wp-image-42713\" src=\"https:\/\/www.enerjigazetesi.ist\/wp-content\/uploads\/2015\/08\/evde-dogalgazdan-elektrik-uretmek-mumkun-olabilir-300x165.jpg\" alt=\"\" width=\"300\" height=\"165\" srcset=\"https:\/\/www.enerjigazetesi.ist\/wp-content\/uploads\/2015\/08\/evde-dogalgazdan-elektrik-uretmek-mumkun-olabilir-300x165.jpg 300w, https:\/\/www.enerjigazetesi.ist\/wp-content\/uploads\/2015\/08\/evde-dogalgazdan-elektrik-uretmek-mumkun-olabilir-500x276.jpg 500w, https:\/\/www.enerjigazetesi.ist\/wp-content\/uploads\/2015\/08\/evde-dogalgazdan-elektrik-uretmek-mumkun-olabilir-80x44.jpg 80w, https:\/\/www.enerjigazetesi.ist\/wp-content\/uploads\/2015\/08\/evde-dogalgazdan-elektrik-uretmek-mumkun-olabilir.jpg 696w\" sizes=\"(max-width: 300px) 100vw, 300px\" \/>k\u0131yaslama yaparak enerji tasarrufu sa\u011flamalar\u0131 amac\u0131yla elektrik ve do\u011falgaz faturalar\u0131na yeni detaylar eklenecek.<\/strong><\/p>\n<p>T\u00fcketicilerin bilin\u00e7lendirilmesi ve daha \u00f6nceki t\u00fcketimleriyle k\u0131yaslama yaparak enerji tasarrufu sa\u011flamalar\u0131 amac\u0131yla, elektrik ve do\u011falgaz faturalar\u0131na yeni detaylar eklenecek. T\u00fcketicilerin verimli olmayan al\u0131\u015fkanl\u0131klar\u0131ndan ka\u00e7\u0131nmas\u0131, enerji verimlili\u011fi iyile\u015ftirme \u00f6nlemleri, enerji t\u00fcketen ekipmanlar\u0131n tasarruf olanaklar\u0131 hakk\u0131nda bilgiler i\u00e7eren bir uygulama, mevzuat geli\u015ftirilip enerji tedarik \u015firketleriyle i\u015f birli\u011fi i\u00e7inde hayata ge\u00e7irilecek.<\/p>\n<p>B\u00f6ylece olu\u015fturulan ortak bir formatla faturalarda t\u00fcketimle ilgili temel istatistiklere yer verilecek, kullan\u0131m al\u0131\u015fkanl\u0131klar\u0131 analiz edilerek uyar\u0131lar yap\u0131labilecek.<\/p>","protected":false},"excerpt":{"rendered":"<p>Sorry, this entry is only available in Turkish. For the sake of viewer convenience, the content is shown below in the alternative language. You may click the link to switch the active language.Ulusal Enerji Verimlili\u011fi Eylem Plan\u0131 kapsam\u0131nda t\u00fcketicilerin bilin\u00e7lendirilmesi ve daha \u00f6nceki t\u00fcketimleriyle k\u0131yaslama yaparak enerji tasarrufu sa\u011flamalar\u0131 amac\u0131yla elektrik ve do\u011falgaz faturalar\u0131na yeni [&hellip;]<\/p>\n","protected":false},"author":1,"featured_media":40298,"comment_status":"open","ping_status":"open","sticky":false,"template":"","format":"standard","meta":[],"categories":[46,51,53],"tags":[1128,1251,34979,1229,67,1009,988,103,1972,12,24245,793,508],"views":902,"_links":{"self":[{"href":"https:\/\/www.enerjigazetesi.ist\/en\/wp-json\/wp\/v2\/posts\/70583"}],"collection":[{"href":"https:\/\/www.enerjigazetesi.ist\/en\/wp-json\/wp\/v2\/posts"}],"about":[{"href":"https:\/\/www.enerjigazetesi.ist\/en\/wp-json\/wp\/v2\/types\/post"}],"author":[{"embeddable":true,"href":"https:\/\/www.enerjigazetesi.ist\/en\/wp-json\/wp\/v2\/users\/1"}],"replies":[{"embeddable":true,"href":"https:\/\/www.enerjigazetesi.ist\/en\/wp-json\/wp\/v2\/comments?post=70583"}],"version-history":[{"count":1,"href":"https:\/\/www.enerjigazetesi.ist\/en\/wp-json\/wp\/v2\/posts\/70583\/revisions"}],"predecessor-version":[{"id":70584,"href":"https:\/\/www.enerjigazetesi.ist\/en\/wp-json\/wp\/v2\/posts\/70583\/revisions\/70584"}],"wp:featuredmedia":[{"embeddable":true,"href":"https:\/\/www.enerjigazetesi.ist\/en\/wp-json\/wp\/v2\/media\/40298"}],"wp:attachment":[{"href":"https:\/\/www.enerjigazetesi.ist\/en\/wp-json\/wp\/v2\/media?parent=70583"}],"wp:term":[{"taxonomy":"category","embeddable":true,"href":"https:\/\/www.enerjigazetesi.ist\/en\/wp-json\/wp\/v2\/categories?post=70583"},{"taxonomy":"post_tag","embeddable":true,"href":"https:\/\/www.enerjigazetesi.ist\/en\/wp-json\/wp\/v2\/tags?post=70583"}],"curies":[{"name":"wp","href":"https:\/\/api.w.org\/{rel}","templated":true}]}}