{"id":70580,"date":"2018-01-07T22:29:41","date_gmt":"2018-01-07T19:29:41","guid":{"rendered":"https:\/\/www.enerjigazetesi.ist\/?p=70580"},"modified":"2018-01-07T22:30:20","modified_gmt":"2018-01-07T19:30:20","slug":"profesyonel-enerji-yonetimi-icin-enerji-pro","status":"publish","type":"post","link":"https:\/\/www.enerjigazetesi.ist\/en\/profesyonel-enerji-yonetimi-icin-enerji-pro\/","title":{"rendered":"(Turkish) Profesyonel Enerji Y\u00f6netimi \u0130\u00e7in: Enerji.Pro"},"content":{"rendered":"<p class=\"qtranxs-available-languages-message qtranxs-available-languages-message-en\">Sorry, this entry is only available in <a href=\"https:\/\/www.enerjigazetesi.ist\/tr\/wp-json\/wp\/v2\/posts\/70580\" class=\"qtranxs-available-language-link qtranxs-available-language-link-tr\" title=\"Turkish\">Turkish<\/a>. For the sake of viewer convenience, the content is shown below in the alternative language. You may click the link to switch the active language.<\/p><p><strong>Tamamen enerji verimlili\u011fine y\u00f6nelik faaliyet g\u00f6steren ve sekt\u00f6r\u00fcnde bir\u00e7ok yenili\u011fe imza atan BEST Enerji Y\u00f6netimi, m\u00fc\u015fterilerinin enerji y\u00f6netimi \u00e7al\u0131\u015fmalar\u0131n\u0131 bir \u00fcst seviyeye ta\u015f\u0131mak i\u00e7in, \u201cProfesyonel Enerji Y\u00f6netimi\u201d anlam\u0131na gelen <u>Enerji.Pro Enerji \u0130zleme ve Enerji Y\u00f6netimi yaz\u0131l\u0131m\u0131n\u0131<\/u> piyasaya s\u00fcrd\u00fc.<\/strong><\/p>\n<p>\u201cEnerjiyi Y\u00f6netmek, Enerjiyi \u0130zlemek ile Ba\u015flar\u201d slogan\u0131yla piyasaya s\u00fcr\u00fclen Enerji.Pro, tesislere kurulan enerji analiz\u00f6rleri, saya\u00e7lar ve sens\u00f6rlerden gelen anl\u0131k verileri analiz ederek, g\u00f6rsel grafiklerle <img loading=\"lazy\" class=\"alignright size-medium wp-image-70581\" src=\"https:\/\/www.enerjigazetesi.ist\/wp-content\/uploads\/2018\/01\/profesyonel-enerji-yonetimi-icin-enerji-pro-300x150.jpg\" alt=\"\" width=\"300\" height=\"150\" srcset=\"https:\/\/www.enerjigazetesi.ist\/wp-content\/uploads\/2018\/01\/profesyonel-enerji-yonetimi-icin-enerji-pro-300x150.jpg 300w, https:\/\/www.enerjigazetesi.ist\/wp-content\/uploads\/2018\/01\/profesyonel-enerji-yonetimi-icin-enerji-pro-768x383.jpg 768w, https:\/\/www.enerjigazetesi.ist\/wp-content\/uploads\/2018\/01\/profesyonel-enerji-yonetimi-icin-enerji-pro-500x249.jpg 500w, https:\/\/www.enerjigazetesi.ist\/wp-content\/uploads\/2018\/01\/profesyonel-enerji-yonetimi-icin-enerji-pro-80x40.jpg 80w, https:\/\/www.enerjigazetesi.ist\/wp-content\/uploads\/2018\/01\/profesyonel-enerji-yonetimi-icin-enerji-pro.jpg 946w\" sizes=\"(max-width: 300px) 100vw, 300px\" \/>anla\u015f\u0131labilir hale getiriyor. B\u00f6ylece anl\u0131k enerji t\u00fcketim takibi yap\u0131lmas\u0131n\u0131n yan\u0131 s\u0131ra, veriler d\u00fczenli kay\u0131t edilmekte ve \u00e7e\u015fitli analizlerle tesisin t\u00fcketim profili ortaya \u00e7\u0131kar\u0131lmaktad\u0131r.<\/p>\n<p>Enerji.Pro, bir\u00e7ok \u00f6zellikli mod\u00fcl\u00fc bir arada bulunduruyor. Bunlardan ba\u015fl\u0131calar\u0131;<\/p>\n<p><strong>&#8211; Anl\u0131k Veri Mod\u00fcl\u00fc:<\/strong> Temel mod\u00fcld\u00fcr. Tesisin toplam y\u00fck\u00fcn\u00fc ve ak\u0131m, gerilim, frekans ve g\u00fc\u00e7 fakt\u00f6r\u00fc de\u011ferlerini ve ayr\u0131ca tesis i\u00e7erisindeki y\u00fck da\u011f\u0131l\u0131m\u0131n\u0131 anl\u0131k olarak g\u00f6stermektedir.<\/p>\n<p><strong>&#8211; T\u00fcketim Analizi Mod\u00fcl\u00fc:<\/strong> Temel mod\u00fcld\u00fcr. Se\u00e7ilen tarih aral\u0131klar\u0131ndaki enerji t\u00fcketimini, reaktif oranlar\u0131n\u0131, enerji maliyetini istenilen s\u0131kl\u0131kta (saatlik, g\u00fcnl\u00fck, ayl\u0131k) g\u00f6stermektedir. Bu mod\u00fclde her bir noktan\u0131n enerji t\u00fcketimi ayr\u0131 ayr\u0131 g\u00f6z\u00fckebilmektedir.<\/p>\n<p><strong>&#8211; Performans Analizi Mod\u00fcl\u00fc:<\/strong> Tesisin enerji performans\u0131n\u0131 ve detayl\u0131 t\u00fcketim analizlerini i\u00e7eren mod\u00fcld\u00fcr. Burada tesisin a\u00e7\u0131k\/kapal\u0131 oldu\u011fu saatlerdeki, hafta i\u00e7i\/hafta sonu t\u00fcketim oranlar\u0131, iklim \u015fartlar\u0131na g\u00f6re, metrekareye g\u00f6re enerji t\u00fcketimi, t\u00fcketim hedefi, g\u00fcnl\u00fck\/haftal\u0131k\/ayl\u0131k t\u00fcketim kar\u015f\u0131la\u015ft\u0131rmalar\u0131 ve daha bir\u00e7ok analiz yap\u0131labilmektedir.<\/p>\n<p><strong>&#8211; Kalite Analizi Mod\u00fcl\u00fc:<\/strong> Elektrik enerjisi kalitesine y\u00f6nelik, End\u00fcktif ve kapasitif t\u00fcketim, harmonikler, g\u00fc\u00e7 fakt\u00f6r\u00fc, gerilim seviyesi, faz dengesi, frekans de\u011ferlerinin kontrol\u00fcn\u00fc sa\u011flayan mod\u00fcld\u00fcr.<\/p>\n<p><strong>&#8211; Fatura Analizi Mod\u00fcl\u00fc:<\/strong> Tesisin elektrik t\u00fcketim karakteristi\u011fine g\u00f6re en do\u011fru tarifeyi ve abone grubunu se\u00e7ilmesine yard\u0131mc\u0131 olan mod\u00fcld\u00fcr. Bu mod\u00fcl ile \u00f6zel elektrik tedarik\u00e7ilerinden online indirimli elektrik teklifi al\u0131nabilmektedir.<\/p>\n<p><strong>&#8211; Otomatik Raporlama Mod\u00fcl\u00fc:<\/strong> Yukar\u0131da bahsedilen mod\u00fcllerin \u00f6zetini i\u00e7eren, PDF format\u0131nda haftal\u0131k, ayl\u0131k raporlar \u00e7ekilmesini sa\u011flayan otomatik raporlama mod\u00fcl\u00fcd\u00fcr.<\/p>\n<p><strong>&#8211; Alarm Y\u00f6netimi Mod\u00fcl\u00fc:<\/strong> \u0130stenmeyen (beklenmedik t\u00fcketim, a\u015f\u0131r\u0131 y\u00fck, reaktif art\u0131\u015f\u0131, gerilim d\u00fc\u015f\u00fcm\u00fc, harmonik bozulmalar vb.) durumlarda yaz\u0131l\u0131m\u0131n sms y\u00e2da e-posta ile haber vermesini sa\u011flayan mod\u00fcld\u00fcr. Bu mod\u00fclde ayr\u0131ca g\u00fcnl\u00fck, haftal\u0131k ve ayl\u0131k bilgilendirme e-postalar\u0131 da al\u0131nabilmektedir.<\/p>\n<p><strong>&#8211; Portf\u00f6y Y\u00f6netimi:<\/strong> Birden \u00e7ok tesisi bulunan i\u015fletmelerde, t\u00fcm tesislerini y\u00f6netebilece\u011fi, tesisleri birbirleri ile k\u0131yaslayabilece\u011fi mod\u00fcld\u00fcr.<\/p>\n<p>Uzman Enerji y\u00f6neticileri dan\u0131\u015fmanl\u0131\u011f\u0131nda geli\u015ftirilen Enerji.Pro, piyasadaki skada yaz\u0131l\u0131mlar\u0131n\u0131n anla\u015f\u0131lmaz s\u0131k\u0131c\u0131 detaylar\u0131ndan ve standart enerji izleme yaz\u0131l\u0131mlar\u0131n\u0131n basitli\u011finden s\u0131yr\u0131larak ihtiya\u00e7 duyulan analiz ve bilgileri kolay anla\u015f\u0131l\u0131r g\u00f6rsel grafiklerle kullan\u0131c\u0131ya sunmaktad\u0131r. Yaz\u0131l\u0131m\u0131n amac\u0131 enerjiyi sadece izlemek de\u011fil enerjiyi y\u00f6netmektir. Bu nedenle tesiste istenilen her noktan\u0131n enerji t\u00fcketim takibi yap\u0131lmakta, enerji kalite ve performans analizleri yap\u0131labilmektedir. \u0130stenmeyen durumlara kar\u015f\u0131 olu\u015fturulan otomatik alarmlar ile\u00a0 sorunlar olu\u015fmadan \u00f6nlem al\u0131nabilmektedir. Enerji.pro, ayr\u0131ca tesisin elektrik abone grubunun tarife detaylar\u0131n\u0131 analiz ederek di\u011fer tarifelerle kar\u015f\u0131la\u015ft\u0131rmakta, tesis i\u00e7in en uygun tarifeyi bulmaktad\u0131r. \u0130stenildi\u011finde tesisin saatlik enerji t\u00fcketim verileri, se\u00e7ilen \u00f6zel tedarik\u00e7ilerle payla\u015f\u0131lmakta ve tesis i\u00e7in en uygun teklifin al\u0131nmas\u0131 sa\u011flanmaktad\u0131r.<\/p>\n<p>Enerji.pro, tek ba\u015f\u0131na enerji tasarrufu sa\u011flamamas\u0131na kar\u015f\u0131n, d\u00fczenli ve dikkatli kullan\u0131lmas\u0131 halinde verimsiz sistemlerin, zamans\u0131z\/gereksiz \u00e7al\u0131\u015fan ve gizli enerji t\u00fcketen sistemlerin, tesis i\u00e7erisinde y\u00fck da\u011f\u0131l\u0131m\u0131n\u0131n, voltaj dalgalanmalar\u0131n\u0131n, reaktif oranlar\u0131n\u0131n, harmonik seviyesinin, frekans dalgalanmas\u0131n\u0131n, pik y\u00fcklerin tespit edilmesine yard\u0131mc\u0131 olmaktad\u0131r. Sistemin d\u00fczenli ve do\u011fru kullan\u0131lmas\u0131 ile standart bir tesiste ortalama %15\u2019e kadar tasarruf sa\u011flanmas\u0131 beklenmektedir.<\/p>\n<p>T\u00fcm bu \u00f6zellikleri bar\u0131nd\u0131ran yaz\u0131l\u0131m, 50 \u20ac\u2019dan ba\u015flayan ayl\u0131k yaz\u0131l\u0131m kiralama maliyeti ile i\u015fletmelere ekonomik bir \u00e7\u00f6z\u00fcm sunuyor.<\/p>\n<p>Daha Detayl\u0131 Bilgi \u0130\u00e7in <a href=\"http:\/\/www.enerji.pro\">www.enerji.pro<\/a> adresini ziyaret edebilirsiniz.<\/p>","protected":false},"excerpt":{"rendered":"<p>Sorry, this entry is only available in Turkish. For the sake of viewer convenience, the content is shown below in the alternative language. You may click the link to switch the active language.Tamamen enerji verimlili\u011fine y\u00f6nelik faaliyet g\u00f6steren ve sekt\u00f6r\u00fcnde bir\u00e7ok yenili\u011fe imza atan BEST Enerji Y\u00f6netimi, m\u00fc\u015fterilerinin enerji y\u00f6netimi \u00e7al\u0131\u015fmalar\u0131n\u0131 bir \u00fcst seviyeye ta\u015f\u0131mak [&hellip;]<\/p>\n","protected":false},"author":1,"featured_media":70581,"comment_status":"open","ping_status":"open","sticky":false,"template":"","format":"standard","meta":[],"categories":[51,53],"tags":[36487,36486,67,1009,36490,36488,154,36489,36485],"views":979,"_links":{"self":[{"href":"https:\/\/www.enerjigazetesi.ist\/en\/wp-json\/wp\/v2\/posts\/70580"}],"collection":[{"href":"https:\/\/www.enerjigazetesi.ist\/en\/wp-json\/wp\/v2\/posts"}],"about":[{"href":"https:\/\/www.enerjigazetesi.ist\/en\/wp-json\/wp\/v2\/types\/post"}],"author":[{"embeddable":true,"href":"https:\/\/www.enerjigazetesi.ist\/en\/wp-json\/wp\/v2\/users\/1"}],"replies":[{"embeddable":true,"href":"https:\/\/www.enerjigazetesi.ist\/en\/wp-json\/wp\/v2\/comments?post=70580"}],"version-history":[{"count":1,"href":"https:\/\/www.enerjigazetesi.ist\/en\/wp-json\/wp\/v2\/posts\/70580\/revisions"}],"predecessor-version":[{"id":70582,"href":"https:\/\/www.enerjigazetesi.ist\/en\/wp-json\/wp\/v2\/posts\/70580\/revisions\/70582"}],"wp:featuredmedia":[{"embeddable":true,"href":"https:\/\/www.enerjigazetesi.ist\/en\/wp-json\/wp\/v2\/media\/70581"}],"wp:attachment":[{"href":"https:\/\/www.enerjigazetesi.ist\/en\/wp-json\/wp\/v2\/media?parent=70580"}],"wp:term":[{"taxonomy":"category","embeddable":true,"href":"https:\/\/www.enerjigazetesi.ist\/en\/wp-json\/wp\/v2\/categories?post=70580"},{"taxonomy":"post_tag","embeddable":true,"href":"https:\/\/www.enerjigazetesi.ist\/en\/wp-json\/wp\/v2\/tags?post=70580"}],"curies":[{"name":"wp","href":"https:\/\/api.w.org\/{rel}","templated":true}]}}