{"id":70569,"date":"2018-01-07T21:46:44","date_gmt":"2018-01-07T18:46:44","guid":{"rendered":"https:\/\/www.enerjigazetesi.ist\/?p=70569"},"modified":"2018-01-07T21:46:44","modified_gmt":"2018-01-07T18:46:44","slug":"suudi-arabistan-ve-amerika-nukleer-gorusmelere-baslayacak","status":"publish","type":"post","link":"https:\/\/www.enerjigazetesi.ist\/en\/suudi-arabistan-ve-amerika-nukleer-gorusmelere-baslayacak\/","title":{"rendered":"(Turkish) Suudi Arabistan ve Amerika N\u00fckleer G\u00f6r\u00fc\u015fmelere Ba\u015flayacak"},"content":{"rendered":"<p class=\"qtranxs-available-languages-message qtranxs-available-languages-message-en\">Sorry, this entry is only available in <a href=\"https:\/\/www.enerjigazetesi.ist\/tr\/wp-json\/wp\/v2\/posts\/70569\" class=\"qtranxs-available-language-link qtranxs-available-language-link-tr\" title=\"Turkish\">Turkish<\/a>. For the sake of viewer convenience, the content is shown below in the alternative language. You may click the link to switch the active language.<\/p><p><strong>Enerji bakan\u0131 Khalid al-Falih, Reuters\u2019a verdi\u011fi r\u00f6portajda \u2018\u2019Bu anla\u015fma Amerikal\u0131 in\u015faat\u00a0\u015firketlerinin,2018 y\u0131l\u0131 itibariyle iki n\u00fckleer reakt\u00f6r in\u015faat\u0131 i\u00e7in teklif vermesine olanak sa\u011flayacak\u2019\u2019 dedi.<\/strong><\/p>\n<p>Suudi Arabistan\u2019\u0131n enerji ihtiyac\u0131n\u0131 petrole ba\u011f\u0131ml\u0131 olmaktan kurtarmak ve enerji \u00fcretimini \u00e7e\u015fitlendirmek i\u00e7in yapt\u0131\u011f\u0131 bu n\u00fckleer proje, ilk olarak eyl\u00fcl ay\u0131nda a\u00e7\u0131klanm\u0131\u015ft\u0131.Suudi Arabistan\u2019\u0131n <img loading=\"lazy\" class=\"alignright size-medium wp-image-70570\" src=\"https:\/\/www.enerjigazetesi.ist\/wp-content\/uploads\/2018\/01\/suudi-arabistan-ve-amerika-nukleer-gorusmelere-baslayacak-300x198.jpg\" alt=\"\" width=\"300\" height=\"198\" srcset=\"https:\/\/www.enerjigazetesi.ist\/wp-content\/uploads\/2018\/01\/suudi-arabistan-ve-amerika-nukleer-gorusmelere-baslayacak-300x198.jpg 300w, https:\/\/www.enerjigazetesi.ist\/wp-content\/uploads\/2018\/01\/suudi-arabistan-ve-amerika-nukleer-gorusmelere-baslayacak-500x330.jpg 500w, https:\/\/www.enerjigazetesi.ist\/wp-content\/uploads\/2018\/01\/suudi-arabistan-ve-amerika-nukleer-gorusmelere-baslayacak-76x50.jpg 76w, https:\/\/www.enerjigazetesi.ist\/wp-content\/uploads\/2018\/01\/suudi-arabistan-ve-amerika-nukleer-gorusmelere-baslayacak.jpg 620w\" sizes=\"(max-width: 300px) 100vw, 300px\" \/>Amerikal\u0131 in\u015faat \u015firketleri ile anla\u015fma sa\u011flamas\u0131 durumunda, ayr\u0131ca Washington ile de bar\u0131\u015f\u00e7\u0131l n\u00fckleer i\u015fbirli\u011fi anla\u015fmas\u0131 imzalamas\u0131 gerekti\u011fi belirtiliyor. Bu anla\u015fma Washington\u2019un partnerlerinin uranyumu sadece enerji \u00fcretimi i\u00e7in kullanaca\u011f\u0131na ve askeri silah geli\u015ftirmek i\u00e7in kullanamayaca\u011f\u0131na dair maddeler i\u00e7eriyor.<\/p>\n<p>Suudi Arabistan \u015fimdiye kadar, kendisini uranyumun askeri ama\u00e7lar i\u00e7in kullan\u0131m\u0131ndan mahrum b\u0131rakacak anla\u015fmalara yana\u015fm\u0131yordu. Ancak \u015fimdi yap\u0131lan a\u00e7\u0131klamada, uranyumu askeri ama\u00e7lar i\u00e7in kullanmak gibi bir d\u00fc\u015f\u00fcncelerinin olmad\u0131\u011f\u0131, n\u00fckleer g\u00fcc\u00fcn bar\u0131\u015f\u00e7\u0131l taraflar\u0131na odaklan\u0131ld\u0131\u011f\u0131 ve sadece enerji \u00fcretimi yap\u0131laca\u011f\u0131 belirtildi.<\/p>\n<p>Said Al-Faih,\u2019\u2019 Y\u00fcksek miktarda uranyum yataklar\u0131m\u0131z var, onlar\u0131 ke\u015ffediyoruz. Kaynaklar\u0131m\u0131z\u0131 \u00e7\u0131kart\u0131p petrol ve gazda yapt\u0131\u011f\u0131m\u0131z gibi enerji \u00fcretimi i\u00e7in teknoloji geli\u015ftirece\u011fiz\u2019\u2019 \u015feklinde konu\u015ftu.<\/p>\n<p>Riyad 2032\u2019ye kadar,17.6 GW kapasiteli yakla\u015f\u0131k 16 reakt\u00f6re sahip olmas\u0131 beklenen n\u00fckleer tesis in\u015fa etmeyi planl\u0131yor<\/p>","protected":false},"excerpt":{"rendered":"<p>Sorry, this entry is only available in Turkish. For the sake of viewer convenience, the content is shown below in the alternative language. You may click the link to switch the active language.Enerji bakan\u0131 Khalid al-Falih, Reuters\u2019a verdi\u011fi r\u00f6portajda \u2018\u2019Bu anla\u015fma Amerikal\u0131 in\u015faat\u00a0\u015firketlerinin,2018 y\u0131l\u0131 itibariyle iki n\u00fckleer reakt\u00f6r in\u015faat\u0131 i\u00e7in teklif vermesine olanak sa\u011flayacak\u2019\u2019 dedi. [&hellip;]<\/p>\n","protected":false},"author":1,"featured_media":70570,"comment_status":"open","ping_status":"open","sticky":false,"template":"","format":"standard","meta":[],"categories":[53,43],"tags":[3512,67,1009,23134,25480,34930,1463],"views":1005,"_links":{"self":[{"href":"https:\/\/www.enerjigazetesi.ist\/en\/wp-json\/wp\/v2\/posts\/70569"}],"collection":[{"href":"https:\/\/www.enerjigazetesi.ist\/en\/wp-json\/wp\/v2\/posts"}],"about":[{"href":"https:\/\/www.enerjigazetesi.ist\/en\/wp-json\/wp\/v2\/types\/post"}],"author":[{"embeddable":true,"href":"https:\/\/www.enerjigazetesi.ist\/en\/wp-json\/wp\/v2\/users\/1"}],"replies":[{"embeddable":true,"href":"https:\/\/www.enerjigazetesi.ist\/en\/wp-json\/wp\/v2\/comments?post=70569"}],"version-history":[{"count":1,"href":"https:\/\/www.enerjigazetesi.ist\/en\/wp-json\/wp\/v2\/posts\/70569\/revisions"}],"predecessor-version":[{"id":70571,"href":"https:\/\/www.enerjigazetesi.ist\/en\/wp-json\/wp\/v2\/posts\/70569\/revisions\/70571"}],"wp:featuredmedia":[{"embeddable":true,"href":"https:\/\/www.enerjigazetesi.ist\/en\/wp-json\/wp\/v2\/media\/70570"}],"wp:attachment":[{"href":"https:\/\/www.enerjigazetesi.ist\/en\/wp-json\/wp\/v2\/media?parent=70569"}],"wp:term":[{"taxonomy":"category","embeddable":true,"href":"https:\/\/www.enerjigazetesi.ist\/en\/wp-json\/wp\/v2\/categories?post=70569"},{"taxonomy":"post_tag","embeddable":true,"href":"https:\/\/www.enerjigazetesi.ist\/en\/wp-json\/wp\/v2\/tags?post=70569"}],"curies":[{"name":"wp","href":"https:\/\/api.w.org\/{rel}","templated":true}]}}