{"id":70527,"date":"2018-01-06T12:54:30","date_gmt":"2018-01-06T09:54:30","guid":{"rendered":"https:\/\/www.enerjigazetesi.ist\/?p=70527"},"modified":"2018-01-06T12:54:30","modified_gmt":"2018-01-06T09:54:30","slug":"suudi-arabistan-enerji-bakani-zamlara-ragmen-en-ucuz-benzin-bizde","status":"publish","type":"post","link":"https:\/\/www.enerjigazetesi.ist\/en\/suudi-arabistan-enerji-bakani-zamlara-ragmen-en-ucuz-benzin-bizde\/","title":{"rendered":"(Turkish) Suudi Arabistan Enerji Bakan\u0131: \u201cZamlara Ra\u011fmen En Ucuz Benzin Bizde\u201d"},"content":{"rendered":"<p class=\"qtranxs-available-languages-message qtranxs-available-languages-message-en\">Sorry, this entry is only available in <a href=\"https:\/\/www.enerjigazetesi.ist\/tr\/wp-json\/wp\/v2\/posts\/70527\" class=\"qtranxs-available-language-link qtranxs-available-language-link-tr\" title=\"Turkish\">Turkish<\/a>. For the sake of viewer convenience, the content is shown below in the alternative language. You may click the link to switch the active language.<\/p><p><strong>Enerji Bakan\u0131 Falih, son zamlara ra\u011fmen \u00fclkedeki benzin fiyatlar\u0131n\u0131n di\u011fer \u00fclkelere g\u00f6re <img loading=\"lazy\" class=\"alignleft size-medium wp-image-30512\" src=\"https:\/\/www.enerjigazetesi.ist\/wp-content\/uploads\/2014\/08\/akaryak\u0131t-benzin-pompa-2872378323-300x200.jpg\" alt=\"\" width=\"300\" height=\"200\" srcset=\"https:\/\/www.enerjigazetesi.ist\/wp-content\/uploads\/2014\/08\/akaryak\u0131t-benzin-pompa-2872378323-300x200.jpg 300w, https:\/\/www.enerjigazetesi.ist\/wp-content\/uploads\/2014\/08\/akaryak\u0131t-benzin-pompa-2872378323-500x333.jpg 500w, https:\/\/www.enerjigazetesi.ist\/wp-content\/uploads\/2014\/08\/akaryak\u0131t-benzin-pompa-2872378323-75x50.jpg 75w, https:\/\/www.enerjigazetesi.ist\/wp-content\/uploads\/2014\/08\/akaryak\u0131t-benzin-pompa-2872378323.jpg 870w\" sizes=\"(max-width: 300px) 100vw, 300px\" \/>daha ucuz oldu\u011funu dile getirdi.<\/strong><\/p>\n<p><span id=\"more-96853\"><\/span>Falih, Suudi Arabistan resmi televizyonunda yapt\u0131\u011f\u0131 a\u00e7\u0131klamada, son zamlara ra\u011fmen Suudi Arabistan\u2019daki benzin fiyatlar\u0131n\u0131n di\u011fer \u00fclkelerden daha ucuz oldu\u011funu ifade ederek, \u201cBirle\u015fik Arap Emirlikleri, Katar ve Umman\u2019da fiyatlar daha y\u00fcksek.\u201d dedi. Enerji fiyatlar\u0131ndaki art\u0131\u015f\u0131n gerekli oldu\u011funa dikkati \u00e7eken Falih, yerel ekonomiyi g\u00fc\u00e7 duruma sokan t\u00fcketim oranlar\u0131 nedeniyle bunun yap\u0131lmas\u0131 gerekti\u011fini anlatt\u0131. Bakan Falih, Suudi Arabistan\u2019\u0131n g\u00fcnl\u00fck 4,7 milyon varil petrol t\u00fcketti\u011fini, bunun \u00fclkenin petrol ve gaz \u00fcretiminin y\u00fczde 35\u2019ini te\u015fkil etti\u011fini dile getirdi.<\/p>\n<p>Suudi Arabistan, y\u0131l ba\u015f\u0131nda benzin fiyatlar\u0131na y\u00fczde 82 ila y\u00fczde 126 zam yapm\u0131\u015ft\u0131. Buna g\u00f6re 0,75 riyal olan 91 oktan benzinin litre fiyat\u0131 y\u00fczde 82 zamla 1,37 riyale, 95 oktan\u0131nki ise y\u00fczde 126 zamla 0,90 riyalden 2,04 riyale \u00e7\u0131km\u0131\u015ft\u0131.<\/p>","protected":false},"excerpt":{"rendered":"<p>Sorry, this entry is only available in Turkish. For the sake of viewer convenience, the content is shown below in the alternative language. You may click the link to switch the active language.Enerji Bakan\u0131 Falih, son zamlara ra\u011fmen \u00fclkedeki benzin fiyatlar\u0131n\u0131n di\u011fer \u00fclkelere g\u00f6re daha ucuz oldu\u011funu dile getirdi. Falih, Suudi Arabistan resmi televizyonunda yapt\u0131\u011f\u0131 [&hellip;]<\/p>\n","protected":false},"author":1,"featured_media":36617,"comment_status":"open","ping_status":"open","sticky":false,"template":"","format":"standard","meta":[],"categories":[53,44],"tags":[35344,2142,734,36469,67,1009,59,34935,34936,1463,36468],"views":788,"_links":{"self":[{"href":"https:\/\/www.enerjigazetesi.ist\/en\/wp-json\/wp\/v2\/posts\/70527"}],"collection":[{"href":"https:\/\/www.enerjigazetesi.ist\/en\/wp-json\/wp\/v2\/posts"}],"about":[{"href":"https:\/\/www.enerjigazetesi.ist\/en\/wp-json\/wp\/v2\/types\/post"}],"author":[{"embeddable":true,"href":"https:\/\/www.enerjigazetesi.ist\/en\/wp-json\/wp\/v2\/users\/1"}],"replies":[{"embeddable":true,"href":"https:\/\/www.enerjigazetesi.ist\/en\/wp-json\/wp\/v2\/comments?post=70527"}],"version-history":[{"count":1,"href":"https:\/\/www.enerjigazetesi.ist\/en\/wp-json\/wp\/v2\/posts\/70527\/revisions"}],"predecessor-version":[{"id":70528,"href":"https:\/\/www.enerjigazetesi.ist\/en\/wp-json\/wp\/v2\/posts\/70527\/revisions\/70528"}],"wp:featuredmedia":[{"embeddable":true,"href":"https:\/\/www.enerjigazetesi.ist\/en\/wp-json\/wp\/v2\/media\/36617"}],"wp:attachment":[{"href":"https:\/\/www.enerjigazetesi.ist\/en\/wp-json\/wp\/v2\/media?parent=70527"}],"wp:term":[{"taxonomy":"category","embeddable":true,"href":"https:\/\/www.enerjigazetesi.ist\/en\/wp-json\/wp\/v2\/categories?post=70527"},{"taxonomy":"post_tag","embeddable":true,"href":"https:\/\/www.enerjigazetesi.ist\/en\/wp-json\/wp\/v2\/tags?post=70527"}],"curies":[{"name":"wp","href":"https:\/\/api.w.org\/{rel}","templated":true}]}}