{"id":70503,"date":"2018-01-03T23:58:48","date_gmt":"2018-01-03T20:58:48","guid":{"rendered":"https:\/\/www.enerjigazetesi.ist\/?p=70503"},"modified":"2018-01-03T23:58:48","modified_gmt":"2018-01-03T20:58:48","slug":"bedas-2017-yilinin-enlerini-acikladi","status":"publish","type":"post","link":"https:\/\/www.enerjigazetesi.ist\/en\/bedas-2017-yilinin-enlerini-acikladi\/","title":{"rendered":"(Turkish) Beda\u015f, 2017 Y\u0131l\u0131n\u0131n &#8216;En&#8217;lerini A\u00e7\u0131klad\u0131"},"content":{"rendered":"<p class=\"qtranxs-available-languages-message qtranxs-available-languages-message-en\">Sorry, this entry is only available in <a href=\"https:\/\/www.enerjigazetesi.ist\/tr\/wp-json\/wp\/v2\/posts\/70503\" class=\"qtranxs-available-language-link qtranxs-available-language-link-tr\" title=\"Turkish\">Turkish<\/a>. For the sake of viewer convenience, the content is shown below in the alternative language. You may click the link to switch the active language.<\/p><p><strong>\u0130stanbul Avrupa Yakas\u0131\u2019nda 5 milyonu a\u015fk\u0131n aboneye elektrik da\u011f\u0131t\u0131m hizmeti veren Bo\u011fazi\u00e7i Elektrik Da\u011f\u0131t\u0131m A.\u015e. (BEDA\u015e), 2017 y\u0131l\u0131 toplam t\u00fcketim rakam\u0131, rekor ve dip noktalar ile yeni ba\u011flant\u0131 say\u0131lar\u0131n\u0131 i\u00e7eren \u00f6zel bir \u00e7al\u0131\u015fma haz\u0131rlad\u0131. BEDA\u015e\u2019\u0131n rakamlar\u0131na g\u00f6re 2017\u2019de \u0130stanbul Avrupa Yakas\u0131\u2019nda elektrik t\u00fcketimi, 2016\u2019ya g\u00f6re y\u00fczde 3,6\u2019l\u0131k bir art\u0131\u015fla 25 milyar 710 milyon kilovat saatten (kWh), 26 milyar 643 milyon kWh\u2019ye ula\u015ft\u0131. Y\u0131l i\u00e7inde t\u00fcketim rekoru 15 \u015eubat \u00c7ar\u015famba g\u00fcn\u00fc k\u0131r\u0131ld\u0131. S\u00f6z konusu tarihte \u0130stanbul\u2019u etkisi alt\u0131na alan kar ya\u011f\u0131\u015f\u0131 ile birlikte Avrupa Yakas\u0131\u2019na elektrik t\u00fcketimi patlama yaparak g\u00fcnl\u00fck 91 milyon 497 bin kWh ile y\u0131l\u0131n zirve noktas\u0131n\u0131 g\u00f6rd\u00fc.<\/strong><\/p>\n<p><strong>Z\u0130RVEYE G\u00d6RE T\u00dcKET\u0130M Y\u00dcZDE 53,2 D\u00dc\u015eT\u00dc<\/strong><\/p>\n<p>2017\u2019de 10 g\u00fcne uzayan Kurban Bayram\u0131 tatilinde adeta bo\u015falan \u0130stanbul\u2019da elektrik t\u00fcketimi de dip yapt\u0131.\u00a01 Eyl\u00fcl Cuma g\u00fcn\u00fc elektrik t\u00fcketimi 42,3 milyon kWh ile en d\u00fc\u015f\u00fck seviyeyi g\u00f6rd\u00fc. Zirve nokta <img loading=\"lazy\" class=\"alignleft size-medium wp-image-70504\" src=\"https:\/\/www.enerjigazetesi.ist\/wp-content\/uploads\/2018\/01\/bedas-2017-yilinin-enlerini-acikladi-300x200.jpg\" alt=\"\" width=\"300\" height=\"200\" srcset=\"https:\/\/www.enerjigazetesi.ist\/wp-content\/uploads\/2018\/01\/bedas-2017-yilinin-enlerini-acikladi-300x200.jpg 300w, https:\/\/www.enerjigazetesi.ist\/wp-content\/uploads\/2018\/01\/bedas-2017-yilinin-enlerini-acikladi-768x511.jpg 768w, https:\/\/www.enerjigazetesi.ist\/wp-content\/uploads\/2018\/01\/bedas-2017-yilinin-enlerini-acikladi-1024x682.jpg 1024w, https:\/\/www.enerjigazetesi.ist\/wp-content\/uploads\/2018\/01\/bedas-2017-yilinin-enlerini-acikladi-500x333.jpg 500w, https:\/\/www.enerjigazetesi.ist\/wp-content\/uploads\/2018\/01\/bedas-2017-yilinin-enlerini-acikladi-75x50.jpg 75w, https:\/\/www.enerjigazetesi.ist\/wp-content\/uploads\/2018\/01\/bedas-2017-yilinin-enlerini-acikladi.jpg 1226w\" sizes=\"(max-width: 300px) 100vw, 300px\" \/>olan 15 \u015eubat 2017 tarihi baz al\u0131nd\u0131\u011f\u0131nda 1 Eyl\u00fcl g\u00fcn\u00fc elektrik t\u00fcketiminde y\u00fczde 53,2\u2019lik bir d\u00fc\u015f\u00fc\u015f g\u00f6zlendi. Y\u0131l\u0131n ikinci en d\u00fc\u015f\u00fck t\u00fcketimi de Kurban Bayram\u0131\u2019n\u0131n ikinci g\u00fcn\u00fc olan 2 Eyl\u00fcl 2017 tarihinde ya\u015fand\u0131. O g\u00fcn toplam t\u00fcketim sadece 44 milyon kWh\u2019ye ula\u015fabildi.<\/p>\n<p><strong>EN Y\u00dcKSEK T\u00dcKET\u0130M OCAK AYINDA<\/strong><\/p>\n<p>Ayl\u0131k bazda bak\u0131ld\u0131\u011f\u0131nda ise 2017 y\u0131l\u0131nda en y\u00fcksek elektrik t\u00fcketimi 2 milyar 528 milyon kWh ile Ocak ay\u0131nda g\u00f6zlendi. \u0130kinci en y\u00fcksek t\u00fcketim 2 milyar 392 milyon kWh ile Aral\u0131k ay\u0131nda ya\u015fand\u0131. Y\u0131l i\u00e7inde elektrik t\u00fcketiminin en d\u00fc\u015f\u00fck oldu\u011fu ay da Haziran oldu. Haziran\u2019da t\u00fcketim 1 milyar 982 milyon kWh ile y\u0131l\u0131n en d\u00fc\u015f\u00fck seviyesine gerilerken bu harekette Ramazan Bayram\u0131\u2019n\u0131n da etkisi y\u00fcksek oldu. Ocak ay\u0131na g\u00f6re Haziran\u2019da t\u00fcketim y\u00fczde 21,59 gibi bir oranda d\u00fc\u015f\u00fck ger\u00e7ekle\u015fti.<\/p>\n<p><strong>EN FAZLA YEN\u0130 ABONE ESENYURT\u2019TAN <\/strong><\/p>\n<p>Ayda 16 bin yeni yap\u0131n\u0131n elektrik da\u011f\u0131t\u0131m hizmetine dahil oldu\u011fu \u0130stanbul Avrupa Yakas\u0131\u2019nda y\u0131l i\u00e7inde en y\u00fcksek ba\u011flant\u0131n\u0131n yap\u0131ld\u0131\u011f\u0131 il\u00e7e de Esenyurt oldu. Y\u0131l i\u00e7inde toplam 187 bin 568 yeni abone, elektrik da\u011f\u0131t\u0131m hizmeti almaya ba\u015flarken bunun y\u00fczde 27.8\u2019ine denk gelen 52 bin 204\u2019\u00fc Esenyurt\u2019tan geldi. Onu 15 bin 685 ile K\u00fc\u00e7\u00fck\u00e7ekmece ve 11 bin 975 ile Ba\u015fak\u015fehir izledi. En az yeni abonelik ise Be\u015fikta\u015f ve \u00c7atalca\u2019da g\u00f6r\u00fcld\u00fc.<\/p>\n<p><strong>\u2018T\u00dcKET\u0130M ALI\u015eKANLARINI YAKINDAN TAK\u0130P ED\u0130YORUZ\u2019<\/strong><\/p>\n<p>Abonelerin t\u00fcketim al\u0131\u015fkanlar\u0131n\u0131 yak\u0131ndan izlediklerini ve i\u015f planlar\u0131n\u0131 buna g\u00f6re yapt\u0131klar\u0131n\u0131 dile getiren BEDA\u015e Genel M\u00fcd\u00fcr\u00fc Murat Yi\u011fit, \u201cElektrik da\u011f\u0131t\u0131m \u015firketleri i\u00e7in k\u0131\u015f aylar\u0131 daha s\u0131k\u0131nt\u0131l\u0131 ge\u00e7er. Bizler bu d\u00f6nemlerde meteorolojiden gelen haberlere g\u00f6re sahadaki ekiplerimizin say\u0131s\u0131n\u0131 art\u0131r\u0131p yo\u011fun kar ve f\u0131rt\u0131na g\u00fcnleri \u00f6ncesinde alarm durumuna ge\u00e7eriz. Yine yaz aylar\u0131nda a\u015f\u0131r\u0131 s\u0131caklarda klima kullan\u0131m\u0131 nedeniyle t\u00fcketim art\u0131\u015f\u0131na kar\u015f\u0131 tedbirlerimizi \u00f6nceden almak \u00fczere \u00e7al\u0131\u015fma yapar\u0131z. Bu s\u0131rada ge\u00e7mi\u015f y\u0131llardaki t\u00fcketici davran\u0131\u015flar\u0131 da bize yol g\u00f6sterir\u201d dedi.<\/p>\n<p><strong>YATIRIM PLANLARIMIZA YOL G\u00d6STER\u0130YOR<\/strong><\/p>\n<p>\u0130stanbul Avrupa Yakas\u0131\u2019nda elektrik t\u00fcketiminin bir\u00e7ok Avrupa \u00fclkesinden \u00e7ok daha fazla oldu\u011funa da i\u015faret eden Yi\u011fit, s\u00f6zlerine \u015f\u00f6yle devam etti: \u201cAvrupa\u2019da bir\u00e7ok kent art\u0131k b\u00fcy\u00fcmeyen bir yap\u0131ya sahip. Oysa \u0130stanbul\u2019un n\u00fcfusu s\u00fcrekli art\u0131yor. BEDA\u015e olarak ayda 16 bin yeni yap\u0131 sisteme dahil oluyor. Yeni yap\u0131 aboneliklerimizi takip etti\u011fimizde kar\u015f\u0131m\u0131za Esenyurt, K\u00fc\u00e7\u00fck\u00e7ekmece, Ba\u015fak\u015fehir gibi yap\u0131la\u015fman\u0131n artt\u0131\u011f\u0131 b\u00f6lgeler \u00e7\u0131k\u0131yor. Bu veriler bizim i\u00e7in \u00e7ok de\u011ferli. T\u00fcm bu geli\u015fmeleri de takip ederek yat\u0131r\u0131m planlar\u0131m\u0131z\u0131 yaparken de\u011ferlendirmeye al\u0131yoruz. \u0130stanbul halk\u0131na 7\/24 kesintisiz ve kaliteli hizmet vermek amac\u0131yla yapt\u0131\u011f\u0131m\u0131z yat\u0131r\u0131mlara t\u00fcm bunlar yol g\u00f6steriyor.\u201d<\/p>","protected":false},"excerpt":{"rendered":"<p>Sorry, this entry is only available in Turkish. For the sake of viewer convenience, the content is shown below in the alternative language. You may click the link to switch the active language.\u0130stanbul Avrupa Yakas\u0131\u2019nda 5 milyonu a\u015fk\u0131n aboneye elektrik da\u011f\u0131t\u0131m hizmeti veren Bo\u011fazi\u00e7i Elektrik Da\u011f\u0131t\u0131m A.\u015e. (BEDA\u015e), 2017 y\u0131l\u0131 toplam t\u00fcketim rakam\u0131, rekor ve [&hellip;]<\/p>\n","protected":false},"author":1,"featured_media":70504,"comment_status":"open","ping_status":"open","sticky":false,"template":"","format":"standard","meta":[],"categories":[51,53],"tags":[1506,8058,34979,19638,34980,26353,67,1009,32927],"views":1279,"_links":{"self":[{"href":"https:\/\/www.enerjigazetesi.ist\/en\/wp-json\/wp\/v2\/posts\/70503"}],"collection":[{"href":"https:\/\/www.enerjigazetesi.ist\/en\/wp-json\/wp\/v2\/posts"}],"about":[{"href":"https:\/\/www.enerjigazetesi.ist\/en\/wp-json\/wp\/v2\/types\/post"}],"author":[{"embeddable":true,"href":"https:\/\/www.enerjigazetesi.ist\/en\/wp-json\/wp\/v2\/users\/1"}],"replies":[{"embeddable":true,"href":"https:\/\/www.enerjigazetesi.ist\/en\/wp-json\/wp\/v2\/comments?post=70503"}],"version-history":[{"count":1,"href":"https:\/\/www.enerjigazetesi.ist\/en\/wp-json\/wp\/v2\/posts\/70503\/revisions"}],"predecessor-version":[{"id":70505,"href":"https:\/\/www.enerjigazetesi.ist\/en\/wp-json\/wp\/v2\/posts\/70503\/revisions\/70505"}],"wp:featuredmedia":[{"embeddable":true,"href":"https:\/\/www.enerjigazetesi.ist\/en\/wp-json\/wp\/v2\/media\/70504"}],"wp:attachment":[{"href":"https:\/\/www.enerjigazetesi.ist\/en\/wp-json\/wp\/v2\/media?parent=70503"}],"wp:term":[{"taxonomy":"category","embeddable":true,"href":"https:\/\/www.enerjigazetesi.ist\/en\/wp-json\/wp\/v2\/categories?post=70503"},{"taxonomy":"post_tag","embeddable":true,"href":"https:\/\/www.enerjigazetesi.ist\/en\/wp-json\/wp\/v2\/tags?post=70503"}],"curies":[{"name":"wp","href":"https:\/\/api.w.org\/{rel}","templated":true}]}}